{"id":24578,"date":"2025-08-11T09:13:12","date_gmt":"2025-08-11T09:13:12","guid":{"rendered":"https:\/\/www.europesays.com\/pt\/24578\/"},"modified":"2025-08-11T09:13:12","modified_gmt":"2025-08-11T09:13:12","slug":"video-darwin-marca-na-estreia-pelo-al-hilal","status":"publish","type":"post","link":"https:\/\/www.europesays.com\/pt\/24578\/","title":{"rendered":"V\u00cdDEO: Darwin marca na estreia pelo Al Hilal"},"content":{"rendered":"<p>Darwin N\u00fa\u00f1ez j\u00e1 marca pelo Al Hilal. O avan\u00e7ado uruguaio, recorde-se, <a href=\"https:\/\/maisfutebol.iol.pt\/transferencias\/darwin-nunez\/oficial-darwin-nunez-troca-liverpool-pelo-al-hilal\" rel=\"nofollow noopener\" target=\"_blank\">trocou o Liverpool pelos sauditas por mais de 50 milh\u00f5es de euros<\/a>.<\/p>\n<p>O antigo jogador do Benfica fez o primeiro jogo pelo Al Hilal este domingo. Numa partida de prepara\u00e7\u00e3o, a equipa orientada por Simone Inzaghi goleou os austr\u00edacos do Aarau por 6-0 com R\u00faben Neves e Jo\u00e3o Cancelo a titulares.\u00a0<\/p>\n<p>Ao intervalo os sauditas j\u00e1 ganhavam por 3-0 com auto-golo de Victor Petit (21m) e golos de Savic (24m) e Malcom (29m). Na segunda metade, o treinador italiano mudou todos os jogadores que alinharam no onze inicial, promovendo a estreia de Darwin com as cores do Al Hilal.<\/p>\n<p>Mohamed Kanno bisou (50m e 65m) na segunda parte, antes de Darwin (87m) estrear-se a marcar pelo novo clube para fixar o 6-0 no marcador.<\/p>\n<p><strong>Ora veja o golo do uruguaio:\u00a0<\/strong><\/p>\n","protected":false},"excerpt":{"rendered":"Darwin N\u00fa\u00f1ez j\u00e1 marca pelo Al Hilal. O avan\u00e7ado uruguaio, recorde-se, trocou o Liverpool pelos sauditas por mais&hellip;\n","protected":false},"author":2,"featured_media":24579,"comment_status":"","ping_status":"","sticky":false,"template":"","format":"standard","meta":{"footnotes":""},"categories":[87],"tags":[8483,5406,8450,7265,135,4734,82,46,8356,32,919,33,47,4219,527,8484,5434,5920,134],"class_list":{"0":"post-24578","1":"post","2":"type-post","3":"status-publish","4":"format-standard","5":"has-post-thumbnail","7":"category-desporto","8":"tag-aarau","9":"tag-al-hilal","10":"tag-amigavel","11":"tag-darwin-nunez","12":"tag-desporto","13":"tag-estreia","14":"tag-internacional","15":"tag-maisfutebol","16":"tag-maisfutebol-resultados","17":"tag-portugal","18":"tag-pre-epoca","19":"tag-pt","20":"tag-pura-paixao","21":"tag-resultado-final","22":"tag-resultados","23":"tag-resultados-de-hoje","24":"tag-resultados-hoje","25":"tag-resultados-maisfutebol","26":"tag-sports"},"share_on_mastodon":{"url":"","error":""},"_links":{"self":[{"href":"https:\/\/www.europesays.com\/pt\/wp-json\/wp\/v2\/posts\/24578","targetHints":{"allow":["GET"]}}],"collection":[{"href":"https:\/\/www.europesays.com\/pt\/wp-json\/wp\/v2\/posts"}],"about":[{"href":"https:\/\/www.europesays.com\/pt\/wp-json\/wp\/v2\/types\/post"}],"author":[{"embeddable":true,"href":"https:\/\/www.europesays.com\/pt\/wp-json\/wp\/v2\/users\/2"}],"replies":[{"embeddable":true,"href":"https:\/\/www.europesays.com\/pt\/wp-json\/wp\/v2\/comments?post=24578"}],"version-history":[{"count":0,"href":"https:\/\/www.europesays.com\/pt\/wp-json\/wp\/v2\/posts\/24578\/revisions"}],"wp:featuredmedia":[{"embeddable":true,"href":"https:\/\/www.europesays.com\/pt\/wp-json\/wp\/v2\/media\/24579"}],"wp:attachment":[{"href":"https:\/\/www.europesays.com\/pt\/wp-json\/wp\/v2\/media?parent=24578"}],"wp:term":[{"taxonomy":"category","embeddable":true,"href":"https:\/\/www.europesays.com\/pt\/wp-json\/wp\/v2\/categories?post=24578"},{"taxonomy":"post_tag","embeddable":true,"href":"https:\/\/www.europesays.com\/pt\/wp-json\/wp\/v2\/tags?post=24578"}],"curies":[{"name":"wp","href":"https:\/\/api.w.org\/{rel}","templated":true}]}}