{"id":245969,"date":"2026-01-27T02:03:17","date_gmt":"2026-01-27T02:03:17","guid":{"rendered":"https:\/\/www.europesays.com\/pt\/245969\/"},"modified":"2026-01-27T02:03:17","modified_gmt":"2026-01-27T02:03:17","slug":"noticia-ultima-semana-de-vacinacao-contra-a-dengue-em-botucatu-quase-30-mil-doses-ja-foram-aplicadas","status":"publish","type":"post","link":"https:\/\/www.europesays.com\/pt\/245969\/","title":{"rendered":"Not\u00edcia &#8211; \u00daltima semana de vacina\u00e7\u00e3o contra a dengue em Botucatu; quase 30 mil doses j\u00e1 foram aplicadas"},"content":{"rendered":"<p>Munic\u00edpio refor\u00e7a postos de vacina\u00e7\u00e3o e realiza \u00faltimo Dia D no s\u00e1bado, 31 de janeiro.<\/p>\n<p>Botucatu entra na \u00faltima semana da campanha de vacina\u00e7\u00e3o contra a dengue, refor\u00e7ando o chamado para que a popula\u00e7\u00e3o de 15 a 59 anos que ainda n\u00e3o se vacinou procure os postos de imuniza\u00e7\u00e3o. At\u00e9 o momento, quase 30 mil doses j\u00e1 foram aplicadas, resultado da forte ades\u00e3o da popula\u00e7\u00e3o e do empenho das equipes de sa\u00fade.<\/p>\n<p>\u00a0<\/p>\n<p>Para ampliar ainda mais a cobertura vacinal e avan\u00e7ar na meta necess\u00e1ria para garantir a efic\u00e1cia coletiva da vacina, a Prefeitura de Botucatu realiza no s\u00e1bado, 31 de janeiro, o \u00faltimo Dia D de vacina\u00e7\u00e3o, com atendimento das 8h \u00e0s 17h, em todas as Unidades de Sa\u00fade, no Espa\u00e7o Sa\u00fade e na Escola Cardosinho.<\/p>\n<p>\u00a0<\/p>\n<p>Durante esta semana, a vacina\u00e7\u00e3o segue refor\u00e7ada em todas as unidades de sa\u00fade do munic\u00edpio, al\u00e9m do Espa\u00e7o Sa\u00fade, com atendimento das 8h \u00e0s 16h30, e das salas de vacina\u00e7\u00e3o noturna no Centro de Sa\u00fade Escola da Vila dos Lavradores e na Policl\u00ednica CSI, garantindo mais op\u00e7\u00f5es de hor\u00e1rio para a popula\u00e7\u00e3o.<\/p>\n<p>\u00a0<\/p>\n<p>A vacina contra a dengue \u00e9 de dose \u00fanica, disponibilizada gratuitamente pelo Sistema \u00danico de Sa\u00fade (SUS), possui produ\u00e7\u00e3o 100% nacional e protege contra os quatro sorotipos do v\u00edrus. O imunizante apresenta 74,7% de efic\u00e1cia contra a dengue sintom\u00e1tica e 89% de prote\u00e7\u00e3o contra as formas graves da doen\u00e7a.<\/p>\n<p>\u00a0<\/p>\n<p>A Secretaria Municipal de Sa\u00fade refor\u00e7a que a vacina\u00e7\u00e3o tamb\u00e9m est\u00e1 dispon\u00edvel para profissionais da \u00e1rea da sa\u00fade que trabalham em Botucatu e residem em cidades da regi\u00e3o, mediante apresenta\u00e7\u00e3o de comprovante de v\u00ednculo profissional.<\/p>\n<p>\u00a0<\/p>\n<p>A Prefeitura de Botucatu destaca que vacinar \u00e9 um ato de cuidado coletivo. Quanto maior a cobertura, maior a prote\u00e7\u00e3o da cidade como um todo. Quem ainda n\u00e3o se vacinou deve aproveitar a \u00faltima semana da campanha e, especialmente, o \u00faltimo Dia D, para garantir a imuniza\u00e7\u00e3o contra a dengue.<br \/>\u00a0<\/p>\n","protected":false},"excerpt":{"rendered":"Munic\u00edpio refor\u00e7a postos de vacina\u00e7\u00e3o e realiza \u00faltimo Dia D no s\u00e1bado, 31 de janeiro. Botucatu entra na&hellip;\n","protected":false},"author":2,"featured_media":245970,"comment_status":"","ping_status":"","sticky":false,"template":"","format":"standard","meta":{"footnotes":"","_share_on_mastodon":"0"},"categories":[86],"tags":[34837,1300,116,5231,1133,32,3046,33,117],"class_list":["post-245969","post","type-post","status-publish","format-standard","has-post-thumbnail","category-saude","tag-botucatu","tag-cidade","tag-health","tag-municipal","tag-noticia","tag-portugal","tag-prefeitura","tag-pt","tag-saude"],"share_on_mastodon":{"url":"https:\/\/pubeurope.com\/@pt\/115964608787397541","error":""},"_links":{"self":[{"href":"https:\/\/www.europesays.com\/pt\/wp-json\/wp\/v2\/posts\/245969","targetHints":{"allow":["GET"]}}],"collection":[{"href":"https:\/\/www.europesays.com\/pt\/wp-json\/wp\/v2\/posts"}],"about":[{"href":"https:\/\/www.europesays.com\/pt\/wp-json\/wp\/v2\/types\/post"}],"author":[{"embeddable":true,"href":"https:\/\/www.europesays.com\/pt\/wp-json\/wp\/v2\/users\/2"}],"replies":[{"embeddable":true,"href":"https:\/\/www.europesays.com\/pt\/wp-json\/wp\/v2\/comments?post=245969"}],"version-history":[{"count":0,"href":"https:\/\/www.europesays.com\/pt\/wp-json\/wp\/v2\/posts\/245969\/revisions"}],"wp:featuredmedia":[{"embeddable":true,"href":"https:\/\/www.europesays.com\/pt\/wp-json\/wp\/v2\/media\/245970"}],"wp:attachment":[{"href":"https:\/\/www.europesays.com\/pt\/wp-json\/wp\/v2\/media?parent=245969"}],"wp:term":[{"taxonomy":"category","embeddable":true,"href":"https:\/\/www.europesays.com\/pt\/wp-json\/wp\/v2\/categories?post=245969"},{"taxonomy":"post_tag","embeddable":true,"href":"https:\/\/www.europesays.com\/pt\/wp-json\/wp\/v2\/tags?post=245969"}],"curies":[{"name":"wp","href":"https:\/\/api.w.org\/{rel}","templated":true}]}}