{"id":245983,"date":"2026-01-27T02:13:11","date_gmt":"2026-01-27T02:13:11","guid":{"rendered":"https:\/\/www.europesays.com\/pt\/245983\/"},"modified":"2026-01-27T02:13:11","modified_gmt":"2026-01-27T02:13:11","slug":"francisco-monteiro-abre-o-coracao-e-recebe-mensagem-de-marcia-soares-orgulho-em-ti","status":"publish","type":"post","link":"https:\/\/www.europesays.com\/pt\/245983\/","title":{"rendered":"Francisco Monteiro abre o cora\u00e7\u00e3o e recebe mensagem de Marcia Soares: &#8220;Orgulho em ti&#8221;"},"content":{"rendered":"<p>Depois de um per\u00edodo de afastamento, Francisco Monteiro e Marcia Soares retomaram uma liga\u00e7\u00e3o de amizade e, esta segunda-feira, dia 26, uma nova prova disso mesmo foi dada.<\/p>\n<p>No Instagram, o vencedor do &#8220;<a href=\"https:\/\/tvi.iol.pt\/bigbrother\/\" target=\"_blank\" rel=\"nofollow noopener\">Big Brother<\/a> 2023&#8243;, reality show da <a href=\"https:\/\/tvi.iol.pt\/\" target=\"_blank\" rel=\"nofollow noopener\">TVI<\/a> em que conheceu Marcia Soares, partilhou uma sequ\u00eancia de fotografias em que surge a jogar padel e, na descri\u00e7\u00e3o das mesmas, abriu o cora\u00e7\u00e3o para deixar um desabafo aos seguidores.<\/p>\n<p>&#8220;Passados largos meses, comecei a encontrar felicidade nas pequenas coisas, aprendi a conviver com o sofrimento e abra\u00e7\u00e1-lo em vez de tentar afast\u00e1-lo a todo o custo e isso mudou radicalmente os meus dias. Sinto-me mais leve a todos os n\u00edveis e isso permite-me competir, mesmo quando ainda n\u00e3o me sinto (e n\u00e3o estou) minimamente preparado, porque sem treino ser\u00e1 sempre um tiro no escuro&#8221;, escreveu <a href=\"https:\/\/selfie.iol.pt\/famosos\/marcia-soares\/marcia-soares-esclarece-relacao-com-francisco-monteiro-e-faz-importante-pedido\/20260122\/6971fcd3d34e0ec52ec29039\" target=\"_blank\" rel=\"nofollow noopener\">Francisco Monteiro<\/a>.<\/p>\n<p>&#8220;A vit\u00f3ria estar\u00e1 sempre em ser e estar um bocadinho melhor todos os dias&#8221;, refletiu ainda Zaza, como o nortenho \u00e9 carinhosamente tratado.<\/p>\n<p>Na sec\u00e7\u00e3o de coment\u00e1rios da referida publica\u00e7\u00e3o, Marcia Soares demonstrou o apoio no amigo. &#8220;Orgulho em ti&#8221;, escreveu a comentadora de reality shows da esta\u00e7\u00e3o de Queluz de Baixo, completando com um emoji em forma de cora\u00e7\u00e3o.<\/p>\n<p>Veja, agora, nas galerias que prepar\u00e1mos para si, as melhores imagens de Francisco Monteiro e <a href=\"https:\/\/selfie.iol.pt\/famosos\/marcia-soares\/marcia-soares-nao-cala-a-revolta-estou-farta-farta-farta\/20260126\/697733b5d34e0ec52ec2b240\" target=\"_blank\" rel=\"nofollow noopener\">Marcia Soares<\/a>.<\/p>\n<blockquote class=\"instagram-media\" data-instgrm-captioned=\"\" data-instgrm-permalink=\"https:\/\/www.instagram.com\/p\/DT_Jj0BiNEU\/?utm_source=ig_embed&amp;utm_campaign=loading\" data-instgrm-version=\"14\" style=\" background:#FFF; border:0; border-radius:3px; box-shadow:0 0 1px 0 rgba(0,0,0,0.5),0 1px 10px 0 rgba(0,0,0,0.15); margin: 1px; max-width:540px; min-width:326px; padding:0; width:99.375%; width:-webkit-calc(100% - 2px); width:calc(100% - 2px);\">\n<\/blockquote>\n<p>\u00a0<\/p>\n<p>                        <script async src=\"\/\/www.instagram.com\/embed.js\"><\/script><\/p>\n","protected":false},"excerpt":{"rendered":"Depois de um per\u00edodo de afastamento, Francisco Monteiro e Marcia Soares retomaram uma liga\u00e7\u00e3o de amizade e, esta&hellip;\n","protected":false},"author":2,"featured_media":245984,"comment_status":"","ping_status":"","sticky":false,"template":"","format":"standard","meta":{"footnotes":"","_share_on_mastodon":"0"},"categories":[142],"tags":[6308,6981,48,6982,13933,6980,114,115,6309,980,2071,1015,2038,619,32,33,1014,1012,151,162,6813],"class_list":["post-245983","post","type-post","status-publish","format-standard","has-post-thumbnail","category-tv","tag-bb","tag-bb2023","tag-big-brother","tag-big-brother-2023","tag-comentador","tag-comentadora","tag-entertainment","tag-entretenimento","tag-ex-concorrente","tag-famosos","tag-francisco-monteiro","tag-instagram","tag-marcia-soares","tag-nacional","tag-portugal","tag-pt","tag-reality-show","tag-selfie","tag-tv","tag-tvi","tag-vencedor"],"share_on_mastodon":{"url":"https:\/\/pubeurope.com\/@pt\/115964648006719638","error":""},"_links":{"self":[{"href":"https:\/\/www.europesays.com\/pt\/wp-json\/wp\/v2\/posts\/245983","targetHints":{"allow":["GET"]}}],"collection":[{"href":"https:\/\/www.europesays.com\/pt\/wp-json\/wp\/v2\/posts"}],"about":[{"href":"https:\/\/www.europesays.com\/pt\/wp-json\/wp\/v2\/types\/post"}],"author":[{"embeddable":true,"href":"https:\/\/www.europesays.com\/pt\/wp-json\/wp\/v2\/users\/2"}],"replies":[{"embeddable":true,"href":"https:\/\/www.europesays.com\/pt\/wp-json\/wp\/v2\/comments?post=245983"}],"version-history":[{"count":0,"href":"https:\/\/www.europesays.com\/pt\/wp-json\/wp\/v2\/posts\/245983\/revisions"}],"wp:featuredmedia":[{"embeddable":true,"href":"https:\/\/www.europesays.com\/pt\/wp-json\/wp\/v2\/media\/245984"}],"wp:attachment":[{"href":"https:\/\/www.europesays.com\/pt\/wp-json\/wp\/v2\/media?parent=245983"}],"wp:term":[{"taxonomy":"category","embeddable":true,"href":"https:\/\/www.europesays.com\/pt\/wp-json\/wp\/v2\/categories?post=245983"},{"taxonomy":"post_tag","embeddable":true,"href":"https:\/\/www.europesays.com\/pt\/wp-json\/wp\/v2\/tags?post=245983"}],"curies":[{"name":"wp","href":"https:\/\/api.w.org\/{rel}","templated":true}]}}