{"id":246035,"date":"2026-01-27T02:51:10","date_gmt":"2026-01-27T02:51:10","guid":{"rendered":"https:\/\/www.europesays.com\/pt\/246035\/"},"modified":"2026-01-27T02:51:10","modified_gmt":"2026-01-27T02:51:10","slug":"andre-ventura-vence-entre-emigrantes-na-1a-volta-das-presidenciais","status":"publish","type":"post","link":"https:\/\/www.europesays.com\/pt\/246035\/","title":{"rendered":"Andr\u00e9 Ventura vence entre emigrantes na 1\u00aa volta das presidenciais"},"content":{"rendered":"<p>O apuramento dos 109 consulados, conclu\u00eddo esta segunda-feira, 26, deu a vit\u00f3ria a Andr\u00e9 Ventura na vota\u00e7\u00e3o dos c\u00edrculos da emigra\u00e7\u00e3o para as elei\u00e7\u00f5es presidenciais, seguido por Ant\u00f3nio Jos\u00e9 Seguro, e confirmou-se ainda um aumento da participa\u00e7\u00e3o neste ato eleitoral.<\/p>\n<p>O candidato mais votado no estrangeiro foi Andr\u00e9 Ventura, l\u00edder do Chega, com 40,93%, seguido de Ant\u00f3nio Jos\u00e9 Seguro, candidato apoiado pelo Partido Socialista (PS), com 23,69%, e Jo\u00e3o Cotrim de Figueiredo, apoiado pela Iniciativa Liberal, com 15,88%.<\/p>\n<p>Em quarto ficou Lu\u00eds Marques Mendes, apoiado pelo PSD e CDS, com 7,97%, \u00e0 frente de Henrique Gouveia e Melo com 5,23%.<\/p>\n<p>\u00c0 esquerda, Catarina Martins (BE) teve 2,71%, Jorge Pinto (Livre) 1,27% e Ant\u00f3nio Filipe (PCP) 1,04%.<\/p>\n<p>O cantor Manuel Jo\u00e3o Vieira conseguiu obter 0,93%, sendo que o sindicalista Andr\u00e9 Pestana recolheu 0,31% e Humberto Correia 0,04%.<\/p>\n<p>Segundo os dados do Minist\u00e9rio da Administra\u00e7\u00e3o Interna (MAI), os portugueses emigrantes na Europa, Am\u00e9rica e \u00c1frica deram a vit\u00f3ria a Ventura nesta primeira volta. J\u00e1 na \u00c1sia e Oce\u00e2nia, o mais votado foi Lu\u00eds Marques Mendes.<\/p>\n<p>Nas elei\u00e7\u00f5es presidenciais votaram\u00a072.756 (4,09%) dos 1.777.019 emigrantes inscritos para este escrut\u00ednio, sendo que a taxa de absten\u00e7\u00e3o (95,91%) diminui face \u00e0s \u00faltimas elei\u00e7\u00f5es presidenciais (2021), em que votaram apenas 29.153 (1,88%) dos 1.549.380 emigrantes.<\/p>\n<p>Para estas elei\u00e7\u00f5es presidenciais, o n\u00famero de recenseados aumentou na di\u00e1spora para os 1.777.010, s\u00e3o mais cerca de 192 mil do que nas legislativas de 2025. E mais 227 mil face \u00e0s presidenciais de 2021.<\/p>\n<p>Ant\u00f3nio Jos\u00e9 Seguro e Andr\u00e9 Ventura v\u00e3o disputar a segunda volta das elei\u00e7\u00f5es presidenciais, em 08 de fevereiro, depois de, em 18 de janeiro, o candidato apoiado pelo PS ter conquistado 31,12% dos votos e Ventura, l\u00edder do Chega, obtido 23,52%.<\/p>\n<p>Os portugueses que residem no estrangeiro poder\u00e3o exercer o seu direito de voto em 07 e 08 de fevereiro, para a segunda volta destas elei\u00e7\u00f5es, sendo que apenas o poder\u00e3o fazer presencialmente, o que representa dificuldades acrescidas, dadas as grandes dist\u00e2ncias que em alguns casos t\u00eam de percorrer.<\/p>\n<p>De acordo com uma fonte oficial da Comiss\u00e3o Nacional de Elei\u00e7\u00f5es (CNE), v\u00e3o ser distribu\u00eddos novos boletins de voto, mas alguns emigrantes poder\u00e3o ter de utilizar os boletins da primeira volta se os novos n\u00e3o chegarem a tempo.<\/p>\n","protected":false},"excerpt":{"rendered":"O apuramento dos 109 consulados, conclu\u00eddo esta segunda-feira, 26, deu a vit\u00f3ria a Andr\u00e9 Ventura na vota\u00e7\u00e3o dos&hellip;\n","protected":false},"author":2,"featured_media":88157,"comment_status":"","ping_status":"","sticky":false,"template":"","format":"standard","meta":{"footnotes":"","_share_on_mastodon":"0"},"categories":[10],"tags":[3386,3399,27,28,15,16,14,17460,25,26,21,22,24788,12,13,19,20,32,5215,23,24,33,17,18,29,30,31],"class_list":["post-246035","post","type-post","status-publish","format-standard","has-post-thumbnail","category-portugal","tag-andre-ventura","tag-antonio-jose-seguro","tag-breaking-news","tag-breakingnews","tag-featured-news","tag-featurednews","tag-headlines","tag-joao-cotrim-de-figueiredo","tag-latest-news","tag-latestnews","tag-main-news","tag-mainnews","tag-marques-mendes","tag-news","tag-noticias","tag-noticias-principais","tag-noticiasprincipais","tag-portugal","tag-presidenciais","tag-principais-noticias","tag-principaisnoticias","tag-pt","tag-top-stories","tag-topstories","tag-ultimas","tag-ultimas-noticias","tag-ultimasnoticias"],"share_on_mastodon":{"url":"https:\/\/pubeurope.com\/@pt\/115964797533880680","error":""},"_links":{"self":[{"href":"https:\/\/www.europesays.com\/pt\/wp-json\/wp\/v2\/posts\/246035","targetHints":{"allow":["GET"]}}],"collection":[{"href":"https:\/\/www.europesays.com\/pt\/wp-json\/wp\/v2\/posts"}],"about":[{"href":"https:\/\/www.europesays.com\/pt\/wp-json\/wp\/v2\/types\/post"}],"author":[{"embeddable":true,"href":"https:\/\/www.europesays.com\/pt\/wp-json\/wp\/v2\/users\/2"}],"replies":[{"embeddable":true,"href":"https:\/\/www.europesays.com\/pt\/wp-json\/wp\/v2\/comments?post=246035"}],"version-history":[{"count":0,"href":"https:\/\/www.europesays.com\/pt\/wp-json\/wp\/v2\/posts\/246035\/revisions"}],"wp:featuredmedia":[{"embeddable":true,"href":"https:\/\/www.europesays.com\/pt\/wp-json\/wp\/v2\/media\/88157"}],"wp:attachment":[{"href":"https:\/\/www.europesays.com\/pt\/wp-json\/wp\/v2\/media?parent=246035"}],"wp:term":[{"taxonomy":"category","embeddable":true,"href":"https:\/\/www.europesays.com\/pt\/wp-json\/wp\/v2\/categories?post=246035"},{"taxonomy":"post_tag","embeddable":true,"href":"https:\/\/www.europesays.com\/pt\/wp-json\/wp\/v2\/tags?post=246035"}],"curies":[{"name":"wp","href":"https:\/\/api.w.org\/{rel}","templated":true}]}}