{"id":24621,"date":"2025-08-11T09:54:30","date_gmt":"2025-08-11T09:54:30","guid":{"rendered":"https:\/\/www.europesays.com\/pt\/24621\/"},"modified":"2025-08-11T09:54:30","modified_gmt":"2025-08-11T09:54:30","slug":"amorphis-lanca-dancing-shadow-faixa-de-seu-proximo-disco-de-estudio","status":"publish","type":"post","link":"https:\/\/www.europesays.com\/pt\/24621\/","title":{"rendered":"Amorphis lan\u00e7a &#8220;Dancing Shadow&#8221;, faixa de seu pr\u00f3ximo disco de est\u00fadio"},"content":{"rendered":"<p>O <a href=\"https:\/\/whiplash.net\/bandas\/a\/amorphis.html\" class=\"hotwords\" rel=\"nofollow noopener\" target=\"_blank\">Amorphis<\/a> divulgou nesta sexta-feira (8 de agosto) o single &#8220;Dancing Shadow&#8221;, faixa que integra o \u00e1lbum &#8220;Borderland&#8221;, pr\u00f3ximo trabalho de est\u00fadio da veterana banda finlandesa. Sucessor de &#8220;Halo&#8221; (2022), o novo disco ser\u00e1 lan\u00e7ado no dia 26 de setembro deste ano, pela gravadora Reigning Phoenix Music.<\/p>\n<p><a href=\"https:\/\/whiplash.net\/bandas\/a\/amorphis.html\" class=\"linkBotao\" rel=\"nofollow noopener\" target=\"_blank\">Amorphis &#8211; Mais Novidades<\/a><br \/><a target=\"_blank\" href=\"https:\/\/www.europesays.com\/pt\/wp-content\/uploads\/2025\/08\/amorphis_promo_por_sam_jamsen.jpg\"><img loading=\"lazy\" decoding=\"async\" src=\"https:\/\/www.europesays.com\/pt\/wp-content\/uploads\/2025\/08\/amorphis_promo_por_sam_jamsen.jpg\" class=\"widthConstrained\" width=\"700\" height=\"534\" alt=\"Foto: Sam Jamsen - Grey Beard\"\/><\/a>Foto: Sam Jamsen &#8211; Grey Beard<\/p>\n<p>CONTINUA DEPOIS DA PUBLICIDADE &#8211; CLI<\/p>\n<p>&#13;<br \/>\n&#13;<br \/>\n&#13;<br \/>\n&#13;<br \/>\n&#13;<br \/>\n&#13;<br \/>\n&#13;<br \/>\n&#13;<br \/>\n<a href=\"https:\/\/whiplash.net\/materias\/whiplash\/027002.html\" rel=\"nofollow noopener\" target=\"_blank\"><img decoding=\"async\" src=\"https:\/\/www.europesays.com\/pt\/wp-content\/uploads\/2025\/08\/1754704269_488_anunciar_diabo_336x280.gif\" loading=\"lazy\" width=\"336\" height=\"280\" class=\"widthConstrained\" style=\"background-color:#000000;display:block;\" alt=\"Anunciar bandas e shows de Rock e Heavy Metal\"\/><\/a>&#13;<\/p>\n<p>Em nota publicada no site <a href=\"https:\/\/blabbermouth.net\/news\/amorphis-shares-music-video-for-dancing-shadow-from-upcoming-borderland-album\" rel=\"nofollow noopener\" target=\"_blank\">Blabbermouth<\/a>, o guitarrista Esa Holopainen revelou que a faixa chegou a ter outro nome durante o processo de cria\u00e7\u00e3o: &#8220;O t\u00edtulo provis\u00f3rio de \u2018Dancing Shadow\u2019 era &#8216;Disco Tiger&#8217;. Musicalmente, representa a pegada e os ganchos que s\u00e3o elementos familiares em nossa m\u00fasica h\u00e1 muito tempo. Em termos de som, ficou at\u00e9 moderno. Aposto que essa m\u00fasica vai balan\u00e7ar suas pernas na pista de dan\u00e7a \u2014 em uma discoteca de metal, \u00e9 claro&#8221;.<\/p>\n<p>O v\u00eddeo de &#8220;Dancing Shadow&#8221; pode ser assistido no player a seguir. A faixa tamb\u00e9m j\u00e1 est\u00e1 dispon\u00edvel nas principais plataformas de streaming.<\/p>\n<p>CONTINUA DEPOIS DA PUBLICIDADE &#8211; GOO<\/p>\n<p>&#13;<br \/>\n&#13;<br \/>\n&#13;<br \/>\n&#13;<br \/>\n<a href=\"https:\/\/whiplash.net\/materias\/whiplash\/027002.html\" rel=\"nofollow noopener\" target=\"_blank\"><img decoding=\"async\" src=\"https:\/\/www.europesays.com\/pt\/wp-content\/uploads\/2025\/08\/1754704269_488_anunciar_diabo_336x280.gif\" loading=\"lazy\" width=\"336\" height=\"280\" alt=\"Anunciar no Whiplash.Net\"\/><\/a>&#13;<br \/>\n&#13;<br \/>\n&#13;<br \/>\n&#13;<br \/>\n&#13;<br \/>\n&#13;<br \/>\n<a href=\"https:\/\/whiplash.net\/materias\/whiplash\/027002.html\" rel=\"nofollow noopener\" target=\"_blank\"><img decoding=\"async\" src=\"https:\/\/www.europesays.com\/pt\/wp-content\/uploads\/2025\/08\/1754704269_488_anunciar_diabo_336x280.gif\" loading=\"lazy\" width=\"336\" height=\"280\" class=\"widthConstrained\" style=\"background-color:#000000;display:block;\" alt=\"Anunciar bandas e shows de Rock e Heavy Metal\"\/><\/a>&#13;<\/p>\n<p>\u25ba&#8221; src=&#8221;https:\/\/www.youtube.com\/embed\/WpSNEY9mfPg&#8221; width=&#8221;560&#8243; height=&#8221;315&#8243; allow=&#8221;accelerometer; autoplay; clipboard-write; encrypted-media; gyroscope; picture-in-picture&#8221; allowfullscreen loading=&#8221;lazy&#8221; style=&#8221;border:0;&#8221;&gt;<\/p>\n<p>CONTINUA DEPOIS DA PUBLICIDADE &#8211; CLI<\/p>\n<p>&#13;<br \/>\n&#13;<br \/>\n&#13;<br \/>\n&#13;<br \/>\n&#13;<br \/>\n&#13;<br \/>\n&#13;<br \/>\n&#13;<br \/>\n<a href=\"https:\/\/whiplash.net\/materias\/whiplash\/027002.html\" rel=\"nofollow noopener\" target=\"_blank\"><img decoding=\"async\" src=\"https:\/\/www.europesays.com\/pt\/wp-content\/uploads\/2025\/08\/1754704269_488_anunciar_diabo_336x280.gif\" loading=\"lazy\" width=\"336\" height=\"280\" class=\"widthConstrained\" style=\"background-color:#000000;display:block;\" alt=\"Anunciar bandas e shows de Rock e Heavy Metal\"\/><\/a>&#13;<\/p>\n","protected":false},"excerpt":{"rendered":"O Amorphis divulgou nesta sexta-feira (8 de agosto) o single &#8220;Dancing Shadow&#8221;, faixa que integra o \u00e1lbum &#8220;Borderland&#8221;,&hellip;\n","protected":false},"author":2,"featured_media":24622,"comment_status":"","ping_status":"","sticky":false,"template":"","format":"standard","meta":{"footnotes":""},"categories":[141],"tags":[114,115,149,150,32,33],"class_list":{"0":"post-24621","1":"post","2":"type-post","3":"status-publish","4":"format-standard","5":"has-post-thumbnail","7":"category-musica","8":"tag-entertainment","9":"tag-entretenimento","10":"tag-music","11":"tag-musica","12":"tag-portugal","13":"tag-pt"},"share_on_mastodon":{"url":"","error":""},"_links":{"self":[{"href":"https:\/\/www.europesays.com\/pt\/wp-json\/wp\/v2\/posts\/24621","targetHints":{"allow":["GET"]}}],"collection":[{"href":"https:\/\/www.europesays.com\/pt\/wp-json\/wp\/v2\/posts"}],"about":[{"href":"https:\/\/www.europesays.com\/pt\/wp-json\/wp\/v2\/types\/post"}],"author":[{"embeddable":true,"href":"https:\/\/www.europesays.com\/pt\/wp-json\/wp\/v2\/users\/2"}],"replies":[{"embeddable":true,"href":"https:\/\/www.europesays.com\/pt\/wp-json\/wp\/v2\/comments?post=24621"}],"version-history":[{"count":0,"href":"https:\/\/www.europesays.com\/pt\/wp-json\/wp\/v2\/posts\/24621\/revisions"}],"wp:featuredmedia":[{"embeddable":true,"href":"https:\/\/www.europesays.com\/pt\/wp-json\/wp\/v2\/media\/24622"}],"wp:attachment":[{"href":"https:\/\/www.europesays.com\/pt\/wp-json\/wp\/v2\/media?parent=24621"}],"wp:term":[{"taxonomy":"category","embeddable":true,"href":"https:\/\/www.europesays.com\/pt\/wp-json\/wp\/v2\/categories?post=24621"},{"taxonomy":"post_tag","embeddable":true,"href":"https:\/\/www.europesays.com\/pt\/wp-json\/wp\/v2\/tags?post=24621"}],"curies":[{"name":"wp","href":"https:\/\/api.w.org\/{rel}","templated":true}]}}