{"id":24625,"date":"2025-08-11T09:57:07","date_gmt":"2025-08-11T09:57:07","guid":{"rendered":"https:\/\/www.europesays.com\/pt\/24625\/"},"modified":"2025-08-11T09:57:07","modified_gmt":"2025-08-11T09:57:07","slug":"cardiologistas-alertam-que-nova-portaria-compromete-cuidados-a-doentes-diabeticos-saude","status":"publish","type":"post","link":"https:\/\/www.europesays.com\/pt\/24625\/","title":{"rendered":"Cardiologistas alertam que nova portaria compromete cuidados a doentes diab\u00e9ticos | Sa\u00fade"},"content":{"rendered":"<p>A Sociedade Portuguesa de Cardiologia (SPC) defendeu, na sexta-feira, que os cardiologistas devem poder prescrever medicamentos para a diabetes, alertando que a exclus\u00e3o da especialidade na nova portaria compromete a preven\u00e7\u00e3o de eventos cardiovasculares.<\/p>\n<p>Desde sexta-feira, apenas m\u00e9dicos das especialidades de endocrinologia e nutri\u00e7\u00e3o, medicina interna, pediatria e medicina geral e familiar podem <a href=\"https:\/\/www.publico.pt\/2025\/08\/07\/sociedade\/noticia\/prescricao-injectaveis-sensores-diabetes-restrita-quatro-especialidades-2143219\" rel=\"nofollow noopener\" target=\"_blank\">prescrever<\/a> medicamentos da classe dos agonistas dos receptores GLP-1 (semaglutido, dulaglutido, liraglutido e exenatido), onde se inclui o Ozempic, indicado para o tratamento da diabetes tipo 2, mas que est\u00e1 tamb\u00e9m a ser usado para combater a obesidade e a <a href=\"https:\/\/www.publico.pt\/2024\/10\/21\/sociedade\/noticia\/portugueses-gastaram-96-milhoes-euros-tratar-obesidade-janeiro-agosto-2108656\" rel=\"nofollow noopener\" target=\"_blank\">perda de peso<\/a>.<\/p>\n<p>Em declara\u00e7\u00f5es \u00e0 ag\u00eancia Lusa, a presidente da SPC, Cristina Gavina, afirmou que os cardiologistas &#8220;compreendem perfeitamente&#8221; a necessidade de controlar a prescri\u00e7\u00e3o para <a href=\"https:\/\/www.publico.pt\/2025\/01\/17\/sociedade\/noticia\/infarmed-avanca-auditoria-avaliar-falta-medicamentos-sensores-diabetes-2119206\" rel=\"nofollow noopener\" target=\"_blank\">garantir o acesso<\/a> a quem mais precisa. &#8220;O problema&#8221;, notou, \u00e9 que muitos doentes coron\u00e1rios, que tamb\u00e9m s\u00e3o diab\u00e9ticos, s\u00e3o acompanhados por estes especialistas.<\/p>\n<p>&#8220;Cerca de 30 a 40% dos doentes com doen\u00e7a coron\u00e1ria t\u00eam <a href=\"https:\/\/www.publico.pt\/diabetes\" rel=\"nofollow noopener\" target=\"_blank\">diabetes<\/a> associada e a doen\u00e7a cardiovascular \u00e9 a principal causa de morte nos diab\u00e9ticos: Dois em cada tr\u00eas v\u00e3o morrer de complica\u00e7\u00f5es cardiovasculares&#8221;, elucidou.<\/p>\n<p>Neste contexto, defendeu, ser &#8220;imposs\u00edvel tirar um cardiologista desta equa\u00e7\u00e3o&#8221;.<\/p>\n<p>Cristina Gavina salientou que o &#8220;cen\u00e1rio ideal&#8221; seria o seguimento destes doentes em consultas multidisciplinares, com acesso a endocrinologistas, internistas e m\u00e9dicos de fam\u00edlia. Por\u00e9m, alertou, &#8220;estamos no pa\u00eds real e no pa\u00eds real muitos doentes&#8221; que sofreram um enfarte s\u00f3 ter\u00e3o contacto com o seu cardiologista no primeiro ano ap\u00f3s o enfarte.<\/p>\n<p>Por isso, considerou &#8220;um erro&#8221; impedir que o cardiologista possa prescrever com comparticipa\u00e7\u00e3o estes f\u00e1rmacos para quem tem indica\u00e7\u00e3o.<\/p>\n<p>&#8220;As pessoas conhecem estes medicamentos para perda de peso. Para n\u00f3s, cardiologistas, n\u00e3o s\u00e3o (&#8230;). O benef\u00edcio que queremos para os nossos doentes \u00e9 a redu\u00e7\u00e3o da mortalidade, do enfarte e do AVC&#8221;, real\u00e7ou.<\/p>\n<p>A especialista sublinhou que o importante \u00e9 manter os f\u00e1rmacos dispon\u00edveis para quem deles necessita, mas defendeu que o problema de acesso n\u00e3o se resolve &#8220;limitando as especialidades m\u00e9dicas que podem prescrever com comparticipa\u00e7\u00e3o&#8221;.<\/p>\n<p>&#8220;\u00c9 a solu\u00e7\u00e3o mais f\u00e1cil, mas n\u00e3o \u00e9 aquela que vai garantir mais equidade&#8221;, sublinhou, acrescentando: &#8220;Hoje, se quiser, posso prescrever, mas o doente n\u00e3o vai ter qualquer reembolso do SNS. Isso n\u00e3o faz sentido&#8221;, frisou.<\/p>\n<p>Questionada se esta decis\u00e3o pode colocar em risco a vida de doentes, a especialista afirmou: &#8220;N\u00e3o queria ser dram\u00e1tica e dizer que vamos p\u00f4r em causa a vida imediata dos doentes, mas seguramente que a probabilidade de virem a morrer de doen\u00e7a cardiovascular ou terem um evento cardiovascular vai ser maior&#8221;, porque estes medicamentos funcionam nestas circunst\u00e2ncia.<\/p>\n<p>Adiantou que a SPC alertou o <a href=\"https:\/\/www.publico.pt\/2025\/04\/10\/sociedade\/noticia\/governo-restringe-especialidades-podem-prescrever-medicamentos-diabetes-2129323\" rel=\"nofollow noopener\" target=\"_blank\">Minist\u00e9rio da Sa\u00fade<\/a> e a Direc\u00e7\u00e3o-Geral da Sa\u00fade h\u00e1 mais de dois meses, atrav\u00e9s de uma carta, para esta situa\u00e7\u00e3o, mas &#8220;nada foi feito&#8221;.<\/p>\n<p>Agora, vai reiterar o pedido de revis\u00e3o da portaria, manifestando-se dispon\u00edvel para contribuir para uma solu\u00e7\u00e3o equilibrada.<\/p>\n<p>Questionada sobre o impacto da medida, Cristina Gavina estimou que entre 15% a 20% dos doentes com doen\u00e7a coron\u00e1ria t\u00eam tamb\u00e9m diabetes e obesidade. Alguns v\u00e3o ter acesso aos melhores cuidados e conseguir essa prescri\u00e7\u00e3o, mas muitos outros n\u00e3o. &#8220;E esses s\u00e3o os que v\u00e3o pagar a factura&#8221;, lamentou.<\/p>\n<p>Num comunicado, tamb\u00e9m subscrita pelo Col\u00e9gio da Especialidade de Cardiologia da Ordem dos M\u00e9dicos, pela Associa\u00e7\u00e3o de doentes coron\u00e1rios e a Associa\u00e7\u00e3o de Apoio aos Doentes com Insufici\u00eancia Card\u00edaca, a SPC alerta que &#8220;um SNS com dificuldades, a imposi\u00e7\u00e3o desta portaria vai necessariamente fragmentar cuidados e aumentar listas de espera e a sobrecarga burocr\u00e1tica de muitas especialidades m\u00e9dicas&#8221;.<\/p>\n","protected":false},"excerpt":{"rendered":"A Sociedade Portuguesa de Cardiologia (SPC) defendeu, na sexta-feira, que os cardiologistas devem poder prescrever medicamentos para a&hellip;\n","protected":false},"author":2,"featured_media":24626,"comment_status":"","ping_status":"","sticky":false,"template":"","format":"standard","meta":{"footnotes":""},"categories":[86],"tags":[1027,4693,116,3083,32,33,117,850,58],"class_list":{"0":"post-24625","1":"post","2":"type-post","3":"status-publish","4":"format-standard","5":"has-post-thumbnail","7":"category-saude","8":"tag-diabetes","9":"tag-doencas-cardiovasculares","10":"tag-health","11":"tag-medicamentos","12":"tag-portugal","13":"tag-pt","14":"tag-saude","15":"tag-servico-nacional-de-saude","16":"tag-sociedade"},"share_on_mastodon":{"url":"","error":""},"_links":{"self":[{"href":"https:\/\/www.europesays.com\/pt\/wp-json\/wp\/v2\/posts\/24625","targetHints":{"allow":["GET"]}}],"collection":[{"href":"https:\/\/www.europesays.com\/pt\/wp-json\/wp\/v2\/posts"}],"about":[{"href":"https:\/\/www.europesays.com\/pt\/wp-json\/wp\/v2\/types\/post"}],"author":[{"embeddable":true,"href":"https:\/\/www.europesays.com\/pt\/wp-json\/wp\/v2\/users\/2"}],"replies":[{"embeddable":true,"href":"https:\/\/www.europesays.com\/pt\/wp-json\/wp\/v2\/comments?post=24625"}],"version-history":[{"count":0,"href":"https:\/\/www.europesays.com\/pt\/wp-json\/wp\/v2\/posts\/24625\/revisions"}],"wp:featuredmedia":[{"embeddable":true,"href":"https:\/\/www.europesays.com\/pt\/wp-json\/wp\/v2\/media\/24626"}],"wp:attachment":[{"href":"https:\/\/www.europesays.com\/pt\/wp-json\/wp\/v2\/media?parent=24625"}],"wp:term":[{"taxonomy":"category","embeddable":true,"href":"https:\/\/www.europesays.com\/pt\/wp-json\/wp\/v2\/categories?post=24625"},{"taxonomy":"post_tag","embeddable":true,"href":"https:\/\/www.europesays.com\/pt\/wp-json\/wp\/v2\/tags?post=24625"}],"curies":[{"name":"wp","href":"https:\/\/api.w.org\/{rel}","templated":true}]}}