{"id":24631,"date":"2025-08-11T10:02:08","date_gmt":"2025-08-11T10:02:08","guid":{"rendered":"https:\/\/www.europesays.com\/pt\/24631\/"},"modified":"2025-08-11T10:02:08","modified_gmt":"2025-08-11T10:02:08","slug":"siza-vieira-recusou-centeno-nao-podia","status":"publish","type":"post","link":"https:\/\/www.europesays.com\/pt\/24631\/","title":{"rendered":"Siza Vieira recusou, Centeno n\u00e3o podia"},"content":{"rendered":"<p>A influ\u00eancia da Faculdade de Direito de Lisboa (FDL) vai tendo cada vez mais peso na vida interna do Partido Socialista. Peso esse que se fez sentir na escolha de Andr\u00e9 Moz Caldas para candidato do PS \u00e0 presid\u00eancia da Assembleia Municipal de Lisboa nas pr\u00f3ximas aut\u00e1rquicas e que mereceu aprova\u00e7\u00e3o un\u00e2nime nas estruturas do PS da capital, juntamente com as restantes listas de candidatos \u00e0s aut\u00e1rquicas de outubro pr\u00f3ximo.<\/p>\n<p>E a verdade \u00e9 que Moz Caldas n\u00e3o foi a primeira escolha do partido e da cabe\u00e7a de lista \u00e0 C\u00e2mara da capital, Alexandra Leit\u00e3o, tamb\u00e9m ela da Faculdade de Direito (FDL) da Universidade Cl\u00e1ssica de Lisboa.<\/p>\n<p>O antigo ministro Pedro Siza Vieira era o preferido tanto da dire\u00e7\u00e3o nacional como das estruturas locais do partido, e da pr\u00f3pria candidata, mas manifestou-se indispon\u00edvel para sequer pensar sobre o convite. E M\u00e1rio Centeno, que ainda chegou a ser sondado, mas o facto de ainda continuar ligado ao Banco de Portugal quando as candidaturas forem entregues (at\u00e9 18 de agosto) afastou em definitivo qualquer hip\u00f3tese.<\/p>\n<p>Uma das grandes surpresas destas listas \u00e9 n\u00e3o inclu\u00edrem Pedro Costa, o filho do ex-l\u00edder socialista, antigo primeiro-ministro e atual presidente do Conselho Europeu recusou concorrer ao Seixal. E apesar de o antigo presidente da Junta de Freguesia de Campo de Ourique ter mostrado disponibilidade para integrar a equipa de Alexandra Leit\u00e3o para a autarquia lisboeta, nem sequer foi tido em conta pela candidata em nome de uma renova\u00e7\u00e3o socialista e numa tentativa de reconquistar a C\u00e2mara a Carlos Moedas, apurou o Nascer do SOL. Um afastamento que n\u00e3o surpreendeu os socialistas ouvidos pelo nosso jornal. \u00abN\u00e3o basta mostrar disponibilidade e foi isso que ele fez e agora vem comentar por que \u00e9 que n\u00e3o foi escolhido\u00bb, atiram os seus advers\u00e1rios, enquando outros lamentam a exclus\u00e3o.<\/p>\n<p>Andr\u00e9 Moz Caldas tirou o curso na Faculdade de Direito e \u00e9 assistente convidado da FDL desde 2012, lecionando disciplinas como Direito Romano, Hist\u00f3ria do Direito, Filosofia do Direito e Sociologia do Direito. O antigo secret\u00e1rio de Estado da Presid\u00eancia do Conselho de Ministros foi o respons\u00e1vel por coordenar o programa de Alexandra Leit\u00e3o e j\u00e1 tinha sido coordenador das mo\u00e7\u00f5es com que o atual l\u00edder do partido, Jos\u00e9 Lu\u00eds Carneiro, concorreu \u00e0s elei\u00e7\u00f5es internas do PS.<\/p>\n<p>A sua integra\u00e7\u00e3o nas listas \u00e0 corrida da C\u00e2mara de Lisboa vem intensificar o peso da FDL no partido. Alexandra Leit\u00e3o tamb\u00e9m \u00e9 professora na faculdade, assim como Pedro Delgado Alves \u2013 escolhido por Carlos C\u00e9sar para l\u00edder interino do grupo parlamentar, mas que acabou por ser substitu\u00eddo por Eurico Brilhante Dias, ap\u00f3s a vit\u00f3ria de Jos\u00e9 Lu\u00eds Carneiro, e foi cabe\u00e7a de lista por Coimbra nas \u00faltimas legislativas de maio, sendo uma voz ativa nos Media.<\/p>\n<p>\u00c9 certo que o peso da Faculdade de Direito na vida interna do PS n\u00e3o \u00e9 nova. No passado, nomes de ex-alunos como Ant\u00f3nio Ramalho Eanes, M\u00e1rio Soares, Jorge Sampaio e Ant\u00f3nio Costa engrossaram esta lista, refor\u00e7ando a liga\u00e7\u00e3o da institui\u00e7\u00e3o ao PS, dando \u00e0 faculdade estatuto de incubadora de elite pol\u00edtica portuguesa.<\/p>\n<p>Mas a verdade \u00e9 que coincide com a perda de peso pol\u00edtico do ISEG \u2013 onde Francisco C\u00e9sar, Pedro Nuno Santos e Duarte Cordeiro tiraram o seu curso \u2013 e, acima de tudo, do ISCTE- Instituto Universit\u00e1rio de Lisboa, que conta com nomes como dos ex-ministros socialistas Mariana Vieira da Silva, Helena Carreiras, Pedro Ad\u00e3o e Silva ou Ana Catarina Mendes. Tamb\u00e9m Ant\u00f3nio Jos\u00e9 Seguro, Augusto Santos Silva, Maria de Lurdes Rodrigues e Paulo Pedroso surgem na lista de ex-alunos do ISCTE.<\/p>\n<p>Ali\u00e1s, v\u00e1rios membros da Iniciativa Liberal chegaram a questionar se o ISCTE funcionava como \u00abum sat\u00e9lite do PS\u00bb devido \u00e0 forte presen\u00e7a de ex-governantes socialistas em posi\u00e7\u00f5es de destaque na universidade.<br \/>Fontes ouvidas pelo nosso jornal sublinham que, \u00abtal como acontece com a Faculdade de Direito e com o ISCTE, tamb\u00e9m a Universidade do Minho tem uma estreita liga\u00e7\u00e3o com o PSD e, em, todos os casos, representam castas de prote\u00e7\u00e3o mais do que ideol\u00f3gicas\u00bb.<\/p>\n<p><strong>Press\u00e3o para ganhar<br \/><\/strong>Voltemos \u00e0s listas para as aut\u00e1rquicas que foram aprovadas por unanimidade (com apenas a absten\u00e7\u00e3o de uma Junta de Freguesia em 60, mas sem votos contra). Para a verea\u00e7\u00e3o, Alexandra Leit\u00e3o escolheu S\u00e9rgio Cintra, do secretariado da Federa\u00e7\u00e3o da \u00c1rea Urbana de Lisboa do PS e que conta no seu curriculum com a passagem por institui\u00e7\u00f5es como a Gebalis (empresa municipal) e a Santa Casa da Miseric\u00f3rdia de Lisboa, ou Carla Madeira, que sai da presid\u00eancia da junta de freguesia da Miseric\u00f3rdia, onde n\u00e3o podia recandidatar-se. \u00abS\u00e3o dois nomes que s\u00e3o conhecidos por terem atividade no terreno e muito focados na \u00e1rea social\u00bb, diz fonte socialista ao Nascer do SOL. A somar a esta lista, h\u00e1 que contar ainda com Pedro Anast\u00e1cio, atual vereador na autarquia lisboeta, Paulo Pais, Maria Begonha, ex-deputada, Manuel Neves, presidente da JS-FAUL, Ricardo Marcos, Lia Ferreira e Vasco Franco. J\u00e1 em rela\u00e7\u00e3o aos parceiros de coliga\u00e7\u00e3o, surgem Carlos Teixeira (Livre), Carolina Serr\u00e3o (BE), Patr\u00edcia Robalo (Livre) e Ant\u00f3nio Morgado (PAN).<\/p>\n<p>Recorde-se que Alexandra Leit\u00e3o foi anunciada oficialmente pelo Partido Socialista como candidata \u00e0 C\u00e2mara de Lisboa em janeiro de 2025, uma escolha destacada por Pedro Nuno Santos como sinal de uma \u00abaposta forte\u00bb e valorizando o perfil de \u00abrealiza\u00e7\u00e3o e concretiza\u00e7\u00e3o\u00bb.<\/p>\n<p>Nessa altura, a candidata teceu duras cr\u00edticas ao atual presidente da C\u00e2mara, Carlos Moedas, defendendo que \u00abLisboa precisa de uma lideran\u00e7a real, que decida em di\u00e1logo, n\u00e3o de cen\u00e1rios fabricados ou de mera propaganda\u00bb, acrescentando que da sua parte podiam contar com um \u00abdebate pol\u00edtico transparente, honesto e consequente\u00bb.<\/p>\n<p>Com vista a reconquistar a autarquia, o PS ensaiou uma grande coliga\u00e7\u00e3o de esquerda que inclui quase todos os partidos \u00e0 sua esquerda (Livre, BE e PAN). De fora fica a CDU volta a apostar em Jo\u00e3o Ferreira, com o atual vereador a defender que \u00abo voto no PS foi utilizado para viabilizar todas as op\u00e7\u00f5es de Carlos Moedas\u00bb.<\/p>\n<p>Uma coliga\u00e7\u00e3o que levou Carlos Moedas a acenar como uma tentativa de \u00abradicalizar\u00bb a pol\u00edtica municipal, afirmando que representa uma amea\u00e7a \u00e0 modera\u00e7\u00e3o que considera essencial para a cidade. Em v\u00e1rias declara\u00e7\u00f5es, o atual autarca tem dito que os lisboetas ter\u00e3o de escolher entre a \u00abmodera\u00e7\u00e3o assertiva\u00bb que prop\u00f5e e o \u00abradicalismo do contra\u00bb, salientando que a candidatura de Alexandra Leit\u00e3o n\u00e3o tem como objetivo mudar a cidade, mas derrubar o atual presidente.<\/p>\n<p><strong>Pesadas derrotas na \u00e1rea metropolitana<br \/><\/strong>Tal como o Nascer do SOL avan\u00e7ou, s\u00f3 o autarca de Loures, Ricardo Le\u00e3o, parece estar de pedra e cal entre os candidatos socialistas para as pr\u00f3ximas elei\u00e7\u00f5es aut\u00e1rquicas, uma vez que ser\u00e1 o \u00fanico que ter\u00e1 uma vit\u00f3ria esmagadora de acordo com as sondagens dispon\u00edveis no pr\u00f3prio partido. Fonte socialista refere que \u00aba maior alegria do PS vai ser Loures\u00bb quando o autarca vencer com maioria absoluta.<\/p>\n<p>\u00abNa \u00e1rea metropolitana de Lisboa, o PS vai passar para terceiro em Cascais, com Nuno Piteira Lopes a ganhar, e com o Chega a ficar em segundo. Tamb\u00e9m em Sintra vai ficar em terceiro lugar havendo ainda d\u00favidas de quem sair\u00e1 vencedor, se Marco Almeida ou se Rita Matias. O PS vai ficar muito mal em Oeiras, vai perder Lisboa, vai ganhar na Amadora e vai ganhar em Odivelas na linha de \u00e1gua. S\u00f3 em Loures \u00e9 que o PS ir\u00e1 superar todos os resultados\u00bb, prognosticou a mesma fonte partid\u00e1ria.<\/p>\n","protected":false},"excerpt":{"rendered":"A influ\u00eancia da Faculdade de Direito de Lisboa (FDL) vai tendo cada vez mais peso na vida interna&hellip;\n","protected":false},"author":2,"featured_media":24632,"comment_status":"","ping_status":"","sticky":false,"template":"","format":"standard","meta":{"footnotes":""},"categories":[10],"tags":[8495,27,28,8496,15,16,14,25,26,21,22,738,12,13,19,20,32,23,24,455,33,17,18,29,30,31],"class_list":{"0":"post-24631","1":"post","2":"type-post","3":"status-publish","4":"format-standard","5":"has-post-thumbnail","7":"category-portugal","8":"tag-aml","9":"tag-breaking-news","10":"tag-breakingnews","11":"tag-fdl","12":"tag-featured-news","13":"tag-featurednews","14":"tag-headlines","15":"tag-latest-news","16":"tag-latestnews","17":"tag-main-news","18":"tag-mainnews","19":"tag-mario-centeno","20":"tag-news","21":"tag-noticias","22":"tag-noticias-principais","23":"tag-noticiasprincipais","24":"tag-portugal","25":"tag-principais-noticias","26":"tag-principaisnoticias","27":"tag-ps","28":"tag-pt","29":"tag-top-stories","30":"tag-topstories","31":"tag-ultimas","32":"tag-ultimas-noticias","33":"tag-ultimasnoticias"},"share_on_mastodon":{"url":"","error":""},"_links":{"self":[{"href":"https:\/\/www.europesays.com\/pt\/wp-json\/wp\/v2\/posts\/24631","targetHints":{"allow":["GET"]}}],"collection":[{"href":"https:\/\/www.europesays.com\/pt\/wp-json\/wp\/v2\/posts"}],"about":[{"href":"https:\/\/www.europesays.com\/pt\/wp-json\/wp\/v2\/types\/post"}],"author":[{"embeddable":true,"href":"https:\/\/www.europesays.com\/pt\/wp-json\/wp\/v2\/users\/2"}],"replies":[{"embeddable":true,"href":"https:\/\/www.europesays.com\/pt\/wp-json\/wp\/v2\/comments?post=24631"}],"version-history":[{"count":0,"href":"https:\/\/www.europesays.com\/pt\/wp-json\/wp\/v2\/posts\/24631\/revisions"}],"wp:featuredmedia":[{"embeddable":true,"href":"https:\/\/www.europesays.com\/pt\/wp-json\/wp\/v2\/media\/24632"}],"wp:attachment":[{"href":"https:\/\/www.europesays.com\/pt\/wp-json\/wp\/v2\/media?parent=24631"}],"wp:term":[{"taxonomy":"category","embeddable":true,"href":"https:\/\/www.europesays.com\/pt\/wp-json\/wp\/v2\/categories?post=24631"},{"taxonomy":"post_tag","embeddable":true,"href":"https:\/\/www.europesays.com\/pt\/wp-json\/wp\/v2\/tags?post=24631"}],"curies":[{"name":"wp","href":"https:\/\/api.w.org\/{rel}","templated":true}]}}