{"id":246661,"date":"2026-01-27T14:44:09","date_gmt":"2026-01-27T14:44:09","guid":{"rendered":"https:\/\/www.europesays.com\/pt\/246661\/"},"modified":"2026-01-27T14:44:09","modified_gmt":"2026-01-27T14:44:09","slug":"virus-letal-nipah-detetado-na-india-com-baixo-risco-de-contagio","status":"publish","type":"post","link":"https:\/\/www.europesays.com\/pt\/246661\/","title":{"rendered":"V\u00edrus letal Nipah detetado na \u00cdndia com baixo risco de cont\u00e1gio"},"content":{"rendered":"<p>Dois casos foram confirmados no estado Bengala Ocidental (este), mas fonte da OMS declarou \u00e0 ag\u00eancia noticiosa espanhola EFE que &#8220;a \u00cdndia tem capacidade para conter o surto, como j\u00e1 comprovado anteriormente&#8221;, adiantando que o organismo est\u00e1 em contacto com os respons\u00e1veis indianos e colabora na avalia\u00e7\u00e3o de risco e apoio t\u00e9cnico.<\/p>\n<p>Para a OMS, atualmente, n\u00e3o h\u00e1 evid\u00eancias de um aumento na transmiss\u00e3o do v\u00edrus de pessoa para pessoa (outras vias comuns de transmiss\u00e3o s\u00e3o atrav\u00e9s de animais, como morcegos ou porcos ou alimentos contaminados).<\/p>\n<p>A infe\u00e7\u00e3o pelo Nipah causa sintomas que variam de casos assintom\u00e1ticos at\u00e9 doen\u00e7as respirat\u00f3rias agudas e encefalite fatal, com uma taxa de mortalidade estimada entre os 40% e os 75%.<\/p>\n<p>Os casos confirmados s\u00e3o de enfermeiros (um homem e uma mulher, ambos com 25 anos) e que trabalham num hospital privado na localidade Barasat, cerca de 20 quil\u00f3metros a norte de Calcut\u00e1, os quais come\u00e7aram a sentir sintomas na primeira semana de dezembro e ficaram de quarentena no in\u00edcio de janeiro.<\/p>\n<p>O Instituto Nacional de Virologia indiano confirmou tratar-se daquele v\u00edrus em 13 de janeiro, tendo reportado o facto \u00e0 OMS na noite de segunda-feira (26 de janeiro).<\/p>\n<p>A dete\u00e7\u00e3o dos casos obrigou a colocar sob vigil\u00e2ncia perto de 200 pessoas que tinham tido contactos com os enfermeiros infetados.<\/p>\n<p>O minist\u00e9rio da Sa\u00fade indiano ordenou medidas suplementares de preven\u00e7\u00e3o nos hospitais daquela regi\u00e3o, incluindo a obrigatoriedade de equipamentos especiais de prote\u00e7\u00e3o individual para o pessoal cl\u00ednico.<\/p>\n<p>O Bengala Ocidental j\u00e1 tinha sido palco de surtos do Nipah em seres humanos em 2001 em, novamente, em 2007, e verificou-se um total de, pelo menos, 50 mortos.<\/p>\n<p>Desde 2018, os casos detetados estavam circunscritos ao estado Kerala (a sul), onde o mais recente surto infetou tr\u00eas pessoas e duas delas morreram, em julho de 2025.<\/p>\n<p>O receio da propaga\u00e7\u00e3o deste v\u00edrus levou j\u00e1 pa\u00edses como Tail\u00e2ndia, Nepal e o territ\u00f3rio chin\u00eas de Hong Kong a instalarem postos de triagem nos aeroportos, com controlo da temperatura corporal e formul\u00e1rios m\u00e9dicos.<\/p>\n","protected":false},"excerpt":{"rendered":"Dois casos foram confirmados no estado Bengala Ocidental (este), mas fonte da OMS declarou \u00e0 ag\u00eancia noticiosa espanhola&hellip;\n","protected":false},"author":2,"featured_media":246662,"comment_status":"","ping_status":"","sticky":false,"template":"","format":"standard","meta":{"footnotes":""},"categories":[86],"tags":[116,32,33,117],"class_list":{"0":"post-246661","1":"post","2":"type-post","3":"status-publish","4":"format-standard","5":"has-post-thumbnail","7":"category-saude","8":"tag-health","9":"tag-portugal","10":"tag-pt","11":"tag-saude"},"share_on_mastodon":{"url":"https:\/\/pubeurope.com\/@pt\/115967601188908951","error":""},"_links":{"self":[{"href":"https:\/\/www.europesays.com\/pt\/wp-json\/wp\/v2\/posts\/246661","targetHints":{"allow":["GET"]}}],"collection":[{"href":"https:\/\/www.europesays.com\/pt\/wp-json\/wp\/v2\/posts"}],"about":[{"href":"https:\/\/www.europesays.com\/pt\/wp-json\/wp\/v2\/types\/post"}],"author":[{"embeddable":true,"href":"https:\/\/www.europesays.com\/pt\/wp-json\/wp\/v2\/users\/2"}],"replies":[{"embeddable":true,"href":"https:\/\/www.europesays.com\/pt\/wp-json\/wp\/v2\/comments?post=246661"}],"version-history":[{"count":0,"href":"https:\/\/www.europesays.com\/pt\/wp-json\/wp\/v2\/posts\/246661\/revisions"}],"wp:featuredmedia":[{"embeddable":true,"href":"https:\/\/www.europesays.com\/pt\/wp-json\/wp\/v2\/media\/246662"}],"wp:attachment":[{"href":"https:\/\/www.europesays.com\/pt\/wp-json\/wp\/v2\/media?parent=246661"}],"wp:term":[{"taxonomy":"category","embeddable":true,"href":"https:\/\/www.europesays.com\/pt\/wp-json\/wp\/v2\/categories?post=246661"},{"taxonomy":"post_tag","embeddable":true,"href":"https:\/\/www.europesays.com\/pt\/wp-json\/wp\/v2\/tags?post=246661"}],"curies":[{"name":"wp","href":"https:\/\/api.w.org\/{rel}","templated":true}]}}