{"id":246878,"date":"2026-01-27T18:59:10","date_gmt":"2026-01-27T18:59:10","guid":{"rendered":"https:\/\/www.europesays.com\/pt\/246878\/"},"modified":"2026-01-27T18:59:10","modified_gmt":"2026-01-27T18:59:10","slug":"fundo-imobiliario-compra-shopping-alameda-shop-spot-no-porto","status":"publish","type":"post","link":"https:\/\/www.europesays.com\/pt\/246878\/","title":{"rendered":"Fundo imobili\u00e1rio compra shopping Alameda Shop &#038; Spot no Porto"},"content":{"rendered":"<p data-remotead-prev-elm=\"true\" data-remotead-elm-id=\"inread\">Constitu\u00eddo h\u00e1 cinco anos, o Property Core Real Estate Fund supera atualmente os 360 milh\u00f5es de euros em ativos sob gest\u00e3o em Portugal e Espanha, focando-se em ativos que garantam rendimento atual, potencial de valoriza\u00e7\u00e3o e uma rela\u00e7\u00e3o prudente no seu retorno\/risco, destaca em comunicado a CBRE, que assessorou esta aquisi\u00e7\u00e3o em regime de exclusividade, assegurando a continuidade do mandato de gest\u00e3o do centro comercial.<\/p>\n<p data-remotead-prev-elm=\"true\" data-remotead-elm-id=\"inread2\">Com mais de 90 lojas, incluindo v\u00e1rias ins\u00edgnias multinacionais, o Alameda Shop &amp; Spot \u00e9 o primeiro ativo deste formato a integrar o portef\u00f3lio de im\u00f3veis do Property Core Real Estate Fund.<\/p>\n<p>O shopping fica localizado na zona das Antas, junto ao Est\u00e1dio do Drag\u00e3o, no Porto, tendo 38.800 metros quadrados de \u00e1rea bruta loc\u00e1vel e indicadores positivos de vendas e &#8220;footfall&#8221;, segundo a CBRE.<\/p>\n<p>A imobili\u00e1ria destaca que est\u00e1 &#8220;inserido numa \u00e1rea com elevado potencial de consolida\u00e7\u00e3o, tendo em conta o n\u00famero de novos empreendimentos residenciais e empresariais previstos para a envolvente&#8221;, que dever\u00e3o acrescentar mais de 7.600 novos residentes e trabalhadores \u00e0 zona.<\/p>\n<p data-remotead-prev-elm=\"true\" data-remotead-elm-id=\"centro1\">&#8220;Acreditamos muito no potencial do Alameda Shop &amp; Spot, quer do ponto de vista da opera\u00e7\u00e3o, que tem vindo a crescer significativamente, quer do ponto de vista do investimento. Todo o entorno do centro est\u00e1 a mudar, com novos projetos residenciais e de escrit\u00f3rios que ir\u00e3o levar cada vez mais consumidores \u00e0s v\u00e1rias lojas&#8221;, afirma o respons\u00e1vel da \u00c1rea de Capital Markets da CBRE Portugal, Igor Borrego, citado no comunicado.<\/p>\n<p>J\u00e1 o &#8220;chief investment officer&#8221; da Square Asset Management, Nuno Nunes, diz terem sido identificadas &#8220;v\u00e1rias iniciativas que poder\u00e3o ser implementadas para refor\u00e7ar a atratividade deste investimento, nomeadamente atrav\u00e9s de uma gest\u00e3o ativa e da capta\u00e7\u00e3o de um fluxo maior de visitantes&#8221;.<\/p>\n<p>&#8220;A oportunidade de investimento encontra-se alinhada com a pol\u00edtica de investimento do Fundo, apresentando um perfil adequado para potenciar um retorno superior no m\u00e9dio e longo prazo&#8221;, refere.<\/p>\n<p>Comercializado no Banco Best, Novo Banco e Novo Banco dos A\u00e7ores, o fundo conta atualmente com cerca de 8.000 subscritores.<\/p>\n","protected":false},"excerpt":{"rendered":"Constitu\u00eddo h\u00e1 cinco anos, o Property Core Real Estate Fund supera atualmente os 360 milh\u00f5es de euros em&hellip;\n","protected":false},"author":2,"featured_media":246879,"comment_status":"","ping_status":"","sticky":false,"template":"","format":"standard","meta":{"footnotes":"","_share_on_mastodon":"0"},"categories":[83],"tags":[46427,88,20018,89,90,32,33,10685,3203],"class_list":["post-246878","post","type-post","status-publish","format-standard","has-post-thumbnail","category-empresas","tag-alameda-shop-spot","tag-business","tag-concelho-porto","tag-economy","tag-empresas","tag-portugal","tag-pt","tag-shopping","tag-venda"],"share_on_mastodon":{"url":"https:\/\/pubeurope.com\/@pt\/115968603820346005","error":""},"_links":{"self":[{"href":"https:\/\/www.europesays.com\/pt\/wp-json\/wp\/v2\/posts\/246878","targetHints":{"allow":["GET"]}}],"collection":[{"href":"https:\/\/www.europesays.com\/pt\/wp-json\/wp\/v2\/posts"}],"about":[{"href":"https:\/\/www.europesays.com\/pt\/wp-json\/wp\/v2\/types\/post"}],"author":[{"embeddable":true,"href":"https:\/\/www.europesays.com\/pt\/wp-json\/wp\/v2\/users\/2"}],"replies":[{"embeddable":true,"href":"https:\/\/www.europesays.com\/pt\/wp-json\/wp\/v2\/comments?post=246878"}],"version-history":[{"count":0,"href":"https:\/\/www.europesays.com\/pt\/wp-json\/wp\/v2\/posts\/246878\/revisions"}],"wp:featuredmedia":[{"embeddable":true,"href":"https:\/\/www.europesays.com\/pt\/wp-json\/wp\/v2\/media\/246879"}],"wp:attachment":[{"href":"https:\/\/www.europesays.com\/pt\/wp-json\/wp\/v2\/media?parent=246878"}],"wp:term":[{"taxonomy":"category","embeddable":true,"href":"https:\/\/www.europesays.com\/pt\/wp-json\/wp\/v2\/categories?post=246878"},{"taxonomy":"post_tag","embeddable":true,"href":"https:\/\/www.europesays.com\/pt\/wp-json\/wp\/v2\/tags?post=246878"}],"curies":[{"name":"wp","href":"https:\/\/api.w.org\/{rel}","templated":true}]}}