{"id":246964,"date":"2026-01-27T20:21:12","date_gmt":"2026-01-27T20:21:12","guid":{"rendered":"https:\/\/www.europesays.com\/pt\/246964\/"},"modified":"2026-01-27T20:21:12","modified_gmt":"2026-01-27T20:21:12","slug":"esta-avo-de-79-anos-e-a-nova-embaixadora-de-uma-das-maiores-marcas-de-luxo-nit","status":"publish","type":"post","link":"https:\/\/www.europesays.com\/pt\/246964\/","title":{"rendered":"Esta av\u00f3 de 79 anos \u00e9 a nova embaixadora de uma das maiores marcas de luxo \u2014 NiT"},"content":{"rendered":"<p>No in\u00edcio de dezembro, Simon Porte Jacquemus sentava-se ao lado da av\u00f3 e, num gesto simb\u00f3lico, oferecia-lhe um dos acess\u00f3rios mais marcantes da marca. Liline, num momento registado em v\u00eddeo, tirou de uma caixa misteriosa a carteira La Val\u00e9rie, que recebeu o nome da sua filha, a m\u00e3e do estilista franc\u00eas.<\/p>\n<p>Algumas semanas depois, surge uma decis\u00e3o in\u00e9dita na ind\u00fastria da moda. O criador nomeou a matriarca, de 79 anos, como a primeira embaixadora da maison hom\u00f3nima. A not\u00edcia foi partilhada esta sexta-feira, 23 de janeiro, atrav\u00e9s de uma publica\u00e7\u00e3o onde fala da \u201cmulher mais especial\u201d da sua vida.<\/p>\n<p><strong>Embora a Jacquemus j\u00e1 tenha trabalhado com nomes como Kendall Jenner, Jeannie ou Bad Bunny em v\u00e1rias campanhas, esta \u00e9 a primeira vez que escolhe algu\u00e9m para representar oficialmente a ins\u00edgnia.<\/strong> E, como j\u00e1 se tornou h\u00e1bito na marca francesa, foi mais um tributo \u00e0s origens do designer.<\/p>\n<p>Segue-se agora um compromisso da nova embaixadora de \u201cestar na primeira fila como num jantar de fam\u00edlia\u201d e sorrir sempre. Afinal, Liline j\u00e1 era uma presen\u00e7a constante nos desfiles da marca e j\u00e1 tinha, inclusive, aparecido como modelo na passarela, em 2020, durante o auge da pandemia.<\/p>\n<blockquote class=\"instagram-media\" style=\"background: #FFF; border: 0; border-radius: 3px; box-shadow: 0 0 1px 0 rgba(0,0,0,0.5),0 1px 10px 0 rgba(0,0,0,0.15); margin: 1px; max-width: 540px; min-width: 326px; padding: 0; width: calc(100% - 2px);\" data-instgrm-permalink=\"https:\/\/www.instagram.com\/p\/DT2p689iJqj\/?utm_source=ig_embed&amp;utm_campaign=loading\" data-instgrm-version=\"14\">\n<\/blockquote>\n<p>Criada em Aliens, no sul de Fran\u00e7a, a matriarca \u00e9 descrita como pelo neto como \u201co \u00edcone original\u201d que moldou a sua vis\u00e3o sobre as mulheres. \u201cCresceu rodeada por campos, sol e simplicidade, criada por uma forte m\u00e3e solteira italiana\u201d, pode ler-se na publica\u00e7\u00e3o.<\/p>\n<p>E acrescenta que, \u201cmuito antes de a marca existir, ela j\u00e1 era uma fonte de inspira\u00e7\u00e3o\u201d com a sua \u201cfor\u00e7a, eleg\u00e2ncia e autenticidade\u201d, que continuam a redefinir o esp\u00edrito da marca.\u00a0<\/p>\n<p>\u201cCom esta nomea\u00e7\u00e3o, Simon Porte Jacquemus homenageia as mulheres que o criaram e o legado que lhe transmitiram, uma celebra\u00e7\u00e3o da fam\u00edlia, da mem\u00f3ria e da transmiss\u00e3o de conhecimento. Mais do que uma embaixadora, Liline Jacquemus representa a alma da maison e uma lembran\u00e7a atemporal de que Jacquemus \u00e9, acima de tudo, uma hist\u00f3ria de origens\u201d, acrescenta.<\/p>\n<p>Esta dimens\u00e3o afetiva est\u00e1 presente no ADN da marca desde que foi fundada, em 2009, quando o criativo tinha apenas 19 anos. Na altura, inspirou-se na m\u00e3e, Val\u00e9rie, cujo apelido de solteira deu nome a uma das maisons mais populares do mundo, com lojas distribu\u00eddas por Paris, Nova Iorque, Londres, Los Angeles, Courchevel, as Bahamas e Montecito.<\/p>\n<p>A nomea\u00e7\u00e3o de Liline como embaixadora da Jacquemus acompanha o mais recente desfile, Le Palmier, que aconteceu este domingo, 25 de janeiro, a prop\u00f3sito da Paris Fashion Week. Aconteceu no Museu Picasso, onde o estilista j\u00e1 tinha apresentado outras cole\u00e7\u00f5es ic\u00f3nicas, como La Bomba.<\/p>\n<p>\t\t\t\t<script async src=\"\/\/www.instagram.com\/embed.js\"><\/script><\/p>\n","protected":false},"excerpt":{"rendered":"No in\u00edcio de dezembro, Simon Porte Jacquemus sentava-se ao lado da av\u00f3 e, num gesto simb\u00f3lico, oferecia-lhe um&hellip;\n","protected":false},"author":2,"featured_media":246965,"comment_status":"","ping_status":"","sticky":false,"template":"","format":"standard","meta":{"footnotes":""},"categories":[85],"tags":[114,115,32,33],"class_list":{"0":"post-246964","1":"post","2":"type-post","3":"status-publish","4":"format-standard","5":"has-post-thumbnail","7":"category-entretenimento","8":"tag-entertainment","9":"tag-entretenimento","10":"tag-portugal","11":"tag-pt"},"share_on_mastodon":{"url":"https:\/\/pubeurope.com\/@pt\/115968926328300751","error":""},"_links":{"self":[{"href":"https:\/\/www.europesays.com\/pt\/wp-json\/wp\/v2\/posts\/246964","targetHints":{"allow":["GET"]}}],"collection":[{"href":"https:\/\/www.europesays.com\/pt\/wp-json\/wp\/v2\/posts"}],"about":[{"href":"https:\/\/www.europesays.com\/pt\/wp-json\/wp\/v2\/types\/post"}],"author":[{"embeddable":true,"href":"https:\/\/www.europesays.com\/pt\/wp-json\/wp\/v2\/users\/2"}],"replies":[{"embeddable":true,"href":"https:\/\/www.europesays.com\/pt\/wp-json\/wp\/v2\/comments?post=246964"}],"version-history":[{"count":0,"href":"https:\/\/www.europesays.com\/pt\/wp-json\/wp\/v2\/posts\/246964\/revisions"}],"wp:featuredmedia":[{"embeddable":true,"href":"https:\/\/www.europesays.com\/pt\/wp-json\/wp\/v2\/media\/246965"}],"wp:attachment":[{"href":"https:\/\/www.europesays.com\/pt\/wp-json\/wp\/v2\/media?parent=246964"}],"wp:term":[{"taxonomy":"category","embeddable":true,"href":"https:\/\/www.europesays.com\/pt\/wp-json\/wp\/v2\/categories?post=246964"},{"taxonomy":"post_tag","embeddable":true,"href":"https:\/\/www.europesays.com\/pt\/wp-json\/wp\/v2\/tags?post=246964"}],"curies":[{"name":"wp","href":"https:\/\/api.w.org\/{rel}","templated":true}]}}