{"id":247575,"date":"2026-01-28T07:42:05","date_gmt":"2026-01-28T07:42:05","guid":{"rendered":"https:\/\/www.europesays.com\/pt\/247575\/"},"modified":"2026-01-28T07:42:05","modified_gmt":"2026-01-28T07:42:05","slug":"virus-que-surgiu-na-india-deixa-organizacao-mundial-de-saude-em-alerta-nit","status":"publish","type":"post","link":"https:\/\/www.europesays.com\/pt\/247575\/","title":{"rendered":"v\u00edrus que surgiu na \u00cdndia deixa Organiza\u00e7\u00e3o Mundial de Sa\u00fade em alerta \u2014 NiT"},"content":{"rendered":"<p>O Minist\u00e9rio da Sa\u00fade da \u00cdndia revelou, a 13 de janeiro, que foram identificados dois casos de infe\u00e7\u00e3o pelo v\u00edrus Nipah. A doen\u00e7a est\u00e1 a deixar a Organiza\u00e7\u00e3o Mundial da Sa\u00fade (OMS) preocupada, devido ao potencial para causar uma epidemia, uma vez que n\u00e3o existe vacina nem tratamento espec\u00edfico.<\/p>\n<p>De acordo com reportagens dos jornais \u201cThe Hindu\u201d, \u201cThe Telegraph\u201d e \u201cThe Independent\u201d, duas enfermeiras de um hospital privado perto de Calcut\u00e1 foram infetadas e uma delas est\u00e1 em estado cr\u00edtico. As autoridades de sa\u00fade indicaram que uma investiga\u00e7\u00e3o preliminar sugere que ambas as pacientes contra\u00edram a patologia a partir de um doente com sintomas respirat\u00f3rios graves. O paciente morreu antes de poder ser testado para Nipah.<\/p>\n<p>Este \u00e9 um v\u00edrus \u00e9 zoon\u00f3tico, ou seja, transmite-se entre animais e seres humanos, e, em fases avan\u00e7adas, tem uma taxa de mortalidade superior a 70 por cento.<\/p>\n<p><strong>\u201cDada a gravidade da infe\u00e7\u00e3o pelo v\u00edrus Nipah, uma doen\u00e7a com elevada taxa de mortalidade e potencial de r\u00e1pida dissemina\u00e7\u00e3o, a situa\u00e7\u00e3o est\u00e1 a ser tratada com a m\u00e1xima prioridade\u201d<\/strong>, afirmou um respons\u00e1vel do Minist\u00e9rio da Sa\u00fade ao \u201cThe Hindu\u201d.<\/p>\n<p>Segundo a OMS, o Nipah pode causar v\u00e1rias manifesta\u00e7\u00f5es cl\u00ednicas, desde infe\u00e7\u00f5es assintom\u00e1ticas at\u00e9 doen\u00e7as respirat\u00f3rias agudas e encefalite fatal, uma inflama\u00e7\u00e3o grave do c\u00e9rebro. O v\u00edrus provoca igualmente doen\u00e7as graves em animais, como os porcos.<\/p>\n<p>A entidade explica tamb\u00e9m que a transmiss\u00e3o ocorre quando as pessoas s\u00e3o expostas a secre\u00e7\u00f5es de animais ou entram em contacto com tecidos de esp\u00e9cies infetadas. Alguns surtos tamb\u00e9m foram associados ao consumo de frutas ou produtos derivados da mesma, contaminados com urina ou saliva de morcegos frug\u00edvoros infetados.<\/p>\n<p>O primeiro surto reconhecido ocorreu na Mal\u00e1sia, em 1999, tendo causado a morte de cerca de 100 pessoas no pa\u00eds e tamb\u00e9m em Singapura. Para conter a propaga\u00e7\u00e3o da doen\u00e7a, cerca de um milh\u00e3o de porcos foram abatidos.<\/p>\n<p>Os sintomas iniciais incluem febre, dores de cabe\u00e7a, dores musculares, v\u00f3mitos e dor de garganta. Com o passar do tempo pode evoluir para tonturas, sonol\u00eancia, altera\u00e7\u00f5es do estado de consci\u00eancia e problemas neurol\u00f3gicos associados \u00e0 encefalite. Podem ainda surgir pneumonia e outras complica\u00e7\u00f5es respirat\u00f3rias. O per\u00edodo de incuba\u00e7\u00e3o do v\u00edrus varia entre quatro e 14 dias.<\/p>\n<p>Para combater a propaga\u00e7\u00e3o, o governo de Hong Kong anunciou este segunda-feira, 26 de janeiro, que vai fazer um refor\u00e7o dos controlos de sa\u00fade para os viajantes que chegam da \u00cdndia.<\/p>\n<p>O objetivo \u00e9 \u201crealizar o rastreio da temperatura dos viajantes nas portas de embarque relevantes, realizar avalia\u00e7\u00f5es m\u00e9dicas em viajantes sintom\u00e1ticos e encaminhar casos suspeitos com potencial impacto na sa\u00fade p\u00fablica para os hospitais para exame\u201d, disse Edwin Tsui Lok Kin, diretor do Servi\u00e7o para a Prote\u00e7\u00e3o da Sa\u00fade, em comunicado.<\/p>\n","protected":false},"excerpt":{"rendered":"O Minist\u00e9rio da Sa\u00fade da \u00cdndia revelou, a 13 de janeiro, que foram identificados dois casos de infe\u00e7\u00e3o&hellip;\n","protected":false},"author":2,"featured_media":247576,"comment_status":"","ping_status":"","sticky":false,"template":"","format":"standard","meta":{"footnotes":""},"categories":[86],"tags":[116,32,33,117],"class_list":{"0":"post-247575","1":"post","2":"type-post","3":"status-publish","4":"format-standard","5":"has-post-thumbnail","7":"category-saude","8":"tag-health","9":"tag-portugal","10":"tag-pt","11":"tag-saude"},"share_on_mastodon":{"url":"https:\/\/pubeurope.com\/@pt\/115971603986082103","error":""},"_links":{"self":[{"href":"https:\/\/www.europesays.com\/pt\/wp-json\/wp\/v2\/posts\/247575","targetHints":{"allow":["GET"]}}],"collection":[{"href":"https:\/\/www.europesays.com\/pt\/wp-json\/wp\/v2\/posts"}],"about":[{"href":"https:\/\/www.europesays.com\/pt\/wp-json\/wp\/v2\/types\/post"}],"author":[{"embeddable":true,"href":"https:\/\/www.europesays.com\/pt\/wp-json\/wp\/v2\/users\/2"}],"replies":[{"embeddable":true,"href":"https:\/\/www.europesays.com\/pt\/wp-json\/wp\/v2\/comments?post=247575"}],"version-history":[{"count":0,"href":"https:\/\/www.europesays.com\/pt\/wp-json\/wp\/v2\/posts\/247575\/revisions"}],"wp:featuredmedia":[{"embeddable":true,"href":"https:\/\/www.europesays.com\/pt\/wp-json\/wp\/v2\/media\/247576"}],"wp:attachment":[{"href":"https:\/\/www.europesays.com\/pt\/wp-json\/wp\/v2\/media?parent=247575"}],"wp:term":[{"taxonomy":"category","embeddable":true,"href":"https:\/\/www.europesays.com\/pt\/wp-json\/wp\/v2\/categories?post=247575"},{"taxonomy":"post_tag","embeddable":true,"href":"https:\/\/www.europesays.com\/pt\/wp-json\/wp\/v2\/tags?post=247575"}],"curies":[{"name":"wp","href":"https:\/\/api.w.org\/{rel}","templated":true}]}}