{"id":247581,"date":"2026-01-28T07:52:53","date_gmt":"2026-01-28T07:52:53","guid":{"rendered":"https:\/\/www.europesays.com\/pt\/247581\/"},"modified":"2026-01-28T07:52:53","modified_gmt":"2026-01-28T07:52:53","slug":"finalmente-revelado-o-segredo-de-matilde-reymao-novelas","status":"publish","type":"post","link":"https:\/\/www.europesays.com\/pt\/247581\/","title":{"rendered":"Finalmente, revelado o segredo de Matilde Reym\u00e3o &#8211; Novelas"},"content":{"rendered":"<p data-end=\"616\" data-start=\"233\">A atriz <a href=\"https:\/\/tvi.iol.pt\/novelas\/videos\/escandalo-em-a-protegida-ela-nao-e-tua-namorada-e-tua-irma\/697266070cf2d7f14f26f3fd\" rel=\"nofollow noopener\" target=\"_blank\"><strong data-end=\"259\" data-start=\"241\">Matilde Reym\u00e3o<\/strong>,<\/a> de <strong data-end=\"275\" data-start=\"264\">25 anos<\/strong>, que atualmente d\u00e1 vida \u00e0 personagem <strong data-end=\"348\" data-start=\"313\">Mariana na novela \u00abA Protegida\u00bb<\/strong>, revelou recentemente um dos seus <strong data-end=\"405\" data-start=\"383\">segredos de beleza<\/strong> numa parceria especial com a <strong data-end=\"461\" data-start=\"435\">revista Vogue Portugal<\/strong>. Conhecida pela sua eleg\u00e2ncia natural e frescura, a jovem atriz mostrou que a beleza, para si, est\u00e1 intimamente ligada ao <strong data-end=\"615\" data-start=\"584\">bem-estar e \u00e0 autenticidade<\/strong>.<\/p>\n<p data-end=\"952\" data-start=\"618\">Apaixonada por <strong data-end=\"648\" data-start=\"633\">maquilhagem<\/strong>, Matilde Reym\u00e3o confessou que gosta de <strong data-end=\"741\" data-start=\"688\">experimentar e improvisar com diferentes produtos<\/strong>, adaptando-os ao seu estilo e ao seu estado de esp\u00edrito. A atriz revelou ainda que <strong data-end=\"883\" data-start=\"825\">adora maquilhar-se antes de sair \u00e0 noite com as amigas<\/strong>, encarando esse momento como um ritual divertido e de autoexpress\u00e3o.<\/p>\n<p data-end=\"1326\" data-start=\"954\">No entanto, o detalhe que mais surpreendeu os f\u00e3s foi o seu <strong data-end=\"1049\" data-start=\"1014\">truque de maquilhagem preferido<\/strong>. O grande segredo da atriz est\u00e1 no <strong data-end=\"1094\" data-start=\"1085\">blush<\/strong>, que n\u00e3o utiliza apenas no rosto. Matilde revelou que <strong data-end=\"1183\" data-start=\"1149\">aplica blush tamb\u00e9m nos l\u00e1bios<\/strong>, criando um efeito natural que ajuda a <strong data-end=\"1274\" data-start=\"1223\">real\u00e7ar e a dar a ilus\u00e3o de maior volume \u00e0 boca<\/strong>, sem recorrer a produtos espec\u00edficos para esse fim.<\/p>\n<p data-end=\"1371\" data-start=\"1328\">Na publica\u00e7\u00e3o partilhada, a atriz escreveu: <strong>\u00abEntre sets de grava\u00e7\u00f5es e um dia a dia naturalmente acelerado, Matilde Reym\u00e3o encara a beleza como um gesto de bem-estar. Neste Beauty Confessions, a atriz partilha uma rotina pensada para respeitar a pele e acompanhar as exig\u00eancias da sua rotina.\u00bb<\/strong><\/p>\n<p data-end=\"1923\" data-start=\"1626\">A partilha rapidamente gerou uma onda de <strong data-end=\"1713\" data-start=\"1667\">elogios e carinho por parte dos seguidores<\/strong>, que n\u00e3o pouparam palavras bonitas \u00e0 atriz. Entre os muitos coment\u00e1rios destacam-se mensagens como:<br data-end=\"1816\" data-start=\"1813\"\/> \u00abLinda!\u00bb; \u00ab\u00c9 t\u00e3o bonita e t\u00e3o gentil!! \ud83d\udc96\u00bb; \u00abEst\u00e1 t\u00e3o linda \ud83d\ude0d\u00bb; \u00abQuero maisss\u00bb; \u00abO cabelo t\u00e3o lindo \ud83e\udd79\u2764\ufe0f\u00bb.<\/p>\n<p data-end=\"2298\" data-start=\"1925\">Houve ainda quem aproveitasse para trocar dicas de beleza, como uma seguidora que escreveu:<br data-end=\"2019\" data-start=\"2016\"\/> \u00ab\u00c9s um doce, Matilde, e muito bonita \ud83d\udd25\ud83c\udf38\u2764\ufe0f Gostei muito da tua maquilhagem, ficaste linda. \ud83d\udc84\ud83e\ude9e\ud83d\udc85 Uma dica: n\u00e3o te esque\u00e7as de hidratar tamb\u00e9m o pesco\u00e7o e dar cor, porque sen\u00e3o faz muito contraste entre o rosto e o pesco\u00e7o. Eu tamb\u00e9m adoro make-up. \u263a\ufe0f Beijinho e feliz domingo!\u00bb<\/p>\n<p data-end=\"2548\" data-start=\"2300\">Com esta partilha, Matilde Reym\u00e3o volta a provar que a <strong data-end=\"2404\" data-start=\"2355\">beleza pode ser simples, criativa e acess\u00edvel<\/strong>, refor\u00e7ando a sua liga\u00e7\u00e3o genu\u00edna com os f\u00e3s e assumindo-se como uma <strong data-end=\"2547\" data-start=\"2474\">inspira\u00e7\u00e3o para quem valoriza o cuidado pessoal aliado \u00e0 naturalidade<\/strong>.<\/p>\n","protected":false},"excerpt":{"rendered":"A atriz Matilde Reym\u00e3o, de 25 anos, que atualmente d\u00e1 vida \u00e0 personagem Mariana na novela \u00abA Protegida\u00bb,&hellip;\n","protected":false},"author":2,"featured_media":247582,"comment_status":"","ping_status":"","sticky":false,"template":"","format":"standard","meta":{"footnotes":"","_share_on_mastodon":"0"},"categories":[142],"tags":[160,1081,166,114,115,157,167,164,17288,881,161,158,165,159,32,33,156,163,19244,151,162],"class_list":["post-247581","post","type-post","status-publish","format-standard","has-post-thumbnail","category-tv","tag-ana-guiomar","tag-beleza","tag-cristina-ferreira","tag-entertainment","tag-entretenimento","tag-festa-e-festa","tag-ficcao","tag-jose-fidalgo","tag-maquilhagem","tag-matilde-reymao","tag-novelas","tag-para-sempre","tag-pedro-sousa","tag-pedro-teixeira","tag-portugal","tag-pt","tag-queridos-papas","tag-tiago-teotonio-pereira","tag-truque","tag-tv","tag-tvi"],"share_on_mastodon":{"url":"https:\/\/pubeurope.com\/@pt\/115971647264167171","error":""},"_links":{"self":[{"href":"https:\/\/www.europesays.com\/pt\/wp-json\/wp\/v2\/posts\/247581","targetHints":{"allow":["GET"]}}],"collection":[{"href":"https:\/\/www.europesays.com\/pt\/wp-json\/wp\/v2\/posts"}],"about":[{"href":"https:\/\/www.europesays.com\/pt\/wp-json\/wp\/v2\/types\/post"}],"author":[{"embeddable":true,"href":"https:\/\/www.europesays.com\/pt\/wp-json\/wp\/v2\/users\/2"}],"replies":[{"embeddable":true,"href":"https:\/\/www.europesays.com\/pt\/wp-json\/wp\/v2\/comments?post=247581"}],"version-history":[{"count":0,"href":"https:\/\/www.europesays.com\/pt\/wp-json\/wp\/v2\/posts\/247581\/revisions"}],"wp:featuredmedia":[{"embeddable":true,"href":"https:\/\/www.europesays.com\/pt\/wp-json\/wp\/v2\/media\/247582"}],"wp:attachment":[{"href":"https:\/\/www.europesays.com\/pt\/wp-json\/wp\/v2\/media?parent=247581"}],"wp:term":[{"taxonomy":"category","embeddable":true,"href":"https:\/\/www.europesays.com\/pt\/wp-json\/wp\/v2\/categories?post=247581"},{"taxonomy":"post_tag","embeddable":true,"href":"https:\/\/www.europesays.com\/pt\/wp-json\/wp\/v2\/tags?post=247581"}],"curies":[{"name":"wp","href":"https:\/\/api.w.org\/{rel}","templated":true}]}}