{"id":247773,"date":"2026-01-28T11:17:07","date_gmt":"2026-01-28T11:17:07","guid":{"rendered":"https:\/\/www.europesays.com\/pt\/247773\/"},"modified":"2026-01-28T11:17:07","modified_gmt":"2026-01-28T11:17:07","slug":"congressista-democrata-atingida-por-liquido-durante-discurso-em-minneapolis","status":"publish","type":"post","link":"https:\/\/www.europesays.com\/pt\/247773\/","title":{"rendered":"Congressista democrata atingida por l\u00edquido durante discurso em Minneapolis"},"content":{"rendered":"<p data-remotead-prev-elm=\"true\" data-remotead-elm-id=\"inread\">Enquanto Ilhan Omar, conhecida figura de esquerda, discursava por detr\u00e1s de um p\u00falpito, na ter\u00e7a-feira, um homem aproximou-se e usou uma seringa para a borrifar com um l\u00edquido n\u00e3o identificado, antes de ser contido por um agente da seguran\u00e7a, testemunhou um jornalista da AFP.<\/p>\n<p data-remotead-prev-elm=\"true\" data-remotead-elm-id=\"inread2\">Ap\u00f3s o ataque, a congressista do Minnesota manteve-se no encontro, numa cidade abalada h\u00e1 semanas por opera\u00e7\u00f5es de imigra\u00e7\u00e3o e pelos protestos contra estas a\u00e7\u00f5es.<\/p>\n<p>A plateia aplaudiu quando o homem foi imobilizado, ficando com os bra\u00e7os amarrados atr\u00e1s das costas.<\/p>\n<p>Pouco antes, Omar pediu a aboli\u00e7\u00e3o da ag\u00eancia de imigra\u00e7\u00e3o dos EUA (ICE) e a ren\u00fancia da secret\u00e1ria da Seguran\u00e7a Interna, Kristi Noem. &#8220;A ICE n\u00e3o pode ser reformada&#8221;, declarou.<\/p>\n<p data-remotead-prev-elm=\"true\" data-remotead-elm-id=\"centro1\">A pol\u00edcia de Minneapolis afirmou que os agentes viram o homem usar uma seringa para borrifar um l\u00edquido na dire\u00e7\u00e3o da democrata. Ap\u00f3s imobilizado, este foi levado para a pris\u00e3o do condado, disse o porta-voz local da institui\u00e7\u00e3o, Trevor Folke, em declara\u00e7\u00f5es \u00e0 AP.<\/p>\n<p>Omar prosseguiu o discurso ap\u00f3s o homem ser retirado da sala pela equipa de seguran\u00e7a, afirmando que n\u00e3o se deixaria intimidar. Jornalistas disseram que sentiram um cheiro forte, semelhante a vinagre, quando o homem pressionou a seringa. Ao sair, a congressista afirmou que ficou perturbada, mas que n\u00e3o estava ferida. Omar foi vista por uma equipa m\u00e9dica.<\/p>\n<p>&#8220;Estou bem. Sou uma sobrevivente, esse pequeno agitador n\u00e3o me vai intimidar a fazer o meu trabalho. N\u00e3o deixo os &#8216;bullies&#8217; vencerem. Grata aos meus incr\u00edveis eleitores que estiveram comigo&#8221;, escreveu mais tarde na rede social X.<\/p>\n<p data-remotead-prev-elm=\"true\" data-remotead-elm-id=\"centro2\">A Casa Branca n\u00e3o respondeu de imediato \u00e0 AP, que pediu um coment\u00e1rio na ter\u00e7a-feira \u00e0 noite.<\/p>\n<p>O presidente norte-americano, Donald Trump, tem criticado frequentemente a congressista e intensificado os ataques verbais nos \u00faltimos meses, quando concentra as aten\u00e7\u00f5es em Minneapolis. Durante uma reuni\u00e3o do Gabinete de Trump em dezembro, o presidente insultou a congressista, a quem chamou &#8220;lixo&#8221;.<\/p>\n<p>Horas antes, na ter\u00e7a-feira, o presidente criticou Omar ao discursar para uma multid\u00e3o no estado de Iowa, dizendo que a Administra\u00e7\u00e3o norte-americana s\u00f3 deixaria entrar imigrantes que &#8220;possam mostrar que amam&#8221; os EUA.<\/p>\n<p data-remotead-prev-elm=\"true\" data-remotead-elm-id=\"centro3\">&#8220;Ela vem de um pa\u00eds que \u00e9 um desastre. Acho que nem \u00e9 considerado sequer um pa\u00eds&#8221;, disse Donald Trump sobre a congressista norte-americana, nascida na Som\u00e1lia.<\/p>\n<p>A congressista republicana da Carolina do Sul Nancy Mace denunciou a agress\u00e3o. &#8220;Estou profundamente perturbada por saber que Ilhan Omar foi atacada hoje&#8221;, disse numa publica\u00e7\u00e3o na rede social X. &#8220;Independentemente de discordar veementemente da sua ret\u00f3rica &#8211; e discordo -, nenhum eleito deve enfrentar ataques f\u00edsicos. N\u00e3o \u00e9 assim que somos&#8221;, acrescentou.<\/p>\n<p>O presidente da c\u00e2mara de Minneapolis, o democrata Jacob Frey, tamb\u00e9m condenou o ataque na rede social X. &#8220;Inaceit\u00e1vel. A viol\u00eancia e a intimida\u00e7\u00e3o n\u00e3o t\u00eam lugar em Minneapolis. Podemos discordar sem colocar as pessoas em risco&#8221;, escreveu.<\/p>\n<p data-remotead-prev-elm=\"true\" data-remotead-elm-id=\"centro4\">O ataque ocorreu dias depois de um homem ter sido detido no Utah por supostamente ter dado um soco no rosto do congressista Maxwell Frost, um democrata da Fl\u00f3rida, durante o Festival de Cinema de Sundance e de ter dito que Trump iria deport\u00e1-lo.<\/p>\n<p>As amea\u00e7as contra membros do Congresso aumentaram nos \u00faltimos anos, atingindo o pico em 2021, ap\u00f3s o ataque de 06 de janeiro daquele ano ao Capit\u00f3lio, antes de ca\u00edrem ligeiramente e voltarem a ressurgir, de acordo com os n\u00fameros mais recentes da pol\u00edcia do Capit\u00f3lio dos EUA.<\/p>\n","protected":false},"excerpt":{"rendered":"Enquanto Ilhan Omar, conhecida figura de esquerda, discursava por detr\u00e1s de um p\u00falpito, na ter\u00e7a-feira, um homem aproximou-se&hellip;\n","protected":false},"author":2,"featured_media":247774,"comment_status":"","ping_status":"","sticky":false,"template":"","format":"standard","meta":{"footnotes":"","_share_on_mastodon":"0"},"categories":[50],"tags":[27,28,413,15,16,14,25,26,21,22,42708,62,12,13,19,20,23,24,17,18,29,30,31,63,64,65],"class_list":["post-247773","post","type-post","status-publish","format-standard","has-post-thumbnail","category-mundo","tag-breaking-news","tag-breakingnews","tag-eua","tag-featured-news","tag-featurednews","tag-headlines","tag-latest-news","tag-latestnews","tag-main-news","tag-mainnews","tag-minneapolis","tag-mundo","tag-news","tag-noticias","tag-noticias-principais","tag-noticiasprincipais","tag-principais-noticias","tag-principaisnoticias","tag-top-stories","tag-topstories","tag-ultimas","tag-ultimas-noticias","tag-ultimasnoticias","tag-world","tag-world-news","tag-worldnews"],"share_on_mastodon":{"url":"https:\/\/pubeurope.com\/@pt\/115972449561994065","error":""},"_links":{"self":[{"href":"https:\/\/www.europesays.com\/pt\/wp-json\/wp\/v2\/posts\/247773","targetHints":{"allow":["GET"]}}],"collection":[{"href":"https:\/\/www.europesays.com\/pt\/wp-json\/wp\/v2\/posts"}],"about":[{"href":"https:\/\/www.europesays.com\/pt\/wp-json\/wp\/v2\/types\/post"}],"author":[{"embeddable":true,"href":"https:\/\/www.europesays.com\/pt\/wp-json\/wp\/v2\/users\/2"}],"replies":[{"embeddable":true,"href":"https:\/\/www.europesays.com\/pt\/wp-json\/wp\/v2\/comments?post=247773"}],"version-history":[{"count":0,"href":"https:\/\/www.europesays.com\/pt\/wp-json\/wp\/v2\/posts\/247773\/revisions"}],"wp:featuredmedia":[{"embeddable":true,"href":"https:\/\/www.europesays.com\/pt\/wp-json\/wp\/v2\/media\/247774"}],"wp:attachment":[{"href":"https:\/\/www.europesays.com\/pt\/wp-json\/wp\/v2\/media?parent=247773"}],"wp:term":[{"taxonomy":"category","embeddable":true,"href":"https:\/\/www.europesays.com\/pt\/wp-json\/wp\/v2\/categories?post=247773"},{"taxonomy":"post_tag","embeddable":true,"href":"https:\/\/www.europesays.com\/pt\/wp-json\/wp\/v2\/tags?post=247773"}],"curies":[{"name":"wp","href":"https:\/\/api.w.org\/{rel}","templated":true}]}}