{"id":247840,"date":"2026-01-28T12:17:07","date_gmt":"2026-01-28T12:17:07","guid":{"rendered":"https:\/\/www.europesays.com\/pt\/247840\/"},"modified":"2026-01-28T12:17:07","modified_gmt":"2026-01-28T12:17:07","slug":"video-estadio-da-u-leiria-destruido-apos-passagem-da-depressao-kristin","status":"publish","type":"post","link":"https:\/\/www.europesays.com\/pt\/247840\/","title":{"rendered":"V\u00cdDEO: Est\u00e1dio da U. Leiria destru\u00eddo ap\u00f3s passagem da depress\u00e3o Kristin"},"content":{"rendered":"<p>O rasto de destrui\u00e7\u00e3o da depress\u00e3o Kristin deixou o Est\u00e1dio Dr. Magalh\u00e3es Pessoa sem cobertura e parcialmente destru\u00eddo, devido \u00e0s fortes rajadas de vento que afetaram a cidade na \u00faltima madrugada.<\/p>\n<p>Al\u00e9m da cobertura do recinto, a pr\u00f3pria estrutura \u00e0 volta do relvado ficou bastante danificada, como \u00e9 poss\u00edvel ver nas imagens abaixo partilhadas nas redes sociais. Recorde-se que o est\u00e1dio foi palco da \u00abfinal four\u00bb da \u00faltima edi\u00e7\u00e3o da Ta\u00e7a da Liga, conquistada pelo V. Guimar\u00e3es.<\/p>\n<p><strong>Assista aqui \u00e0s imagens da destrui\u00e7\u00e3o:<\/strong><\/p>\n<p>De resto, a cidade de Leiria foi uma das mais afetadas pela depress\u00e3o Kristin, que acabou por deixar completamente destru\u00eddo o Pavilh\u00e3o de Embra, na Marinha Grande. As imagens mostram um cen\u00e1rio de devasta\u00e7\u00e3o, com destro\u00e7os da cobertura e paredes no ch\u00e3o.<\/p>\n","protected":false},"excerpt":{"rendered":"O rasto de destrui\u00e7\u00e3o da depress\u00e3o Kristin deixou o Est\u00e1dio Dr. Magalh\u00e3es Pessoa sem cobertura e parcialmente destru\u00eddo,&hellip;\n","protected":false},"author":2,"featured_media":247841,"comment_status":"","ping_status":"","sticky":false,"template":"","format":"standard","meta":{"footnotes":""},"categories":[8],"tags":[27,28,46556,27038,46557,15,16,14,25,26,5423,21,22,46,8532,12,13,19,20,32,23,24,33,47,17,18,29,30,31,43615,9417],"class_list":{"0":"post-247840","1":"post","2":"type-post","3":"status-publish","4":"format-standard","5":"has-post-thumbnail","7":"category-principais-noticias","8":"tag-breaking-news","9":"tag-breakingnews","10":"tag-depressao-kristin","11":"tag-destruicao","12":"tag-estadio-dr-magalhaes-pessoa","13":"tag-featured-news","14":"tag-featurednews","15":"tag-headlines","16":"tag-latest-news","17":"tag-latestnews","18":"tag-leiria","19":"tag-main-news","20":"tag-mainnews","21":"tag-maisfutebol","22":"tag-mau-tempo","23":"tag-news","24":"tag-noticias","25":"tag-noticias-principais","26":"tag-noticiasprincipais","27":"tag-portugal","28":"tag-principais-noticias","29":"tag-principaisnoticias","30":"tag-pt","31":"tag-pura-paixao","32":"tag-top-stories","33":"tag-topstories","34":"tag-ultimas","35":"tag-ultimas-noticias","36":"tag-ultimasnoticias","37":"tag-uniao-de-leiria","38":"tag-vento"},"share_on_mastodon":{"url":"","error":"Validation failed: Text character limit of 500 exceeded"},"_links":{"self":[{"href":"https:\/\/www.europesays.com\/pt\/wp-json\/wp\/v2\/posts\/247840","targetHints":{"allow":["GET"]}}],"collection":[{"href":"https:\/\/www.europesays.com\/pt\/wp-json\/wp\/v2\/posts"}],"about":[{"href":"https:\/\/www.europesays.com\/pt\/wp-json\/wp\/v2\/types\/post"}],"author":[{"embeddable":true,"href":"https:\/\/www.europesays.com\/pt\/wp-json\/wp\/v2\/users\/2"}],"replies":[{"embeddable":true,"href":"https:\/\/www.europesays.com\/pt\/wp-json\/wp\/v2\/comments?post=247840"}],"version-history":[{"count":0,"href":"https:\/\/www.europesays.com\/pt\/wp-json\/wp\/v2\/posts\/247840\/revisions"}],"wp:featuredmedia":[{"embeddable":true,"href":"https:\/\/www.europesays.com\/pt\/wp-json\/wp\/v2\/media\/247841"}],"wp:attachment":[{"href":"https:\/\/www.europesays.com\/pt\/wp-json\/wp\/v2\/media?parent=247840"}],"wp:term":[{"taxonomy":"category","embeddable":true,"href":"https:\/\/www.europesays.com\/pt\/wp-json\/wp\/v2\/categories?post=247840"},{"taxonomy":"post_tag","embeddable":true,"href":"https:\/\/www.europesays.com\/pt\/wp-json\/wp\/v2\/tags?post=247840"}],"curies":[{"name":"wp","href":"https:\/\/api.w.org\/{rel}","templated":true}]}}