{"id":247848,"date":"2026-01-28T12:24:09","date_gmt":"2026-01-28T12:24:09","guid":{"rendered":"https:\/\/www.europesays.com\/pt\/247848\/"},"modified":"2026-01-28T12:24:09","modified_gmt":"2026-01-28T12:24:09","slug":"video-estadio-da-u-leiria-destruido-apos-passagem-da-depressao-kristin-2","status":"publish","type":"post","link":"https:\/\/www.europesays.com\/pt\/247848\/","title":{"rendered":"V\u00cdDEO: Est\u00e1dio da U. Leiria destru\u00eddo ap\u00f3s passagem da depress\u00e3o Kristin"},"content":{"rendered":"<p>\t                Fortes rajadas de vento levantaram a cobertura do recinto e danificaram estrutura \u00e0 volta do relvado<\/p>\n<p>O rasto de destrui\u00e7\u00e3o da depress\u00e3o Kristin deixou o Est\u00e1dio Dr. Magalh\u00e3es Pessoa sem cobertura e parcialmente destru\u00eddo, devido \u00e0s fortes rajadas de vento que afetaram a cidade na \u00faltima madrugada.<\/p>\n<p>Al\u00e9m da cobertura do recinto, a pr\u00f3pria estrutura \u00e0 volta do relvado ficou bastante danificada, como \u00e9 poss\u00edvel ver nas imagens abaixo partilhadas nas redes sociais. Recorde-se que o est\u00e1dio foi palco da \u00abfinal four\u00bb da \u00faltima edi\u00e7\u00e3o da Ta\u00e7a da Liga, conquistada pelo V. Guimar\u00e3es.<\/p>\n<p><strong>Assista aqui \u00e0s imagens da destrui\u00e7\u00e3o:<\/strong><\/p>\n<p>De resto, a cidade de Leiria foi uma das mais afetadas pela depress\u00e3o Kristin, que acabou por deixar completamente destru\u00eddo o Pavilh\u00e3o de Embra, na Marinha Grande. As imagens mostram um cen\u00e1rio de devasta\u00e7\u00e3o, com destro\u00e7os da cobertura e paredes no ch\u00e3o.<\/p>\n","protected":false},"excerpt":{"rendered":"Fortes rajadas de vento levantaram a cobertura do recinto e danificaram estrutura \u00e0 volta do relvado O rasto&hellip;\n","protected":false},"author":2,"featured_media":247849,"comment_status":"","ping_status":"","sticky":false,"template":"","format":"standard","meta":{"footnotes":""},"categories":[87],"tags":[609,836,611,27,607,608,333,832,604,46556,135,27038,610,476,46557,301,830,603,5423,570,831,833,8532,62,834,13,835,602,52,32,33,134,29,43615,9417],"class_list":{"0":"post-247848","1":"post","2":"type-post","3":"status-publish","4":"format-standard","5":"has-post-thumbnail","7":"category-desporto","8":"tag-alerta","9":"tag-analise","10":"tag-ao-minuto","11":"tag-breaking-news","12":"tag-cnn","13":"tag-cnn-portugal","14":"tag-comentadores","15":"tag-costa","16":"tag-crime","17":"tag-depressao-kristin","18":"tag-desporto","19":"tag-destruicao","20":"tag-direto","21":"tag-economia","22":"tag-estadio-dr-magalhaes-pessoa","23":"tag-governo","24":"tag-guerra","25":"tag-justica","26":"tag-leiria","27":"tag-live","28":"tag-mais-vistas","29":"tag-marcelo","30":"tag-mau-tempo","31":"tag-mundo","32":"tag-negocios","33":"tag-noticias","34":"tag-opiniao","35":"tag-pais","36":"tag-politica","37":"tag-portugal","38":"tag-pt","39":"tag-sports","40":"tag-ultimas","41":"tag-uniao-de-leiria","42":"tag-vento"},"share_on_mastodon":{"url":"https:\/\/pubeurope.com\/@pt\/115972712853036435","error":""},"_links":{"self":[{"href":"https:\/\/www.europesays.com\/pt\/wp-json\/wp\/v2\/posts\/247848","targetHints":{"allow":["GET"]}}],"collection":[{"href":"https:\/\/www.europesays.com\/pt\/wp-json\/wp\/v2\/posts"}],"about":[{"href":"https:\/\/www.europesays.com\/pt\/wp-json\/wp\/v2\/types\/post"}],"author":[{"embeddable":true,"href":"https:\/\/www.europesays.com\/pt\/wp-json\/wp\/v2\/users\/2"}],"replies":[{"embeddable":true,"href":"https:\/\/www.europesays.com\/pt\/wp-json\/wp\/v2\/comments?post=247848"}],"version-history":[{"count":0,"href":"https:\/\/www.europesays.com\/pt\/wp-json\/wp\/v2\/posts\/247848\/revisions"}],"wp:featuredmedia":[{"embeddable":true,"href":"https:\/\/www.europesays.com\/pt\/wp-json\/wp\/v2\/media\/247849"}],"wp:attachment":[{"href":"https:\/\/www.europesays.com\/pt\/wp-json\/wp\/v2\/media?parent=247848"}],"wp:term":[{"taxonomy":"category","embeddable":true,"href":"https:\/\/www.europesays.com\/pt\/wp-json\/wp\/v2\/categories?post=247848"},{"taxonomy":"post_tag","embeddable":true,"href":"https:\/\/www.europesays.com\/pt\/wp-json\/wp\/v2\/tags?post=247848"}],"curies":[{"name":"wp","href":"https:\/\/api.w.org\/{rel}","templated":true}]}}