{"id":247911,"date":"2026-01-28T13:19:23","date_gmt":"2026-01-28T13:19:23","guid":{"rendered":"https:\/\/www.europesays.com\/pt\/247911\/"},"modified":"2026-01-28T13:19:23","modified_gmt":"2026-01-28T13:19:23","slug":"de-bad-boys-a-the-wrecking-crew-ha-4-novos-filmes-para-ver-esta-semana-no-streaming","status":"publish","type":"post","link":"https:\/\/www.europesays.com\/pt\/247911\/","title":{"rendered":"De Bad Boys a The Wrecking Crew, h\u00e1 4 novos filmes para ver esta semana no Streaming"},"content":{"rendered":"<p>Esta semana, o streaming nacional traz-nos a desculpa ideal para escapar ao frio e ao mau tempo. Assim, a programa\u00e7\u00e3o das grande plataformas reuniram uma grande variedade de obras cinematogr\u00e1ficas que prometem fazer a regalia dos espectadores.<\/p>\n<p>Assim sendo, desde um novo thriller vencedor do \u00d3scar a uma com\u00e9dia rechegada de a\u00e7\u00e3o e adrenalina, h\u00e1 muito para descobrir entre os novos fen\u00f3menos da semana.<\/p>\n<p>Anatomia de uma Queda<br \/>\n<img loading=\"lazy\" decoding=\"async\" class=\"size-full wp-image-664423\" src=\"data:image\/svg+xml,%3Csvg%20xmlns=\" http:=\"\" alt=\"anatomia de uma queda tvcine\" width=\"728\" height=\"385\" data-lazy- data-lazy- data-lazy-src=\"https:\/\/www.europesays.com\/pt\/wp-content\/uploads\/2026\/01\/anatomia-de-uma-queda.webp.webp\"\/>\u00a9NOS Audiovisuais<\/p>\n<p>Os \u00d3scares est\u00e3o ao virar da esquina, mas enquanto esperas pela cerim\u00f3nia, podes revisitar os grandes vencedores do passado no streaming. \u201c<a href=\"https:\/\/www.magazine-hd.com\/apps\/wp\/anatomia-de-uma-queda-critica-justine-triet-oscars-cannes\/\" target=\"_blank\" rel=\"noopener nofollow\">Anatomia de uma Queda<\/a>\u201d venceu a estatueta de Melhor Argumento Original e conta a hist\u00f3ria de Sandra, uma mulher que \u00e9 acuada da morte do marido ap\u00f3s este ser encontrado assassinado na zona isolada onde vivem.<\/p>\n<p>Concebido pela cineasta Justine Triet, o filme conta com um elenco formado por Swann Arlaud, <a href=\"https:\/\/www.magazine-hd.com\/apps\/wp\/novos-membros-academia-de-cinema-hollywood-lily-gladstone\/\" target=\"_blank\" rel=\"noopener nofollow\">Sandra H\u00fcller<\/a>, Samuel Theis e Milo Machado Graner. Embora tenha sido um fen\u00f3meno no cinema, a obra pode ser vista no streaming da HBO Max no dia 27 de janeiro.<\/p>\n<p>Pub<br \/>\n<a href=\"https:\/\/bit.ly\/48vAYm7\" target=\"_blank\" rel=\"nofollow noopener\">&#13;<br \/>\n  <img loading=\"lazy\" decoding=\"async\" width=\"970\" height=\"250\" src=\"data:image\/svg+xml,%3Csvg%20xmlns=\" http:=\"\" alt=\"Ad Banner\" style=\"width:970px; height:auto; border:0; cursor:pointer;\" data-lazy-src=\"https:\/\/www.europesays.com\/pt\/wp-content\/uploads\/2025\/12\/ajasom-bb-03-rose.jpg\"\/>&#13;<br \/>\n<\/a><\/p>\n<p>Awake \/ Acordado<br \/>\n<img loading=\"lazy\" decoding=\"async\" class=\"size-full wp-image-752229\" src=\"data:image\/svg+xml,%3Csvg%20xmlns=\" http:=\"\" alt=\"Acordado (2007) Awake\" width=\"728\" height=\"385\" data-lazy- data-lazy- data-lazy-src=\"https:\/\/www.europesays.com\/pt\/wp-content\/uploads\/2026\/01\/acordado-2007-awake-2.webp.webp\"\/>\u00a9Metro-Goldwyn-Mayer<\/p>\n<p>\u201cAcordado\u201d relata a hist\u00f3ria de um jovem rico, que se v\u00ea submetido a uma cirurgia de transplante de cora\u00e7\u00e3o. No entanto, durante o procedimento, o jovem descobre que a equipa cir\u00fargica tenciona assassin\u00e1-lo.<\/p>\n<p>Assim sendo, Joby Harold realiza a longa-metragem que estreia no streaming da Netflix a 27 de janeiro. Al\u00e9m disso, o projeto conta com <a href=\"https:\/\/www.magazine-hd.com\/apps\/wp\/star-wars-hayden-christensen-anakin-skywalker-darth-vader-leonardo-dicaprio\/\" target=\"_blank\" rel=\"noopener nofollow\">Hayden Christensen<\/a>, <a href=\"https:\/\/www.magazine-hd.com\/apps\/wp\/alerta-risco-trigger-warning-jessica-alba-anthony-michael-hall-netflix\/\" target=\"_blank\" rel=\"noopener nofollow\">Jessica Alba<\/a> e Terrence Howard, bem como Lena Olin e Christopher McDonald.<\/p>\n<p>The Wrecking Crew<br \/>\n<img loading=\"lazy\" decoding=\"async\" class=\"size-full wp-image-752231\" src=\"data:image\/svg+xml,%3Csvg%20xmlns=\" http:=\"\" alt=\"The Wrecking Crew Streaming Prime Video\" width=\"728\" height=\"385\" data-lazy- data-lazy- data-lazy-src=\"https:\/\/www.europesays.com\/pt\/wp-content\/uploads\/2026\/01\/the-wrecking-crew-prime-video-1.webp.webp\"\/>\u00a9Prime Video<\/p>\n<p>\u201cThe Wrecking Crew\u201d narra a hist\u00f3ria de dois meios-irm\u00e3os afastados, Jonny e James , que s\u00e3o for\u00e7ados a reunir-se ap\u00f3s a misteriosa morte do pai. Por\u00e9m, enquanto tentam descobrir a verdade, segredos enterrados ressurgem e lealdades s\u00e3o testadas, revelando uma conspira\u00e7\u00e3o que pode destruir a fam\u00edlia. Contudo, est\u00e3o prontos para destruir tudo o que se atravessar no seu caminho.<\/p>\n<p>Angel Manuel Soto realiza a longa-metragem protagonizada por <a href=\"https:\/\/www.magazine-hd.com\/apps\/wp\/novo-filme-trap-house-dave-bautista-mais-visto-mundo-prime-video\/\" target=\"_blank\" rel=\"noopener nofollow\">Dave Bautista<\/a> e <a href=\"https:\/\/www.magazine-hd.com\/apps\/wp\/um-filme-minecraft-critica-analise-review-jason-momoa-jack-black-adaptacao-videojogo\/\" target=\"_blank\" rel=\"noopener nofollow\">Jason Momoa<\/a>. Al\u00e9m disso, o elenco junta ainda Claes Bang, Temuera Morrison e Jacob Batalon, bem como Frankie Adams e Miyavi. A estreia do filme decorre no streaming da Prime Video a 28 de janeiro.<\/p>\n<p>Bad Boys: Ride or Die \/ Bad Boys: Tudo ou Nada<br \/>\n<img loading=\"lazy\" decoding=\"async\" class=\"size-full wp-image-718078\" src=\"data:image\/svg+xml,%3Csvg%20xmlns=\" http:=\"\" alt=\"Bad Boys Ride or Die\" width=\"728\" height=\"385\" data-lazy- data-lazy- data-lazy-src=\"https:\/\/www.europesays.com\/pt\/wp-content\/uploads\/2026\/01\/bad-boys-ride-or-die-1.webp.webp\"\/>\u00a9 2024 CTMG, Inc. All Rights Reserved.<\/p>\n<p>\u201cBad Boys: Tudo ou Nada\u201d decorre quando o seu falecido capit\u00e3o da pol\u00edcia \u00e9 ligado a cart\u00e9is de droga. Assim sendo, os pol\u00edcias de Miami Mike Lowrey e Marcus Burnett embarcam numa perigosa miss\u00e3o para limpar o seu nome.<\/p>\n<p>Por fim, <a href=\"https:\/\/www.magazine-hd.com\/apps\/wp\/bad-boys-ride-or-die-televisao-portuguesa-esta-semana\/\" target=\"_blank\" rel=\"noopener nofollow\">Adil El Arbi e Bilall Fallah<\/a> realizam a sequela recheada de a\u00e7\u00e3o com base no cl\u00e1ssico de <a href=\"https:\/\/www.magazine-hd.com\/apps\/wp\/filme-stephen-king-michael-bay-transformers\/\" target=\"_blank\" rel=\"noopener nofollow\">Michael Bay<\/a>. Al\u00e9m disso, o projeto junta <a href=\"https:\/\/www.magazine-hd.com\/apps\/wp\/nova-serie-will-smith-top-mais-vistas-disney\/\" target=\"_blank\" rel=\"noopener nofollow\">Will Smith<\/a>, Martin Lawrence e Vanessa Hudgens, bem como Alexander Ludwig e Paola N\u00fa\u00f1ez. A estreia decorre no streaming da Netflix j\u00e1 no dia 31 de janeiro.<\/p>\n<p>Outras estreias esta semana<br \/>\n<img loading=\"lazy\" decoding=\"async\" class=\"size-full wp-image-718234\" src=\"data:image\/svg+xml,%3Csvg%20xmlns=\" http:=\"\" alt=\"Streaming em 4K\" width=\"728\" height=\"385\" data-lazy- data-lazy- data-lazy-src=\"https:\/\/www.europesays.com\/pt\/wp-content\/uploads\/2026\/01\/streaming-em-4k-3.webp.webp\"\/>Cr\u00e9dito editorial: Proxima Studio\/ Shutterstock.com (ID: 2394656389)<\/p>\n<p>Por fim, h\u00e1 outros filmes tamb\u00e9m a caminho das plataformas de streaming esta semana (25 a 31 de janeiro de 2026):<\/p>\n<ul>\n<li>Mike Epps \u2013 Delusional \u2013 27 de janeiro (Netflix)<\/li>\n<li>Awake \u2013 27 de janeiro (Netflix)<\/li>\n<li>Anatomia de uma Queda \u2013 27 de janeiro (HBO Max)<\/li>\n<li>33 Photos from the Ghetto \u2013 27 de janeiro (HBO Max)<\/li>\n<li>Migration \u2013 28 de janeiro (Netflix)<\/li>\n<li>The Wrecking Crew \u2013 28 de janeiro (Prime Video)<\/li>\n<li>A Letter to my Youth \u2013 29 de janeiro (Netflix)<\/li>\n<li>96 Minutes \u2013 30 de janeiro (Netflix)<\/li>\n<li>Miracle: The Boys of \u201980 \u2013 30 de janeiro (Netflix)<\/li>\n<li>Bad Boys: Ride or Die \u2013 31 de janeiro (Netflix)<\/li>\n<\/ul>\n<p>\n        About The Author<\/p>\n<p>                <a href=\"https:\/\/www.magazine-hd.com\/apps\/wp\/author\/jfernandes\/\" rel=\"nofollow noopener\" target=\"_blank\"><img loading=\"lazy\" decoding=\"async\" width=\"150\" height=\"150\" src=\"data:image\/svg+xml,%3Csvg%20xmlns=\" http:=\"\" class=\"avatar avatar-150 photo\" alt=\"\" data-lazy- data-lazy- data-lazy-src=\"https:\/\/www.europesays.com\/pt\/wp-content\/uploads\/2025\/12\/JFavatar-0-00-00-02-150x150.jpg\"\/><\/a><\/p>\n<p>                    <a href=\"https:\/\/www.magazine-hd.com\/apps\/wp\/author\/jfernandes\/\" rel=\"nofollow noopener\" target=\"_blank\">Jo\u00e3o Fernandes<\/a><\/p>\n<p>Licenciado em Cinema pela Universidade da Beira-Interior, onde produziu as curtas-metragens \u201cEntre-Portas\u201d, \u201cThe Girl and the Meadow\u201d, e \u201cMaking Art\u201d. Foi produtor de conte\u00fado audiovisual para o Club Otaku. Fez a sua estreia na MHD em 2017, sendo atualmente redator de conte\u00fado, coordenador de Gaming, Qualidade e Parcerias. Possui uma aprecia\u00e7\u00e3o especial por banda desenhada, fotografia e videojogos.<\/p>\n<p>\t\t<\/p>\n","protected":false},"excerpt":{"rendered":"Esta semana, o streaming nacional traz-nos a desculpa ideal para escapar ao frio e ao mau tempo. Assim,&hellip;\n","protected":false},"author":2,"featured_media":247912,"comment_status":"","ping_status":"","sticky":false,"template":"","format":"standard","meta":{"footnotes":""},"categories":[140],"tags":[46561,19497,46562,46563,46564,114,115,147,148,1583,146,716,32,1587,33,940,46565],"class_list":{"0":"post-247911","1":"post","2":"type-post","3":"status-publish","4":"format-standard","5":"has-post-thumbnail","7":"category-filmes","8":"tag-anatomia-de-uma-queda","9":"tag-awake","10":"tag-bad-boys","11":"tag-bad-boys-ride-or-die","12":"tag-bad-boys-tudo-ou-nada","13":"tag-entertainment","14":"tag-entretenimento","15":"tag-film","16":"tag-filmes","17":"tag-hbo-max","18":"tag-movies","19":"tag-netflix","20":"tag-portugal","21":"tag-prime-video","22":"tag-pt","23":"tag-streaming","24":"tag-the-wrecking-crew"},"share_on_mastodon":{"url":"https:\/\/pubeurope.com\/@pt\/115972929601485655","error":""},"_links":{"self":[{"href":"https:\/\/www.europesays.com\/pt\/wp-json\/wp\/v2\/posts\/247911","targetHints":{"allow":["GET"]}}],"collection":[{"href":"https:\/\/www.europesays.com\/pt\/wp-json\/wp\/v2\/posts"}],"about":[{"href":"https:\/\/www.europesays.com\/pt\/wp-json\/wp\/v2\/types\/post"}],"author":[{"embeddable":true,"href":"https:\/\/www.europesays.com\/pt\/wp-json\/wp\/v2\/users\/2"}],"replies":[{"embeddable":true,"href":"https:\/\/www.europesays.com\/pt\/wp-json\/wp\/v2\/comments?post=247911"}],"version-history":[{"count":0,"href":"https:\/\/www.europesays.com\/pt\/wp-json\/wp\/v2\/posts\/247911\/revisions"}],"wp:featuredmedia":[{"embeddable":true,"href":"https:\/\/www.europesays.com\/pt\/wp-json\/wp\/v2\/media\/247912"}],"wp:attachment":[{"href":"https:\/\/www.europesays.com\/pt\/wp-json\/wp\/v2\/media?parent=247911"}],"wp:term":[{"taxonomy":"category","embeddable":true,"href":"https:\/\/www.europesays.com\/pt\/wp-json\/wp\/v2\/categories?post=247911"},{"taxonomy":"post_tag","embeddable":true,"href":"https:\/\/www.europesays.com\/pt\/wp-json\/wp\/v2\/tags?post=247911"}],"curies":[{"name":"wp","href":"https:\/\/api.w.org\/{rel}","templated":true}]}}