{"id":247960,"date":"2026-01-28T14:16:10","date_gmt":"2026-01-28T14:16:10","guid":{"rendered":"https:\/\/www.europesays.com\/pt\/247960\/"},"modified":"2026-01-28T14:16:10","modified_gmt":"2026-01-28T14:16:10","slug":"sweet-vengeance-novo-filme-de-brian-de-palma-tera-diretor-de-fotografia-de-bacurau","status":"publish","type":"post","link":"https:\/\/www.europesays.com\/pt\/247960\/","title":{"rendered":"Sweet Vengeance: Novo filme de Brian De Palma ter\u00e1 diretor de fotografia de Bacurau"},"content":{"rendered":"<p class=\"wp-block-yoast-seo-estimated-reading-time yoast-reading-time__wrapper\">Estimated reading time: 2 minutos<\/p>\n<p><a href=\"https:\/\/ovicio.com.br\/tag\/brian-de-palma\" target=\"_blank\" rel=\"noreferrer noopener nofollow\">Brian De Palma<\/a> est\u00e1 pronto para mais um retorno triunfal em Hollywood, e est\u00e1 convocando ningu\u00e9m mais que <strong>Pedro Sotero<\/strong>, diretor de fotografia do aclamado <a href=\"https:\/\/ovicio.com.br\/tag\/bacurau\" target=\"_blank\" rel=\"noreferrer noopener nofollow\">Bacurau (2019)<\/a>, para <strong>Sweet Vengeance. <\/strong><\/p>\n<p>Produzido pela <strong>RT Features,<\/strong> do brasileiro <strong>Rodrigo Teixeira<\/strong>, o longa-metragem tamb\u00e9m recrutou a figurinista <strong>Cl\u00e1udia Kopke<\/strong>, que trabalhou no vencedor do Oscar, <a href=\"https:\/\/ovicio.com.br\/filme\/ainda-estou-aqui\" target=\"_blank\" rel=\"noreferrer noopener nofollow\">Ainda Estou Aqui (2024)<\/a>.<\/p>\n<p>A informa\u00e7\u00e3o compartilhada pela Folha, veio atrav\u00e9s do pr\u00f3prio <strong>Teixeira<\/strong> durante uma mesa redonda da <strong>Mostra de Cinema Tiradentes<\/strong>, ao abordar a internacionaliza\u00e7\u00e3o do cinema brasileiro.<\/p>\n<p>A <strong>RT Features<\/strong> tamb\u00e9m \u00e9 creditada por <a href=\"https:\/\/ovicio.com.br\/tag\/me-chame-pelo-seu-nome\" rel=\"nofollow noopener\" target=\"_blank\">Me Chame Pelo <\/a><a href=\"https:\/\/ovicio.com.br\/tag\/me-chame-pelo-seu-nome\" target=\"_blank\" rel=\"noreferrer noopener nofollow\">Seu <\/a><a href=\"https:\/\/ovicio.com.br\/tag\/me-chame-pelo-seu-nome\" rel=\"nofollow noopener\" target=\"_blank\">Nome (2017)<\/a>, sucesso de <strong>Luca Guadagnino,<\/strong> e <strong>A Bruxa (2015)<\/strong>, de <strong>Robert Eggers<\/strong>.<\/p>\n<p><strong>Pedro Sotero<\/strong>, vale destacar, tamb\u00e9m cuidou das lentes de outros premiados filmes brasileiros, incluindo <strong>Propriedade (2022) <\/strong>e <strong>Baby (2024)<\/strong>. <strong>Kopke<\/strong>, por sua vez, j\u00e1 refor\u00e7ou seu talento em t\u00edtulos como <strong>Que Horas Ela Volta? (2015)<\/strong>.<\/p>\n<p>O come\u00e7o da produ\u00e7\u00e3o de <strong>Sweet Vengeance <\/strong>est\u00e1 previsto para maio deste ano em Portugal, enquanto o filme deve ser inspirado nos casos reais de dois assassinatos.<\/p>\n<p>Uma data de lan\u00e7amento permanece indefinida, enquanto membros do elenco podem ser anunciados em breve.<\/p>\n<p>Leia mais sobre Brian De Palma:<\/p>\n<p><strong>Fonte:<\/strong> <a href=\"https:\/\/www1.folha.uol.com.br\/ilustrada\/2026\/01\/filme-de-brian-de-palma-tera-fotografo-de-bacurau-e-figurinista-de-ainda-estou-aqui.shtml\" target=\"_blank\" rel=\"noreferrer noopener nofollow\">A Folha<\/a>.<\/p>\n","protected":false},"excerpt":{"rendered":"Estimated reading time: 2 minutos Brian De Palma est\u00e1 pronto para mais um retorno triunfal em Hollywood, e&hellip;\n","protected":false},"author":2,"featured_media":247961,"comment_status":"","ping_status":"","sticky":false,"template":"","format":"standard","meta":{"footnotes":"","_share_on_mastodon":"0"},"categories":[140],"tags":[4352,7248,46574,114,115,147,148,146,32,33,46575,46576],"class_list":["post-247960","post","type-post","status-publish","format-standard","has-post-thumbnail","category-filmes","tag-ainda-estou-aqui","tag-bacurau","tag-brian-de-palma","tag-entertainment","tag-entretenimento","tag-film","tag-filmes","tag-movies","tag-portugal","tag-pt","tag-rt-features","tag-sweet-vengeance"],"share_on_mastodon":{"url":"https:\/\/pubeurope.com\/@pt\/115973153372425797","error":""},"_links":{"self":[{"href":"https:\/\/www.europesays.com\/pt\/wp-json\/wp\/v2\/posts\/247960","targetHints":{"allow":["GET"]}}],"collection":[{"href":"https:\/\/www.europesays.com\/pt\/wp-json\/wp\/v2\/posts"}],"about":[{"href":"https:\/\/www.europesays.com\/pt\/wp-json\/wp\/v2\/types\/post"}],"author":[{"embeddable":true,"href":"https:\/\/www.europesays.com\/pt\/wp-json\/wp\/v2\/users\/2"}],"replies":[{"embeddable":true,"href":"https:\/\/www.europesays.com\/pt\/wp-json\/wp\/v2\/comments?post=247960"}],"version-history":[{"count":0,"href":"https:\/\/www.europesays.com\/pt\/wp-json\/wp\/v2\/posts\/247960\/revisions"}],"wp:featuredmedia":[{"embeddable":true,"href":"https:\/\/www.europesays.com\/pt\/wp-json\/wp\/v2\/media\/247961"}],"wp:attachment":[{"href":"https:\/\/www.europesays.com\/pt\/wp-json\/wp\/v2\/media?parent=247960"}],"wp:term":[{"taxonomy":"category","embeddable":true,"href":"https:\/\/www.europesays.com\/pt\/wp-json\/wp\/v2\/categories?post=247960"},{"taxonomy":"post_tag","embeddable":true,"href":"https:\/\/www.europesays.com\/pt\/wp-json\/wp\/v2\/tags?post=247960"}],"curies":[{"name":"wp","href":"https:\/\/api.w.org\/{rel}","templated":true}]}}