{"id":24814,"date":"2025-08-11T12:58:12","date_gmt":"2025-08-11T12:58:12","guid":{"rendered":"https:\/\/www.europesays.com\/pt\/24814\/"},"modified":"2025-08-11T12:58:12","modified_gmt":"2025-08-11T12:58:12","slug":"condutor-absolvido-com-204-g-l-de-alcool-no-sangue-impressora-do-alcoolimetro-falhou","status":"publish","type":"post","link":"https:\/\/www.europesays.com\/pt\/24814\/","title":{"rendered":"Condutor absolvido com 2,04 g\/l de \u00e1lcool no sangue! Impressora do alcool\u00edmetro falhou&#8230;"},"content":{"rendered":"<p>H\u00e1 casos &#8220;in\u00e9ditos&#8221; que hoje facilmente chegam aos canais noticiosos.\u00a0 Um condutor foi recentemente apanhado com 2,04 g\/l de \u00e1lcool no sangue, mas impressora do alcool\u00edmetro n\u00e3o funcionou. Inicialmente o condutor foi absolvido.<\/p>\n<p><a target=\"_blank\" href=\"https:\/\/pplware.sapo.pt\/wp-content\/uploads\/2023\/12\/alcoolimetros_carros01.jpg\" onclick=\"refreshIframe()\" class=\"foobox\" rel=\"nofollow noopener\"><img fetchpriority=\"high\" decoding=\"async\" src=\"https:\/\/www.europesays.com\/pt\/wp-content\/uploads\/2025\/08\/alcoolimetros_carros01-720x405.jpg\" alt=\"\" width=\"720\" height=\"405\" class=\"aligncenter size-medium wp-image-964418\"  \/><\/a><\/p>\n<p>Apesar de todos os alertas e campanhas, os condutores continuam a conduzir sob o efeito de \u00e1lcool. Al\u00e9m da seguran\u00e7a dos pr\u00f3prios, amea\u00e7am tamb\u00e9m a seguran\u00e7a de todos os outros que circulam na estrada.<\/p>\n<p>Em Portugal, considera-se sob influ\u00eancia de \u00e1lcool o condutor que apresente uma taxa de \u00e1lcool no sangue igual ou superior a 0,5 g\/l ou que, ap\u00f3s exame realizado nos termos previstos no presente C\u00f3digo e legisla\u00e7\u00e3o complementar, seja como tal considerado em relat\u00f3rio m\u00e9dico.<\/p>\n<p>Em Portugal, um condutor, com uma taxa de 2,04 g\/l de \u00e1lcool no sangue,<strong>\u00a0foi inicialmente absolvido<\/strong> \u2014 a decis\u00e3o teria sido tomada devido \u00e0 falha na emiss\u00e3o do tal\u00e3o impresso pelo aparelho, tornando inv\u00e1lido o \u00fanico meio formal de prova naquela situa\u00e7\u00e3o.<\/p>\n<p>Para justificar a deten\u00e7\u00e3o, o agente da PSP fotografou o visor do aparelho, onde surgia o valor de 2,04 g\/l de \u00e1lcool no sangue. De referir que tal valor \u00e9 considerado crime rodovi\u00e1rio em Portugal.<\/p>\n<p><strong>No Tribunal de \u00c9vora, a ju\u00edza considerou que a fotografia do visor n\u00e3o poderia ser considerada<\/strong>, sendo necess\u00e1rio o tal\u00e3o com o valor do teste. O homem acabou absolvido do crime de condu\u00e7\u00e3o de ve\u00edculo em estado de embriaguez.<\/p>\n<p><strong>No entanto, a decis\u00e3o foi posteriormente revertida por tr\u00eas ju\u00edzas desembargadoras do Tribunal da Rela\u00e7\u00e3o<\/strong>, tendo o automobilista sido condenado a<strong> pagar uma multa de 900 euros e a ficar cinco meses sem conduzir<\/strong>, segundo revela o JN. Segundo as ju\u00edzas, a fotografia pode servir como substituta do tal\u00e3o, porque o agente documentou e justificou tecnicamente a falha.<\/p>\n<p><a target=\"_blank\" href=\"https:\/\/pplware.sapo.pt\/wp-content\/uploads\/2023\/12\/alcoolimetros_carros00.jpg\" onclick=\"refreshIframe()\" class=\"foobox\" rel=\"nofollow noopener\"><img loading=\"lazy\" decoding=\"async\" src=\"https:\/\/www.europesays.com\/pt\/wp-content\/uploads\/2025\/08\/alcoolimetros_carros00-720x405.jpg\" alt=\"\" width=\"720\" height=\"405\" class=\"aligncenter size-medium wp-image-964417\"  \/><\/a><\/p>\n<p>Condu\u00e7\u00e3o sob efeito de \u00e1lcool? Quantos pontos perde?<\/p>\n<p>A condu\u00e7\u00e3o sob o\u00a0efeito de \u00e1lcool reflete-se tamb\u00e9m ao n\u00edvel dos pontos. O n\u00famero de pontos retirados varia de acordo com a taxa de \u00e1lcool e tipo de contraordena\u00e7\u00e3o. Toda a informa\u00e7\u00e3o est\u00e1 referida no artigo\u00a0148.\u00ba do C\u00f3digo da Estrada. Se a:<\/p>\n<ul>\n<li>Taxa de \u00e1lcool no sangue igual ou superior a 0,5 g\/l e inferior a 0,8 g\/l (contraordena\u00e7\u00e3o grave) \u2013\u00a0<strong>perda de 3 pontos;<\/strong><\/li>\n<li>Taxa de \u00e1lcool no sangue superior a 0,8 g\/l (contraordena\u00e7\u00e3o muito grave) \u2013\u00a0<strong>perda de 5 pontos;<\/strong><\/li>\n<li>Taxa de \u00e1lcool no sangue igual ou superior a 0,2 g\/l e inferior a 0,5 g\/l em condutores em regime probat\u00f3rio, condutores de ve\u00edculos de urg\u00eancia, de transporte de crian\u00e7as, t\u00e1xi, de autom\u00f3vel pesado ou de transporte de mercadorias perigosas (contraordena\u00e7\u00e3o grave) \u2013\u00a0<strong>perda de 3 pontos;<\/strong><\/li>\n<li>Taxa de \u00e1lcool no sangue superior a 0,5 g\/l em condutores em regime probat\u00f3rio (contraordena\u00e7\u00e3o muito grave) \u2013\u00a0<strong>perda de 5 pontos;<\/strong><\/li>\n<li>Taxa de \u00e1lcool superior a 1,20 g\/l (crime rodovi\u00e1rio) \u2013\u00a0<strong>perda de 6 pontos.<\/strong><\/li>\n<\/ul>\n","protected":false},"excerpt":{"rendered":"H\u00e1 casos &#8220;in\u00e9ditos&#8221; que hoje facilmente chegam aos canais noticiosos.\u00a0 Um condutor foi recentemente apanhado com 2,04 g\/l&hellip;\n","protected":false},"author":2,"featured_media":24815,"comment_status":"","ping_status":"","sticky":false,"template":"","format":"standard","meta":{"footnotes":""},"categories":[10],"tags":[4522,8548,27,28,15,16,14,25,26,21,22,12,13,19,20,32,23,24,33,17,18,29,30,31],"class_list":{"0":"post-24814","1":"post","2":"type-post","3":"status-publish","4":"format-standard","5":"has-post-thumbnail","7":"category-portugal","8":"tag-alcool","9":"tag-alcoolimetro","10":"tag-breaking-news","11":"tag-breakingnews","12":"tag-featured-news","13":"tag-featurednews","14":"tag-headlines","15":"tag-latest-news","16":"tag-latestnews","17":"tag-main-news","18":"tag-mainnews","19":"tag-news","20":"tag-noticias","21":"tag-noticias-principais","22":"tag-noticiasprincipais","23":"tag-portugal","24":"tag-principais-noticias","25":"tag-principaisnoticias","26":"tag-pt","27":"tag-top-stories","28":"tag-topstories","29":"tag-ultimas","30":"tag-ultimas-noticias","31":"tag-ultimasnoticias"},"share_on_mastodon":{"url":"","error":""},"_links":{"self":[{"href":"https:\/\/www.europesays.com\/pt\/wp-json\/wp\/v2\/posts\/24814","targetHints":{"allow":["GET"]}}],"collection":[{"href":"https:\/\/www.europesays.com\/pt\/wp-json\/wp\/v2\/posts"}],"about":[{"href":"https:\/\/www.europesays.com\/pt\/wp-json\/wp\/v2\/types\/post"}],"author":[{"embeddable":true,"href":"https:\/\/www.europesays.com\/pt\/wp-json\/wp\/v2\/users\/2"}],"replies":[{"embeddable":true,"href":"https:\/\/www.europesays.com\/pt\/wp-json\/wp\/v2\/comments?post=24814"}],"version-history":[{"count":0,"href":"https:\/\/www.europesays.com\/pt\/wp-json\/wp\/v2\/posts\/24814\/revisions"}],"wp:featuredmedia":[{"embeddable":true,"href":"https:\/\/www.europesays.com\/pt\/wp-json\/wp\/v2\/media\/24815"}],"wp:attachment":[{"href":"https:\/\/www.europesays.com\/pt\/wp-json\/wp\/v2\/media?parent=24814"}],"wp:term":[{"taxonomy":"category","embeddable":true,"href":"https:\/\/www.europesays.com\/pt\/wp-json\/wp\/v2\/categories?post=24814"},{"taxonomy":"post_tag","embeddable":true,"href":"https:\/\/www.europesays.com\/pt\/wp-json\/wp\/v2\/tags?post=24814"}],"curies":[{"name":"wp","href":"https:\/\/api.w.org\/{rel}","templated":true}]}}