{"id":24816,"date":"2025-08-11T12:59:10","date_gmt":"2025-08-11T12:59:10","guid":{"rendered":"https:\/\/www.europesays.com\/pt\/24816\/"},"modified":"2025-08-11T12:59:10","modified_gmt":"2025-08-11T12:59:10","slug":"portugal-e-o-unico-pais-sem-prazo-para-o-reagrupamento-observador","status":"publish","type":"post","link":"https:\/\/www.europesays.com\/pt\/24816\/","title":{"rendered":"&#8220;Portugal \u00e9 o \u00fanico pa\u00eds sem prazo para o reagrupamento&#8221; \u2013 Observador"},"content":{"rendered":"<p>O secret\u00e1rio de Estado Adjunto da Presid\u00eancia e da Imigra\u00e7\u00e3o garantiu esta segunda-feira que o Governo vai acomodar o <a href=\"https:\/\/observador.pt\/especiais\/lei-dos-estrangeiros-os-cinco-chumbos-do-tc-a-divisao-dos-juizes-e-a-visao-dos-constitucionalistas-para-o-futuro-do-diploma\/\" rel=\"nofollow noopener\" target=\"_blank\">chumbo do Tribunal Constitucional (TC)<\/a> \u00e0s altera\u00e7\u00f5es a cinco normas da Lei dos Estrangeiros, mas deixou cr\u00edticas veladas \u00e0 decis\u00e3o dos ju\u00edzes do Pal\u00e1cio Ratton e lembrou que <strong>Portugal \u00e9 \u201co \u00fanico pa\u00eds sem prazo para o reagrupamento familiar\u201d<\/strong>.<\/p>\n<p>Em declara\u00e7\u00f5es ao programa <a href=\"https:\/\/observador.pt\/programas\/explicador\/rui-armindo-freitas-estamos-a-resolver-problemas-na-imigracao-desde-2024\/\" rel=\"nofollow noopener\" target=\"_blank\">Explicador<\/a>, da R\u00e1dio Observador, Rui Armindo Freitas notou que as altera\u00e7\u00f5es propostas visam impor \u201cregras para responder a este momento demogr\u00e1fico em Portugal\u201d. Vincou tamb\u00e9m que a inten\u00e7\u00e3o de fixar um prazo m\u00ednimo de dois anos de perman\u00eancia legal em territ\u00f3rio nacional at\u00e9 que um titular de autoriza\u00e7\u00e3o de resid\u00eancia possa submeter um pedido de reagrupamento familiar est\u00e1 em linha com a pr\u00e1tica noutros estados-membros da Uni\u00e3o Europeia.<\/p>\n<blockquote class=\"wp-embedded-content\" data-secret=\"zKEh47mPWN\">\n<p><a href=\"https:\/\/observador.pt\/programas\/explicador\/rui-armindo-freitas-estamos-a-resolver-problemas-na-imigracao-desde-2024\/\" rel=\"nofollow noopener\" target=\"_blank\">Rui Armindo Freitas: \u201cEstamos a resolver problemas na imigra\u00e7\u00e3o desde 2024\u201d<\/a><\/p>\n<\/blockquote>\n<p>\u201cPodemos olhar para o contexto da Uni\u00e3o Europeia, sendo Portugal o \u00fanico pa\u00eds sem prazo para o reagrupamento familiar\u201d, assinalou o governante, justificando a l\u00f3gica dos dois anos: \u201cQuando estamos a falar de um prazo, queremos que se estabele\u00e7a um v\u00ednculo laboral est\u00e1vel. (\u2026) <strong>Se toda a gente acha que introduzir um prazo \u00e9 desumano, ent\u00e3o todos os pa\u00edses da UE s\u00e3o desumanos<\/strong>, porque t\u00eam todos prazo\u201d.<\/p>\n<p>Rui Armindo Freitas defendeu tamb\u00e9m que o reagrupamento familiar pode continuar a ocorrer de forma autom\u00e1tica, ao dar o exemplo de um casal que vem trabalhar legalmente para Portugal e que pode trazer os seus filhos, e deixou cr\u00edticas ao TC e aos partidos que eram contra o diploma aprovado no Parlamento em julho por PSD, CDS-PP e Chega.<\/p>\n<p>\u201cNa realidade, se estamos hoje a regularizar centenas de milhares de pessoas, o reagrupamento familiar ter\u00e1 a tend\u00eancia de aumentar, porque hoje j\u00e1 podem pedir o reagrupamento que lhes foi vedado durante anos em Portugal e em que ningu\u00e9m se importou com isso. (\u2026) <strong>Ningu\u00e9m se escandalizava com o facto de termos deixado vir pessoas indocumentadas e entregues \u00e0 explora\u00e7\u00e3o e \u00e0 indignidade<\/strong>\u201c, referiu, enfatizando: \u201cO chegar a Portugal e logo se ver depois como se integra acabou com este Governo\u201d.<\/p>\n<p>De acordo com o governante, o Estado tem de estar preparado para receber com condi\u00e7\u00f5es os imigrantes, o que \u201cn\u00e3o aconteceu durante anos\u201d, apontando aos anos de governa\u00e7\u00e3o socialista de Ant\u00f3nio Costa.<\/p>\n<blockquote class=\"wp-embedded-content\" data-secret=\"35376MTDQm\">\n<p><a href=\"https:\/\/observador.pt\/liveblogs\/tc-declara-inconstitucional-nova-lei-de-estrangeiros\/\" rel=\"nofollow noopener\" target=\"_blank\">Vice-presidente do TC critica inconstitucionalidade e sugere que decis\u00e3o sobre lei de estrangeiros baseou-se em convic\u00e7\u00f5es pessoais<\/a><\/p>\n<\/blockquote>\n<p>Sobre os passos seguintes ao chumbo anunciado na sexta-feira pelo TC, Rui Armindo Freitas destacou que \u201cesteve longe de ser uma decis\u00e3o un\u00e2nime\u201d. Sem querer comentar as <a href=\"https:\/\/observador.pt\/liveblogs\/tc-declara-inconstitucional-nova-lei-de-estrangeiros\/\" rel=\"nofollow noopener\" target=\"_blank\">cr\u00edticas do vice-presidente do tribunal<\/a>, Gon\u00e7alo Almeida Ribeiro, em que este juiz conselheiro considerou que a maioria dos colegas deixou contaminar a aprecia\u00e7\u00e3o constitucional das normas pelas suas pr\u00f3prias \u201cconvic\u00e7\u00f5es pessoais\u201d, Rui Armindo Freitas recusou ver o chumbo como uma derrota do Governo.<\/p>\n<p>\u201cN\u00e3o sinto que isto seja uma derrota, de todo. Ao longo dos anos tem havido v\u00e1rias fiscaliza\u00e7\u00f5es preventivas e nem por isso se deixa de corrigir\u201d, indicou, acrescentando: \u201cIremos observar as chamadas de aten\u00e7\u00e3o e as bases disso. O objetivo \u00e9 ter leis que se possam aplicar no pa\u00eds na pr\u00e1tica. Aquilo que estamos a propor est\u00e1 conforme a diretiva comunit\u00e1ria. <strong>Teremos de acomodar, mantendo sempre o destino das nossas pol\u00edticas\u201d<\/strong>.<\/p>\n<p>Questionado sobre uma <a href=\"https:\/\/observador.pt\/especiais\/governo-ja-estuda-forma-de-contornar-chumbo-com-o-ps-a-pedir-dialogo-ventura-ameaca\/\" rel=\"nofollow noopener\" target=\"_blank\">eventual negocia\u00e7\u00e3o<\/a> com outros partidos, como o Chega ou o PS, sobre a reformula\u00e7\u00e3o das altera\u00e7\u00f5es \u00e0 Lei dos Estrangeiros, Rui Armindo Freitas ressalvou que a proposta surgiu \u201cindependentemente de qualquer partido\u201d e que a regula\u00e7\u00e3o da imigra\u00e7\u00e3o \u00e9 uma prioridade.<\/p>\n<blockquote class=\"wp-embedded-content\" data-secret=\"v8ePZbnxeN\">\n<p><a href=\"https:\/\/observador.pt\/especiais\/governo-ja-estuda-forma-de-contornar-chumbo-com-o-ps-a-pedir-dialogo-ventura-ameaca\/\" rel=\"nofollow noopener\" target=\"_blank\">Governo j\u00e1 estuda forma de contornar chumbo, com o PS a pedir di\u00e1logo. Ventura amea\u00e7a<\/a><\/p>\n<\/blockquote>\n<p class=\"tinymceh1\">\u201cA quest\u00e3o n\u00e3o tem que ver com negociar, existe um racional por tr\u00e1s que tem que ver com a realidade que se vive no nosso pa\u00eds. Com a nossa proposta, vamos tentar que seja o mais fiel poss\u00edvel ao que propusemos\u201d, observou. O governante enfatizou tamb\u00e9m a necessidade da vinda de imigrantes \u201cde forma segura e regulada\u201d para o pa\u00eds. \u201cTentaremos ser r\u00e1pidos, porque o pa\u00eds precisa mesmo de regras que se compade\u00e7am com a nossa realidade\u201d, complementou.<\/p>\n<p>J\u00e1 sobre o desembarque dos 38 migrantes na sexta-feira \u00e0 noite na praia de Boca do Rio, em Vila do Bispo, e a consequente <a href=\"https:\/\/observador.pt\/2025\/08\/09\/31-migrantes-que-chegaram-ao-algarve-obrigados-a-sair-de-portugal\/\" rel=\"nofollow noopener\" target=\"_blank\">decis\u00e3o de afastamento do territ\u00f3rio nacional<\/a> emitida pelo tribunal de Silves para os 31 migrantes que j\u00e1 foram presentes a juiz, Rui Armindo Freitas considerou que a situa\u00e7\u00e3o foi um exemplo de aplica\u00e7\u00e3o de regras com humanismo.<\/p>\n<p>\u201cFicou bem claro para todos que podemos ter regras e execut\u00e1-las com humanismo. <strong>Portugal \u00e9 um Estado de direito e, com este Governo, as regras s\u00e3o para cumprir<\/strong>\u201c, reiterou, explicando que o <a href=\"https:\/\/observador.pt\/especiais\/o-risco-de-fuga-as-condicoes-da-expulsao-os-menores-e-a-falta-de-advogados-9-perguntas-e-respostas-sobre-os-38-migrantes-do-algarve\/\" rel=\"nofollow noopener\" target=\"_blank\">processo de expuls\u00e3o ser\u00e1 mais r\u00e1pido para os estrangeiros que chegaram com documentos<\/a>.<\/p>\n<p>\u201cTemos vindo a chamar a aten\u00e7\u00e3o para as altera\u00e7\u00f5es \u00e0s quest\u00f5es do retorno. Percebe-se agora a necessidade de ter a pol\u00edcia de fronteira. Temos envolvidas no processo de retorno uma s\u00e9rie de entidades e agora ser\u00e1 um processo muito mais eficiente e r\u00e1pido\u201d, referiu.<\/p>\n<blockquote class=\"wp-embedded-content\" data-secret=\"iaL9FtgIb3\">\n<p><a href=\"https:\/\/observador.pt\/especiais\/pediram-agua-tabaco-comida-e-gritaram-portugal-como-foi-o-maior-desembarque-de-migrantes-no-algarve\/\" rel=\"nofollow noopener\" target=\"_blank\">\u201cPediram \u00e1gua, tabaco, comida. E gritaram Portugal\u201d. Como foi o maior desembarque de migrantes no Algarve<\/a><\/p>\n<\/blockquote>\n<p>O secret\u00e1rio de Estado rejeitou especular que o Algarve possa tornar-se uma nova rota migrat\u00f3ria e deixou novamente algumas \u2018farpas\u2019 aos anteriores executivos do PS pelo que considerou ser a ina\u00e7\u00e3o em quest\u00f5es de resolu\u00e7\u00e3o dos problemas na imigra\u00e7\u00e3o.<\/p>\n<p>\u201c<strong>O que acontecia em Portugal era o alimentar das rotas secund\u00e1rias de migra\u00e7\u00e3o.<\/strong> H\u00e1 um ano e meio, o que sucederia com a manifesta\u00e7\u00e3o de interesse \u00e9 que todos poderiam preencher uma manifesta\u00e7\u00e3o de interesse depois de chegar e ficavam legais\u201d, concluiu.<\/p>\n<p>                                Se tiver uma hist\u00f3ria que queira partilhar sobre irregularidades na sua autarquia, preencha<br \/>\n                                <a href=\"https:\/\/forms.gle\/uQ1gDpSwmRd7ezUf8\" target=\"_blank\" rel=\"noopener noreferrer nofollow\">este formul\u00e1rio an\u00f3nimo<\/a>.<\/p>\n","protected":false},"excerpt":{"rendered":"O secret\u00e1rio de Estado Adjunto da Presid\u00eancia e da Imigra\u00e7\u00e3o garantiu esta segunda-feira que o Governo vai acomodar&hellip;\n","protected":false},"author":2,"featured_media":24817,"comment_status":"","ping_status":"","sticky":false,"template":"","format":"standard","meta":{"footnotes":""},"categories":[8],"tags":[27,28,15,16,301,14,297,300,25,26,21,22,62,12,13,19,20,302,32,23,24,33,17,18,299,298,29,30,31],"class_list":{"0":"post-24816","1":"post","2":"type-post","3":"status-publish","4":"format-standard","5":"has-post-thumbnail","7":"category-principais-noticias","8":"tag-breaking-news","9":"tag-breakingnews","10":"tag-featured-news","11":"tag-featurednews","12":"tag-governo","13":"tag-headlines","14":"tag-imigrau00e7u00e3o","15":"tag-justiu00e7a","16":"tag-latest-news","17":"tag-latestnews","18":"tag-main-news","19":"tag-mainnews","20":"tag-mundo","21":"tag-news","22":"tag-noticias","23":"tag-noticias-principais","24":"tag-noticiasprincipais","25":"tag-polu00edtica","26":"tag-portugal","27":"tag-principais-noticias","28":"tag-principaisnoticias","29":"tag-pt","30":"tag-top-stories","31":"tag-topstories","32":"tag-tribunal","33":"tag-tribunal-constitucional","34":"tag-ultimas","35":"tag-ultimas-noticias","36":"tag-ultimasnoticias"},"share_on_mastodon":{"url":"","error":""},"_links":{"self":[{"href":"https:\/\/www.europesays.com\/pt\/wp-json\/wp\/v2\/posts\/24816","targetHints":{"allow":["GET"]}}],"collection":[{"href":"https:\/\/www.europesays.com\/pt\/wp-json\/wp\/v2\/posts"}],"about":[{"href":"https:\/\/www.europesays.com\/pt\/wp-json\/wp\/v2\/types\/post"}],"author":[{"embeddable":true,"href":"https:\/\/www.europesays.com\/pt\/wp-json\/wp\/v2\/users\/2"}],"replies":[{"embeddable":true,"href":"https:\/\/www.europesays.com\/pt\/wp-json\/wp\/v2\/comments?post=24816"}],"version-history":[{"count":0,"href":"https:\/\/www.europesays.com\/pt\/wp-json\/wp\/v2\/posts\/24816\/revisions"}],"wp:featuredmedia":[{"embeddable":true,"href":"https:\/\/www.europesays.com\/pt\/wp-json\/wp\/v2\/media\/24817"}],"wp:attachment":[{"href":"https:\/\/www.europesays.com\/pt\/wp-json\/wp\/v2\/media?parent=24816"}],"wp:term":[{"taxonomy":"category","embeddable":true,"href":"https:\/\/www.europesays.com\/pt\/wp-json\/wp\/v2\/categories?post=24816"},{"taxonomy":"post_tag","embeddable":true,"href":"https:\/\/www.europesays.com\/pt\/wp-json\/wp\/v2\/tags?post=24816"}],"curies":[{"name":"wp","href":"https:\/\/api.w.org\/{rel}","templated":true}]}}