{"id":248294,"date":"2026-01-28T19:44:09","date_gmt":"2026-01-28T19:44:09","guid":{"rendered":"https:\/\/www.europesays.com\/pt\/248294\/"},"modified":"2026-01-28T19:44:09","modified_gmt":"2026-01-28T19:44:09","slug":"sporting-e-benfica-jogam-com-a-calculadora-na-mao-o-futuro-na-liga-dos-campeoes","status":"publish","type":"post","link":"https:\/\/www.europesays.com\/pt\/248294\/","title":{"rendered":"Sporting e Benfica jogam com a calculadora na m\u00e3o o futuro na Liga dos Campe\u00f5es"},"content":{"rendered":"<p data-remotead-prev-elm=\"true\" data-remotead-elm-id=\"inread\">A UEFA agradece e, tal como na \u00e9poca passada, a fase regular da Liga dos Campe\u00f5es chega \u00e0 \u00faltima jornada com quase tudo por resolver, o que abre caminho a uma \u00faltima jornada de emo\u00e7\u00f5es fortes. Sporting e Benfica chegam ao dia decisivo em posi\u00e7\u00f5es bem diferentes, mas t\u00eam em comum o facto de n\u00e3o dependerem s\u00f3 de uma vit\u00f3ria para atingirem os objetivos que se lhes colocam nesta altura. Os le\u00f5es t\u00eam o play-off garantido, mas podem passar diretamente aos oitavos de final, enquanto as \u00e1guias est\u00e3o em s\u00e9rio risco de elimina\u00e7\u00e3o e agarram-se \u00e0 matem\u00e1tica para sonhar com a ronda de acesso aos oitavos.<\/p>\n","protected":false},"excerpt":{"rendered":"A UEFA agradece e, tal como na \u00e9poca passada, a fase regular da Liga dos Campe\u00f5es chega \u00e0&hellip;\n","protected":false},"author":2,"featured_media":248295,"comment_status":"","ping_status":"","sticky":false,"template":"","format":"standard","meta":{"footnotes":""},"categories":[87],"tags":[51,135,32,33,34,134],"class_list":{"0":"post-248294","1":"post","2":"type-post","3":"status-publish","4":"format-standard","5":"has-post-thumbnail","7":"category-desporto","8":"tag-benfica","9":"tag-desporto","10":"tag-portugal","11":"tag-pt","12":"tag-sporting","13":"tag-sports"},"share_on_mastodon":{"url":"https:\/\/pubeurope.com\/@pt\/115974442994951980","error":""},"_links":{"self":[{"href":"https:\/\/www.europesays.com\/pt\/wp-json\/wp\/v2\/posts\/248294","targetHints":{"allow":["GET"]}}],"collection":[{"href":"https:\/\/www.europesays.com\/pt\/wp-json\/wp\/v2\/posts"}],"about":[{"href":"https:\/\/www.europesays.com\/pt\/wp-json\/wp\/v2\/types\/post"}],"author":[{"embeddable":true,"href":"https:\/\/www.europesays.com\/pt\/wp-json\/wp\/v2\/users\/2"}],"replies":[{"embeddable":true,"href":"https:\/\/www.europesays.com\/pt\/wp-json\/wp\/v2\/comments?post=248294"}],"version-history":[{"count":0,"href":"https:\/\/www.europesays.com\/pt\/wp-json\/wp\/v2\/posts\/248294\/revisions"}],"wp:featuredmedia":[{"embeddable":true,"href":"https:\/\/www.europesays.com\/pt\/wp-json\/wp\/v2\/media\/248295"}],"wp:attachment":[{"href":"https:\/\/www.europesays.com\/pt\/wp-json\/wp\/v2\/media?parent=248294"}],"wp:term":[{"taxonomy":"category","embeddable":true,"href":"https:\/\/www.europesays.com\/pt\/wp-json\/wp\/v2\/categories?post=248294"},{"taxonomy":"post_tag","embeddable":true,"href":"https:\/\/www.europesays.com\/pt\/wp-json\/wp\/v2\/tags?post=248294"}],"curies":[{"name":"wp","href":"https:\/\/api.w.org\/{rel}","templated":true}]}}