{"id":248324,"date":"2026-01-28T20:10:10","date_gmt":"2026-01-28T20:10:10","guid":{"rendered":"https:\/\/www.europesays.com\/pt\/248324\/"},"modified":"2026-01-28T20:10:10","modified_gmt":"2026-01-28T20:10:10","slug":"dave-grohl-confirma-que-novo-album-do-foo-fighters-esta-pronto","status":"publish","type":"post","link":"https:\/\/www.europesays.com\/pt\/248324\/","title":{"rendered":"Dave Grohl confirma que novo \u00e1lbum do Foo Fighters est\u00e1 pronto"},"content":{"rendered":"<p>O novo \u00e1lbum de est\u00fadio do Foo Fighters est\u00e1 pronto. A informa\u00e7\u00e3o foi transmitida por Dave Grohl durante o show da banda em Launceston, Austr\u00e1lia, no \u00faltimo s\u00e1bado \u2013 24 de janeiro. Conforme <a href=\"https:\/\/www.instagram.com\/p\/DT6XrK_Eu9-\/\" rel=\"nofollow noopener\" target=\"_blank\">registro dos f\u00e3s<\/a>, o frontman e multi-instrumentista fez a revela\u00e7\u00e3o durante um intervalo entre as m\u00fasicas.<\/p>\n<p><a href=\"https:\/\/whiplash.net\/bandas\/f\/foofighters.html\" class=\"linkBotao\" rel=\"nofollow noopener\" target=\"_blank\">Foo Fighters &#8211; Mais Novidades<\/a><br \/><a target=\"_blank\" href=\"https:\/\/www.europesays.com\/pt\/wp-content\/uploads\/2025\/10\/foofighters_best_of_you2.jpg\"><img loading=\"lazy\" decoding=\"async\" src=\"https:\/\/www.europesays.com\/pt\/wp-content\/uploads\/2025\/10\/foofighters_best_of_you2.jpg\" class=\"widthConstrained\" width=\"700\" height=\"467\" alt=\"Foto: Reprodu\u00e7\u00e3o YouTube\"\/><\/a>Foto: Reprodu\u00e7\u00e3o YouTube<\/p>\n<p>CONTINUA DEPOIS DA PUBLICIDADE &#8211; CLI<\/p>\n<p>&#13;<br \/>\n&#13;<br \/>\n&#13;<br \/>\n&#13;<br \/>\n&#13;<br \/>\n&#13;<br \/>\n&#13;<br \/>\n&#13;<br \/>\n<a href=\"https:\/\/whiplash.net\/materias\/whiplash\/027002.html\" rel=\"nofollow noopener\" target=\"_blank\"><img decoding=\"async\" src=\"https:\/\/www.europesays.com\/pt\/wp-content\/uploads\/2026\/01\/1767746289_757_anunciar_diabo_336x280.gif\" loading=\"lazy\" width=\"336\" height=\"280\" class=\"widthConstrained\" style=\"background-color:#000000;display:block;\" alt=\"Anunciar bandas e shows de Rock e Heavy Metal\"\/><\/a>&#13;<\/p>\n<p>&#8220;Talvez tenhamos um \u00e1lbum inteiro novo com m\u00fasicas incr\u00edveis que acabamos de terminar outro dia&#8221;, declarou o m\u00fasico, <a href=\"https:\/\/www.instagram.com\/p\/DT6XrK_Eu9-\/\" rel=\"nofollow noopener\" target=\"_blank\">como pode ser conferido na postagem<\/a>.<\/p>\n<p>O pr\u00f3ximo disco da banda ser\u00e1 o 12\u00ba de in\u00e9ditas. Ele sucede &#8220;But Here We Are&#8221; (2023), seu trabalho mais denso e emotivo, feito logo ap\u00f3s os falecimentos do baterista Taylor Hawkins e de Virginia, m\u00e3e de Grohl. Na sequ\u00eancia, o vocalista e guitarrista assumiu um caso extraconjugal que resultou no nascimento de sua quarta filha. A situa\u00e7\u00e3o fez com que o grupo interrompesse atividades, retornando apenas recentemente.<\/p>\n<p>No final do ano passado, rumores apontavam que o <a href=\"https:\/\/whiplash.net\/bandas\/f\/foofighters.html\" class=\"hotwords\" rel=\"nofollow noopener\" target=\"_blank\">Foo Fighters<\/a> poderia vir ao Brasil em 2026. Havia at\u00e9 mesmo a possibilidade de um show gratuito em Bras\u00edlia, al\u00e9m de passagens por S\u00e3o Paulo e Rio de Janeiro. No entanto, os <a href=\"https:\/\/whiplash.net\/temas\/b\/boatos.html\" class=\"hotwords\" rel=\"nofollow noopener\" target=\"_blank\">boatos<\/a> indicavam a visita entre janeiro e fevereiro, o que claramente n\u00e3o acontecer\u00e1.<\/p>\n<p>CONTINUA DEPOIS DA PUBLICIDADE &#8211; GOO<\/p>\n<p>&#13;<br \/>\n&#13;<br \/>\n&#13;<br \/>\n&#13;<br \/>\n<a href=\"https:\/\/whiplash.net\/materias\/whiplash\/027002.html\" rel=\"nofollow noopener\" target=\"_blank\"><img decoding=\"async\" src=\"https:\/\/www.europesays.com\/pt\/wp-content\/uploads\/2026\/01\/1767746289_757_anunciar_diabo_336x280.gif\" loading=\"lazy\" width=\"336\" height=\"280\" alt=\"Anunciar no Whiplash.Net\"\/><\/a>&#13;<br \/>\n&#13;<br \/>\n&#13;<br \/>\n&#13;<br \/>\n&#13;<br \/>\n&#13;<br \/>\n<a href=\"https:\/\/whiplash.net\/materias\/whiplash\/027002.html\" rel=\"nofollow noopener\" target=\"_blank\"><img decoding=\"async\" src=\"https:\/\/www.europesays.com\/pt\/wp-content\/uploads\/2026\/01\/1767746289_757_anunciar_diabo_336x280.gif\" loading=\"lazy\" width=\"336\" height=\"280\" class=\"widthConstrained\" style=\"background-color:#000000;display:block;\" alt=\"Anunciar bandas e shows de Rock e Heavy Metal\"\/><\/a>&#13;<\/p>\n<p><script async src=\"\/\/www.instagram.com\/embed.js\"><\/script><\/p>\n","protected":false},"excerpt":{"rendered":"O novo \u00e1lbum de est\u00fadio do Foo Fighters est\u00e1 pronto. A informa\u00e7\u00e3o foi transmitida por Dave Grohl durante&hellip;\n","protected":false},"author":2,"featured_media":123444,"comment_status":"","ping_status":"","sticky":false,"template":"","format":"standard","meta":{"footnotes":""},"categories":[141],"tags":[114,115,149,150,32,33],"class_list":{"0":"post-248324","1":"post","2":"type-post","3":"status-publish","4":"format-standard","5":"has-post-thumbnail","7":"category-musica","8":"tag-entertainment","9":"tag-entretenimento","10":"tag-music","11":"tag-musica","12":"tag-portugal","13":"tag-pt"},"share_on_mastodon":{"url":"https:\/\/pubeurope.com\/@pt\/115974545435279000","error":""},"_links":{"self":[{"href":"https:\/\/www.europesays.com\/pt\/wp-json\/wp\/v2\/posts\/248324","targetHints":{"allow":["GET"]}}],"collection":[{"href":"https:\/\/www.europesays.com\/pt\/wp-json\/wp\/v2\/posts"}],"about":[{"href":"https:\/\/www.europesays.com\/pt\/wp-json\/wp\/v2\/types\/post"}],"author":[{"embeddable":true,"href":"https:\/\/www.europesays.com\/pt\/wp-json\/wp\/v2\/users\/2"}],"replies":[{"embeddable":true,"href":"https:\/\/www.europesays.com\/pt\/wp-json\/wp\/v2\/comments?post=248324"}],"version-history":[{"count":0,"href":"https:\/\/www.europesays.com\/pt\/wp-json\/wp\/v2\/posts\/248324\/revisions"}],"wp:featuredmedia":[{"embeddable":true,"href":"https:\/\/www.europesays.com\/pt\/wp-json\/wp\/v2\/media\/123444"}],"wp:attachment":[{"href":"https:\/\/www.europesays.com\/pt\/wp-json\/wp\/v2\/media?parent=248324"}],"wp:term":[{"taxonomy":"category","embeddable":true,"href":"https:\/\/www.europesays.com\/pt\/wp-json\/wp\/v2\/categories?post=248324"},{"taxonomy":"post_tag","embeddable":true,"href":"https:\/\/www.europesays.com\/pt\/wp-json\/wp\/v2\/tags?post=248324"}],"curies":[{"name":"wp","href":"https:\/\/api.w.org\/{rel}","templated":true}]}}