{"id":248383,"date":"2026-01-28T21:09:08","date_gmt":"2026-01-28T21:09:08","guid":{"rendered":"https:\/\/www.europesays.com\/pt\/248383\/"},"modified":"2026-01-28T21:09:08","modified_gmt":"2026-01-28T21:09:08","slug":"show-revisiting-creedence-em-sao-jose-dos-campos","status":"publish","type":"post","link":"https:\/\/www.europesays.com\/pt\/248383\/","title":{"rendered":"Show Revisiting Creedence em S\u00e3o Jos\u00e9 dos Campos"},"content":{"rendered":"<p><strong>S\u00e3o Jos\u00e9 dos Campos recebe show da banda Revisiting Creedence em maio; ingressos \u00e0 venda a partir de domingo<\/strong><\/p>\n<p><img fetchpriority=\"high\" decoding=\"async\" class=\"img-responsive wp-image-110830\" src=\"https:\/\/www.europesays.com\/pt\/wp-content\/uploads\/2026\/01\/WhatsApp-Image-2026-01-28-at-2.20.40-PM.jpeg.webp.webp\" alt=\"Banda Revisiting Creedence se apresenta em S\u00e3o Jos\u00e9 dos Campos no dia 2 de maio, na Arena Farma Conde.\" width=\"1300\" height=\"722\"  \/>Banda Revisiting Creedence se apresenta em S\u00e3o Jos\u00e9 dos Campos no dia 2 de maio, na Arena Farma Conde.<\/p>\n<p>O show da banca Revisiting Creedence em S\u00e3o Jos\u00e9 dos Campos foi confirmado para o s\u00e1bado, 2 de maio, na Arena Farma Conde. O show promete reunir f\u00e3s de rock cl\u00e1ssico de S\u00e3o Jos\u00e9 dos Campos e de outras cidades da RM Vale do Para\u00edba.<\/p>\n<p>O projeto Revisiting Creedence re\u00fane m\u00fasicos com liga\u00e7\u00e3o direta ao Creedence Clearwater Revival. Dan McGuinness, nos vocais, e Kurt Griffey, na guitarra, cantaram e encantaram por cerca de dez anos ao redor do mundo ao lado de integrantes da banda original. Atualmente, eles se apresentam ao lado de Ron Wikso, na bateria, e Mick Mahan, no baixo.<\/p>\n<p>O repert\u00f3rio do show inclui sucessos que marcaram gera\u00e7\u00f5es e ajudaram a consolidar o Creedence Clearwater Revival como um dos maiores nomes do rock mundial. Est\u00e3o previstas m\u00fasicas como \u201cHave You Ever Seen the Rain?\u201d, \u201cProud Mary\u201d, \u201cFortunate Son\u201d, \u201cBad Moon Rising\u201d, \u201cGreen River\u201d e \u201cDown on The Corner\u201d.<\/p>\n<p>Os ingressos come\u00e7am a ser vendidos on-line neste domingo (1), a partir das 19h. As entradas estar\u00e3o dispon\u00edveis exclusivamente pela plataforma <a href=\"https:\/\/site.blueticket.com.br\/\" rel=\"nofollow noopener\" target=\"_blank\">Blueticket<\/a>.<\/p>\n<p><strong>Veja tamb\u00e9m: <a href=\"https:\/\/informa.life\/pista-do-centro-da-juventude-atrai-atletas-da-elite-do-skate-nacional\/\" rel=\"nofollow noopener\" target=\"_blank\">Pista do Centro da Juventude atrai atletas da elite do skate nacional!<\/a><\/strong><\/p>\n","protected":false},"excerpt":{"rendered":"S\u00e3o Jos\u00e9 dos Campos recebe show da banda Revisiting Creedence em maio; ingressos \u00e0 venda a partir de&hellip;\n","protected":false},"author":2,"featured_media":248384,"comment_status":"","ping_status":"","sticky":false,"template":"","format":"standard","meta":{"footnotes":""},"categories":[141],"tags":[46628,114,115,149,150,32,33,46629,3567,46630],"class_list":{"0":"post-248383","1":"post","2":"type-post","3":"status-publish","4":"format-standard","5":"has-post-thumbnail","7":"category-musica","8":"tag-arena-farma-conde","9":"tag-entertainment","10":"tag-entretenimento","11":"tag-music","12":"tag-musica","13":"tag-portugal","14":"tag-pt","15":"tag-revisiting-creedence","16":"tag-sao-jose-dos-campos","17":"tag-show-internacional"},"share_on_mastodon":{"url":"https:\/\/pubeurope.com\/@pt\/115974777463536569","error":""},"_links":{"self":[{"href":"https:\/\/www.europesays.com\/pt\/wp-json\/wp\/v2\/posts\/248383","targetHints":{"allow":["GET"]}}],"collection":[{"href":"https:\/\/www.europesays.com\/pt\/wp-json\/wp\/v2\/posts"}],"about":[{"href":"https:\/\/www.europesays.com\/pt\/wp-json\/wp\/v2\/types\/post"}],"author":[{"embeddable":true,"href":"https:\/\/www.europesays.com\/pt\/wp-json\/wp\/v2\/users\/2"}],"replies":[{"embeddable":true,"href":"https:\/\/www.europesays.com\/pt\/wp-json\/wp\/v2\/comments?post=248383"}],"version-history":[{"count":0,"href":"https:\/\/www.europesays.com\/pt\/wp-json\/wp\/v2\/posts\/248383\/revisions"}],"wp:featuredmedia":[{"embeddable":true,"href":"https:\/\/www.europesays.com\/pt\/wp-json\/wp\/v2\/media\/248384"}],"wp:attachment":[{"href":"https:\/\/www.europesays.com\/pt\/wp-json\/wp\/v2\/media?parent=248383"}],"wp:term":[{"taxonomy":"category","embeddable":true,"href":"https:\/\/www.europesays.com\/pt\/wp-json\/wp\/v2\/categories?post=248383"},{"taxonomy":"post_tag","embeddable":true,"href":"https:\/\/www.europesays.com\/pt\/wp-json\/wp\/v2\/tags?post=248383"}],"curies":[{"name":"wp","href":"https:\/\/api.w.org\/{rel}","templated":true}]}}