{"id":248406,"date":"2026-01-28T21:30:08","date_gmt":"2026-01-28T21:30:08","guid":{"rendered":"https:\/\/www.europesays.com\/pt\/248406\/"},"modified":"2026-01-28T21:30:08","modified_gmt":"2026-01-28T21:30:08","slug":"trump-acusa-presidente-da-camara-de-minneapolis-de-violar-leis-de-imigracao","status":"publish","type":"post","link":"https:\/\/www.europesays.com\/pt\/248406\/","title":{"rendered":"Trump acusa presidente da C\u00e2mara de Minneapolis de violar leis de imigra\u00e7\u00e3o"},"content":{"rendered":"<p data-remotead-prev-elm=\"true\" data-remotead-elm-id=\"inread\">Donald Trump lembrou que Jacob Frey declarou que &#8220;Minneapolis n\u00e3o aplica e n\u00e3o aplicar\u00e1 as leis federais de imigra\u00e7\u00e3o&#8221;, depois de ambos terem tido &#8220;uma conversa muito boa&#8221;, de acordo com uma mensagem divulgada nas redes sociais.<\/p>\n<p data-remotead-prev-elm=\"true\" data-remotead-elm-id=\"inread2\">Trump questionou se algu\u00e9m do c\u00edrculo pr\u00f3ximo do autarca podia explicar a Frey que tal posi\u00e7\u00e3o constitui &#8220;uma grave viola\u00e7\u00e3o da lei&#8221;.<\/p>\n<p>As declara\u00e7\u00f5es surgiram num contexto de crescente tens\u00e3o na capital do estado do Minnesota (centro-norte), na sequ\u00eancia da morte de dois cidad\u00e3os norte-americanos por agentes do Servi\u00e7o de Imigra\u00e7\u00e3o e Alf\u00e2ndega (ICE).<\/p>\n<p>Trump reagiu depois de Frey ter informado o chamado &#8220;&#8216;czar&#8217; das fronteiras&#8221;, Tom Homan, de que a cidade n\u00e3o ia alterar as pol\u00edticas de imigra\u00e7\u00e3o.<\/p>\n<p>Numa mensagem tamb\u00e9m divulgada nas redes sociais, Frey afirmou ter discutido com Homan &#8220;os graves impactos negativos&#8221; da opera\u00e7\u00e3o federal em Minneapolis, sublinhando que as autoridades locais n\u00e3o v\u00e3o aplicar as leis que a administra\u00e7\u00e3o Trump pretende implementar e que v\u00e3o concentrar-se em manter os residentes em seguran\u00e7a.<\/p>\n","protected":false},"excerpt":{"rendered":"Donald Trump lembrou que Jacob Frey declarou que &#8220;Minneapolis n\u00e3o aplica e n\u00e3o aplicar\u00e1 as leis federais de&hellip;\n","protected":false},"author":2,"featured_media":243122,"comment_status":"","ping_status":"","sticky":false,"template":"","format":"standard","meta":{"footnotes":"","_share_on_mastodon":"0"},"categories":[50],"tags":[27,28,92,413,15,16,14,1481,25,26,21,22,42708,62,12,13,19,20,23,24,17,18,29,30,31,63,64,65],"class_list":["post-248406","post","type-post","status-publish","format-standard","has-post-thumbnail","category-mundo","tag-breaking-news","tag-breakingnews","tag-donald-trump","tag-eua","tag-featured-news","tag-featurednews","tag-headlines","tag-imigracao","tag-latest-news","tag-latestnews","tag-main-news","tag-mainnews","tag-minneapolis","tag-mundo","tag-news","tag-noticias","tag-noticias-principais","tag-noticiasprincipais","tag-principais-noticias","tag-principaisnoticias","tag-top-stories","tag-topstories","tag-ultimas","tag-ultimas-noticias","tag-ultimasnoticias","tag-world","tag-world-news","tag-worldnews"],"share_on_mastodon":{"url":"","error":""},"_links":{"self":[{"href":"https:\/\/www.europesays.com\/pt\/wp-json\/wp\/v2\/posts\/248406","targetHints":{"allow":["GET"]}}],"collection":[{"href":"https:\/\/www.europesays.com\/pt\/wp-json\/wp\/v2\/posts"}],"about":[{"href":"https:\/\/www.europesays.com\/pt\/wp-json\/wp\/v2\/types\/post"}],"author":[{"embeddable":true,"href":"https:\/\/www.europesays.com\/pt\/wp-json\/wp\/v2\/users\/2"}],"replies":[{"embeddable":true,"href":"https:\/\/www.europesays.com\/pt\/wp-json\/wp\/v2\/comments?post=248406"}],"version-history":[{"count":0,"href":"https:\/\/www.europesays.com\/pt\/wp-json\/wp\/v2\/posts\/248406\/revisions"}],"wp:featuredmedia":[{"embeddable":true,"href":"https:\/\/www.europesays.com\/pt\/wp-json\/wp\/v2\/media\/243122"}],"wp:attachment":[{"href":"https:\/\/www.europesays.com\/pt\/wp-json\/wp\/v2\/media?parent=248406"}],"wp:term":[{"taxonomy":"category","embeddable":true,"href":"https:\/\/www.europesays.com\/pt\/wp-json\/wp\/v2\/categories?post=248406"},{"taxonomy":"post_tag","embeddable":true,"href":"https:\/\/www.europesays.com\/pt\/wp-json\/wp\/v2\/tags?post=248406"}],"curies":[{"name":"wp","href":"https:\/\/api.w.org\/{rel}","templated":true}]}}