{"id":248509,"date":"2026-01-28T23:15:07","date_gmt":"2026-01-28T23:15:07","guid":{"rendered":"https:\/\/www.europesays.com\/pt\/248509\/"},"modified":"2026-01-28T23:15:07","modified_gmt":"2026-01-28T23:15:07","slug":"bruce-springsteen-lanca-musica-inedita-contra-agressoes-do-ice-em-minneapolis","status":"publish","type":"post","link":"https:\/\/www.europesays.com\/pt\/248509\/","title":{"rendered":"Bruce Springsteen lan\u00e7a m\u00fasica in\u00e9dita contra agress\u00f5es do ICE em Minneapolis"},"content":{"rendered":"<p>28 de janeiro de 2026, 17:46 h<\/p>\n<p><a data-nosnippet=\"\" href=\"https:\/\/www.brasil247.com\/apoio\" rel=\"nofollow noopener\" target=\"_blank\">Apoie o 247<\/a><a href=\"https:\/\/news.google.com\/publications\/CAAqBwgKMPm1uQIwyvUg?ceid=BR:pt-419&amp;oc=3\" rel=\"noopener noreferrer nofollow\" target=\"_blank\" data-nosnippet=\"\">Siga-nos no Google News<\/a><\/p>\n<p><b>247 &#8211; <\/b>O m\u00fasico Bruce Springsteen lan\u00e7ou nesta quarta-feira (28) a can\u00e7\u00e3o in\u00e9dita Streets of Minneapolis (Ruas de Minneapolis), em protesto contra a viol\u00eancia praticada por agentes do ICE, o Servi\u00e7o de Imigra\u00e7\u00e3o e Alf\u00e2ndega dos Estados Unidos, e em homenagem a moradores mortos durante opera\u00e7\u00f5es do \u00f3rg\u00e3o em Minneapolis. As informa\u00e7\u00f5es s\u00e3o do jornal<a target=\"_blank\" rel=\"noopener noreferrer nofollow\" href=\"https:\/\/www1.folha.uol.com.br\/ilustrada\/2026\/01\/bruce-springsteen-lanca-a-musica-inedita-streets-of-minneapolis-contra-o-ice.shtml\"> Folha de S\u00e3o Paulo<\/a>.<\/p>\n<p>Segundo comunicado divulgado pelo pr\u00f3prio artista, a m\u00fasica \u00e9 dedicada a Renee Good e Alex Pretti, assassinados pelo ICE. &#8220;Escrevi esta m\u00fasica no s\u00e1bado, gravei-a ontem e lancei-a para voc\u00eas hoje em resposta ao terror de Estado que est\u00e1 sendo perpetrado contra a cidade de Minneapolis&#8221;, afirmou Springsteen. &#8220;\u00c9 dedicada ao povo de Minneapolis, aos nossos vizinhos imigrantes inocentes e em mem\u00f3ria de Alex Pretti e Renee Good. Que a paz esteja convosco&#8221;, acrescentou.<\/p>\n<p class=\"embed-block__description\">Streets of Minneapolis- Bruce Springsteen<\/p>\n<p>Mensagem de protesto<\/p>\n<p>A faixa come\u00e7a com um arranjo parcialmente ac\u00fastico e evolui para uma forma\u00e7\u00e3o com banda completa, incorporando trechos pensados para canto coletivo. Entre eles, a express\u00e3o &#8220;ICE fora de Minneapolis&#8221;, repetida como um refr\u00e3o de protesto.<\/p>\n<p>Na letra, Springsteen descreve Minneapolis como &#8220;uma cidade em chamas&#8221; que &#8220;lutou contra o fogo e o gelo sob as botas de um ocupante&#8221;. O m\u00fasico define esse ocupante como &#8220;o ex\u00e9rcito particular do Rei Trump, do Departamento de Seguran\u00e7a Interna&#8221;, em refer\u00eancia direta ao presidente dos Estados Unidos e \u00e0 pol\u00edtica agressiva de imigra\u00e7\u00e3o de seu governo.<\/p>\n<p>O t\u00edtulo Streets of Minneapolis faz alus\u00e3o a Streets of Philadelphia, can\u00e7\u00e3o lan\u00e7ada por Springsteen nos anos 1990, associada \u00e0 crise da AIDS (S\u00edndrome da Imunodefici\u00eancia Adquirida) e trilha sonora do filme Filad\u00e9lfia.<\/p>\n","protected":false},"excerpt":{"rendered":"28 de janeiro de 2026, 17:46 h Apoie o 247Siga-nos no Google News 247 &#8211; O m\u00fasico Bruce&hellip;\n","protected":false},"author":2,"featured_media":248510,"comment_status":"","ping_status":"","sticky":false,"template":"","format":"standard","meta":{"footnotes":""},"categories":[141],"tags":[46649,46226,46228,46647,114,115,149,150,32,33,46650,46227,46229,46648],"class_list":{"0":"post-248509","1":"post","2":"type-post","3":"status-publish","4":"format-standard","5":"has-post-thumbnail","7":"category-musica","8":"tag-swp_keywordnamebruce-springsteen","9":"tag-swp_keywordnamedonald-trump","10":"tag-swp_keywordnameice","11":"tag-swp_keywordnameminneapolis","12":"tag-entertainment","13":"tag-entretenimento","14":"tag-music","15":"tag-musica","16":"tag-portugal","17":"tag-pt","18":"tag-slugbruce-springsteen","19":"tag-slugdonald-trump","20":"tag-slugice","21":"tag-slugminneapolis"},"share_on_mastodon":{"url":"https:\/\/pubeurope.com\/@pt\/115975272791853575","error":""},"_links":{"self":[{"href":"https:\/\/www.europesays.com\/pt\/wp-json\/wp\/v2\/posts\/248509","targetHints":{"allow":["GET"]}}],"collection":[{"href":"https:\/\/www.europesays.com\/pt\/wp-json\/wp\/v2\/posts"}],"about":[{"href":"https:\/\/www.europesays.com\/pt\/wp-json\/wp\/v2\/types\/post"}],"author":[{"embeddable":true,"href":"https:\/\/www.europesays.com\/pt\/wp-json\/wp\/v2\/users\/2"}],"replies":[{"embeddable":true,"href":"https:\/\/www.europesays.com\/pt\/wp-json\/wp\/v2\/comments?post=248509"}],"version-history":[{"count":0,"href":"https:\/\/www.europesays.com\/pt\/wp-json\/wp\/v2\/posts\/248509\/revisions"}],"wp:featuredmedia":[{"embeddable":true,"href":"https:\/\/www.europesays.com\/pt\/wp-json\/wp\/v2\/media\/248510"}],"wp:attachment":[{"href":"https:\/\/www.europesays.com\/pt\/wp-json\/wp\/v2\/media?parent=248509"}],"wp:term":[{"taxonomy":"category","embeddable":true,"href":"https:\/\/www.europesays.com\/pt\/wp-json\/wp\/v2\/categories?post=248509"},{"taxonomy":"post_tag","embeddable":true,"href":"https:\/\/www.europesays.com\/pt\/wp-json\/wp\/v2\/tags?post=248509"}],"curies":[{"name":"wp","href":"https:\/\/api.w.org\/{rel}","templated":true}]}}