{"id":24851,"date":"2025-08-11T13:33:07","date_gmt":"2025-08-11T13:33:07","guid":{"rendered":"https:\/\/www.europesays.com\/pt\/24851\/"},"modified":"2025-08-11T13:33:07","modified_gmt":"2025-08-11T13:33:07","slug":"a-experiencia-marcante-vivida-por-claudia-vieira-no-algarve","status":"publish","type":"post","link":"https:\/\/www.europesays.com\/pt\/24851\/","title":{"rendered":"A &#8220;experi\u00eancia marcante&#8221; vivida por Cl\u00e1udia Vieira no Algarve"},"content":{"rendered":"<p>Fazer f\u00e9rias no Algarve \u00e9 um cl\u00e1ssico de muitas fam\u00edlias portuguesas e, entre elas, est\u00e1 a fam\u00edlia de Cl\u00e1udia Vieira, que rumou ao sul para uma estadia bem perto da praia. Mais precisamente no\u00a0Octant Praia Verde, em Castro Marim, espa\u00e7o renovado que acolheu a atriz portuguesa durante alguns dias do m\u00eas de agosto.\u00a0<\/p>\n<p>O\u00a0Octant Praia Verde sofreu recentemente uma interven\u00e7\u00e3o acentuada, apresentando desde 17 de mar\u00e7o mais 19 beach su\u00edtes, sete das quais com plunge pools aquecidas e privadas. Novo tamb\u00e9m \u00e9 o spa com salas de tratamento, piscina interior e gin\u00e1sio e ainda a nova piscina exterior. Para al\u00e9m de tudo isto, existe ainda um spot com ostras, champanhe e sunsets ao som de DJs, o\u00a0Praia Verde Beach Restaurant, espa\u00e7o \u00e0 beira-mar aberto diariamente das 12h30 \u00e0s 16h.<\/p>\n<p>Cl\u00e1udia Vieira teve o privil\u00e9gio de explorar as novidades do\u00a0Octant Praia Verde, tendo tido ainda a oportunidade de fazer um piquenique na praia durante o sunset, experi\u00eancia que descreve como\u00a0marcante.\u00a0<\/p>\n<p>&#8220;Podia ter sido um jantar rom\u00e2ntico\u2026 mas a ideia de ser em fam\u00edlia ganhou! Melhor forma de terminar uns dias de f\u00e9rias. A assistir a um p\u00f4r do sol incr\u00edvel, a degustar um jantar delicioso com a noite a cair! Que experi\u00eancia marcante. Ador\u00e1mos&#8221;, escreve nas redes sociais.\u00a0<\/p>\n<p>\u00a0<\/p>\n<p>Esta \u00e9 apenas uma das v\u00e1rias atividades promovidas pelo\u00a0Octant Praia Verde, que junta \u00e0 lista um jantar no restaurante\u00a0\u00c0 TERRA, inspirado pelos sabores mais r\u00fasticos do Mediterr\u00e2neo, enaltecidos no forno a lenha, os\u00a0passeios de barco solar, as\u00a0provas de vinho com o sommelier do hotel, passeios a cavalo, ou ainda a\u00a0aventura 4&#215;4 pela serra algarvia.\u00a0<\/p>\n<p>Uma noite no\u00a0Octant Praia Verde pode custar em agosto desde \u20ac468, de acordo com uma <a href=\"https:\/\/www.booking.com\/hotel\/pt\/octant-praia-verde.pt-pt.html\" target=\"_blank\" rel=\"nofollow noopener\">simula\u00e7\u00e3o na Booking<\/a>.<\/p>\n<p>Os <a href=\"https:\/\/versa.iol.pt\/hotel\/evora\/num-sussurro-passar-ferias-aqui-revitaliza-nos-pelo-ano-inteiro\/20250801\/68889552d34ef72ee448d8c4\" rel=\"nofollow noopener\" target=\"_blank\">hot\u00e9is do grupo\u00a0Octant Hotels s\u00e3o especiais<\/a> e Cl\u00e1udia Vieira pode afirm\u00e1-lo. Mostramos na galeria de imagens uma amostra das f\u00e9rias especiais que passou a sul.<\/p>\n","protected":false},"excerpt":{"rendered":"Fazer f\u00e9rias no Algarve \u00e9 um cl\u00e1ssico de muitas fam\u00edlias portuguesas e, entre elas, est\u00e1 a fam\u00edlia de&hellip;\n","protected":false},"author":2,"featured_media":24852,"comment_status":"","ping_status":"","sticky":false,"template":"","format":"standard","meta":{"footnotes":""},"categories":[145],"tags":[2569,1081,211,210,1082,204,114,115,3755,754,186,1079,8553,32,33,1078,1080],"class_list":{"0":"post-24851","1":"post","2":"type-post","3":"status-publish","4":"format-standard","5":"has-post-thumbnail","7":"category-celebridades","8":"tag-algarve","9":"tag-beleza","10":"tag-celebridades","11":"tag-celebrities","12":"tag-claudia-vieira","13":"tag-design","14":"tag-entertainment","15":"tag-entretenimento","16":"tag-ferias","17":"tag-gastronomia","18":"tag-lifestyle","19":"tag-moda","20":"tag-octant-praia-verde","21":"tag-portugal","22":"tag-pt","23":"tag-versa","24":"tag-viagens"},"share_on_mastodon":{"url":"","error":""},"_links":{"self":[{"href":"https:\/\/www.europesays.com\/pt\/wp-json\/wp\/v2\/posts\/24851","targetHints":{"allow":["GET"]}}],"collection":[{"href":"https:\/\/www.europesays.com\/pt\/wp-json\/wp\/v2\/posts"}],"about":[{"href":"https:\/\/www.europesays.com\/pt\/wp-json\/wp\/v2\/types\/post"}],"author":[{"embeddable":true,"href":"https:\/\/www.europesays.com\/pt\/wp-json\/wp\/v2\/users\/2"}],"replies":[{"embeddable":true,"href":"https:\/\/www.europesays.com\/pt\/wp-json\/wp\/v2\/comments?post=24851"}],"version-history":[{"count":0,"href":"https:\/\/www.europesays.com\/pt\/wp-json\/wp\/v2\/posts\/24851\/revisions"}],"wp:featuredmedia":[{"embeddable":true,"href":"https:\/\/www.europesays.com\/pt\/wp-json\/wp\/v2\/media\/24852"}],"wp:attachment":[{"href":"https:\/\/www.europesays.com\/pt\/wp-json\/wp\/v2\/media?parent=24851"}],"wp:term":[{"taxonomy":"category","embeddable":true,"href":"https:\/\/www.europesays.com\/pt\/wp-json\/wp\/v2\/categories?post=24851"},{"taxonomy":"post_tag","embeddable":true,"href":"https:\/\/www.europesays.com\/pt\/wp-json\/wp\/v2\/tags?post=24851"}],"curies":[{"name":"wp","href":"https:\/\/api.w.org\/{rel}","templated":true}]}}