{"id":248549,"date":"2026-01-28T23:53:12","date_gmt":"2026-01-28T23:53:12","guid":{"rendered":"https:\/\/www.europesays.com\/pt\/248549\/"},"modified":"2026-01-28T23:53:12","modified_gmt":"2026-01-28T23:53:12","slug":"filhos-de-patricia-abravanel-aparecem-gigantes-em-novas-fotos-de-ferias-em-familia","status":"publish","type":"post","link":"https:\/\/www.europesays.com\/pt\/248549\/","title":{"rendered":"Filhos de Patricia Abravanel aparecem gigantes em novas fotos de f\u00e9rias em fam\u00edlia"},"content":{"rendered":"<p>A apresentadora\u00a0<strong><a href=\"https:\/\/caras.com.br\/tags\/patricia-abravanel\" rel=\"nofollow noopener\" target=\"_blank\">Patricia Abravanel<\/a> <\/strong>mostrou como curtiu as f\u00e9rias de janeiro com os filhos. Nesta quarta-feira, 28, a famosa fez um \u00e1lbum em sua rede social exibindo a viagem que fez com o esposo, o pol\u00edtico <strong>F\u00e1bio Faria<\/strong>, os herdeiros, <strong>Pedro<\/strong>, <strong>Jane<\/strong> e <strong>Senor<\/strong>, e as irm\u00e3s, al\u00e9m dos sobrinhos.<\/p>\n<p>Na neve, a comunicadora do SBT apareceu se divertindo esquiando e aproveitando a companhia das crian\u00e7as. Patricia Abravanel ainda surgiu em um restaurante ao lado de <strong>Daniela Beyruti<\/strong> e <strong>Rebeca Abravanel<\/strong>, esta que nos \u00faltimos dias <a href=\"https:\/\/caras.com.br\/atualidades\/rebeca-abravanel-posta-foto-rara-com-alexandre-pato-durante-viagem.phtml\" rel=\"nofollow noopener\" target=\"_blank\">postou uma foto com o marido <strong>Alexandre Pato<\/strong><\/a> no local.<\/p>\n<p>\u201cRisadas soltas, brincadeiras sem hora, cheiro de inf\u00e2ncia e fam\u00edlia reunida. E assim se passaram as f\u00e9rias. Muito grata por cada momento ao lado deles\u201d, escreveu a herdeira de <strong>Silvio Santos<\/strong> sobre a viagem para fora do Brasil que fez com sua fam\u00edlia.<\/p>\n<p> Veja as fotos dos filhos de Patricia Abravanel em viagem de f\u00e9rias: <img loading=\"lazy\" decoding=\"async\" class=\"size-full wp-image-1064591 img-fluid lazy\" alt=\"Patricia Abravanel mostra fotos de f\u00e9rias com a fam\u00edlia e os filhos\" width=\"1080\" height=\"1440\" src=\"https:\/\/www.europesays.com\/pt\/wp-content\/uploads\/2026\/01\/filhos-patricia-abravanel-1.jpg\"  \/>Patricia Abravanel mostra fotos de f\u00e9rias com a fam\u00edlia e os filhos \u2013 Foto: @patriciaabravanel <img loading=\"lazy\" decoding=\"async\" class=\"size-full wp-image-1064592 img-fluid lazy\" alt=\"Patricia Abravanel mostra fotos de f\u00e9rias com a fam\u00edlia e os filhos - Foto: @patriciaabravanel\" width=\"1080\" height=\"1440\" src=\"https:\/\/www.europesays.com\/pt\/wp-content\/uploads\/2026\/01\/filhos-patricia-abravanel-2.jpg\"  \/>Patricia Abravanel mostra fotos de f\u00e9rias com a fam\u00edlia e os filhos \u2013 Foto: @patriciaabravanel <img loading=\"lazy\" decoding=\"async\" class=\"size-full wp-image-1064593 img-fluid lazy\" alt=\"Patricia Abravanel mostra fotos de f\u00e9rias com a fam\u00edlia e os filhos - Foto: @patriciaabravanel\" width=\"1080\" height=\"1440\" src=\"https:\/\/www.europesays.com\/pt\/wp-content\/uploads\/2026\/01\/filhos-patricia-abravanel-3.jpg\"  \/>Patricia Abravanel mostra fotos de f\u00e9rias com a fam\u00edlia e os filhos \u2013 Foto: @patriciaabravanel <img loading=\"lazy\" decoding=\"async\" class=\"size-full wp-image-1064594 img-fluid lazy\" alt=\"Patricia Abravanel mostra fotos de f\u00e9rias com a fam\u00edlia e os filhos - Foto: @patriciaabravanel\" width=\"1080\" height=\"1440\" src=\"https:\/\/www.europesays.com\/pt\/wp-content\/uploads\/2026\/01\/filhos-patricia-abravanel-4.jpg\"  \/>Patricia Abravanel mostra fotos de f\u00e9rias com a fam\u00edlia e os filhos \u2013 Foto: @patriciaabravanel <img loading=\"lazy\" decoding=\"async\" class=\"size-full wp-image-1064595 img-fluid lazy\" alt=\"Patricia Abravanel mostra fotos de f\u00e9rias com a fam\u00edlia e os filhos - Foto: @patriciaabravanel\" width=\"1080\" height=\"1440\" src=\"https:\/\/www.europesays.com\/pt\/wp-content\/uploads\/2026\/01\/filhos-patricia-abravanel-5.jpg\"  \/>Patricia Abravanel mostra fotos de f\u00e9rias com a fam\u00edlia e os filhos \u2013 Foto: @patriciaabravanel <img loading=\"lazy\" decoding=\"async\" class=\"size-full wp-image-1064596 img-fluid lazy\" alt=\"Patricia Abravanel mostra fotos de f\u00e9rias com a fam\u00edlia e os filhos - Foto: @patriciaabravanel\" width=\"1080\" height=\"1440\" src=\"https:\/\/www.europesays.com\/pt\/wp-content\/uploads\/2026\/01\/filhos-patricia-abravanel-6.jpg\"  \/>Patricia Abravanel mostra fotos de f\u00e9rias com a fam\u00edlia e os filhos \u2013 Foto: @patriciaabravanel <img loading=\"lazy\" decoding=\"async\" class=\"size-full wp-image-1064597 img-fluid lazy\" alt=\"Patricia Abravanel mostra fotos de f\u00e9rias com a fam\u00edlia e os filhos - Foto: @patriciaabravanel\" width=\"1080\" height=\"1440\" src=\"https:\/\/www.europesays.com\/pt\/wp-content\/uploads\/2026\/01\/filhos-patricia-abravanel-7.jpg\"  \/>Patricia Abravanel mostra fotos de f\u00e9rias com a fam\u00edlia e os filhos \u2013 Foto: @patriciaabravanel <img loading=\"lazy\" decoding=\"async\" class=\"size-full wp-image-1064598 img-fluid lazy\" alt=\"Patricia Abravanel mostra fotos de f\u00e9rias com a fam\u00edlia e os filhos - Foto: @patriciaabravanel\" width=\"960\" height=\"1280\" src=\"https:\/\/www.europesays.com\/pt\/wp-content\/uploads\/2026\/01\/filhos-patricia-abravanel-8.jpg\"  \/>Patricia Abravanel mostra fotos de f\u00e9rias com a fam\u00edlia e os filhos \u2013 Foto: @patriciaabravanel <\/p>\n<blockquote class=\"instagram-media\" style=\"background: #FFF; border: 0; border-radius: 3px; box-shadow: 0 0 1px 0 rgba(0,0,0,0.5),0 1px 10px 0 rgba(0,0,0,0.15); margin: 1px; max-width: 540px; min-width: 326px; padding: 0; width: calc(100% - 2px);\" data-instgrm-captioned=\"\" data-instgrm-permalink=\"https:\/\/www.instagram.com\/p\/DUD-_khjuqT\/?utm_source=ig_embed&amp;utm_campaign=loading\" data-instgrm-version=\"14\"><\/blockquote>\n<p> Patricia Abravanel mostra Natal em fam\u00edlia <\/p>\n<p>No Natal, Patricia Abravanel postou em sua rede social um v\u00eddeo mostrando como foi a comemora\u00e7\u00e3o de sua fam\u00edlia. Na ocasi\u00e3o, ela revelou os bastidores da festa e at\u00e9 acabou mostrando o rosto do sobrinho Benjamin, o filho de Rebeca Abravanel e Alexandre Pato. <a href=\"https:\/\/caras.com.br\/datas-especiais\/patricia-abravanel-mostra-filho-de-rebeca-abravanel-em-natal-em-familia-veja.phtml\" rel=\"nofollow noopener\" target=\"_blank\">Veja como foi aqui!<\/a><\/p>\n<p>        <a href=\"https:\/\/caras.com.br\/autor\/nataly-paschoal\" rel=\"nofollow noopener\" target=\"_blank\">&#13;<br \/>\n          <img loading=\"lazy\" decoding=\"async\" alt=\"Nataly Paschoal\" src=\"https:\/\/www.europesays.com\/pt\/wp-content\/uploads\/2025\/12\/nataly-paschoal_sqmd.jpg\" class=\"avatar avatar-115 photo rounded-circle\" height=\"115\" width=\"115\"\/>        <\/a><\/p>\n<p><b>Nataly Paschoal <\/b>\u00e9 rep\u00f3rter de conte\u00fado do site CARAS. Formada em jornalismo pela Faculdade C\u00e1sper L\u00edbero, ela j\u00e1 passou por sites como Todateen, Sportlife e espnW. Escreve sobre celebridades, TV, reality show e novelas.<\/p>\n<p>\t                                            <script async src=\"\/\/www.instagram.com\/embed.js\"><\/script><\/p>\n","protected":false},"excerpt":{"rendered":"A apresentadora\u00a0Patricia Abravanel mostrou como curtiu as f\u00e9rias de janeiro com os filhos. Nesta quarta-feira, 28, a famosa&hellip;\n","protected":false},"author":2,"featured_media":248550,"comment_status":"","ping_status":"","sticky":false,"template":"","format":"standard","meta":{"footnotes":"","_share_on_mastodon":"0"},"categories":[145],"tags":[211,210,6185,114,115,31440,46654,46655,30391,46656,32,33,34037,46657],"class_list":["post-248549","post","type-post","status-publish","format-standard","has-post-thumbnail","category-celebridades","tag-celebridades","tag-celebrities","tag-daniela-beyruti","tag-entertainment","tag-entretenimento","tag-fabio-faria","tag-filhos-patricia-abravanel","tag-jane-abravanel-faria","tag-patricia-abravanel","tag-pedro-abravanel-faria","tag-portugal","tag-pt","tag-rebeca-abravanel","tag-senor-abravanel-faria"],"share_on_mastodon":{"url":"https:\/\/pubeurope.com\/@pt\/115975422246163868","error":""},"_links":{"self":[{"href":"https:\/\/www.europesays.com\/pt\/wp-json\/wp\/v2\/posts\/248549","targetHints":{"allow":["GET"]}}],"collection":[{"href":"https:\/\/www.europesays.com\/pt\/wp-json\/wp\/v2\/posts"}],"about":[{"href":"https:\/\/www.europesays.com\/pt\/wp-json\/wp\/v2\/types\/post"}],"author":[{"embeddable":true,"href":"https:\/\/www.europesays.com\/pt\/wp-json\/wp\/v2\/users\/2"}],"replies":[{"embeddable":true,"href":"https:\/\/www.europesays.com\/pt\/wp-json\/wp\/v2\/comments?post=248549"}],"version-history":[{"count":0,"href":"https:\/\/www.europesays.com\/pt\/wp-json\/wp\/v2\/posts\/248549\/revisions"}],"wp:featuredmedia":[{"embeddable":true,"href":"https:\/\/www.europesays.com\/pt\/wp-json\/wp\/v2\/media\/248550"}],"wp:attachment":[{"href":"https:\/\/www.europesays.com\/pt\/wp-json\/wp\/v2\/media?parent=248549"}],"wp:term":[{"taxonomy":"category","embeddable":true,"href":"https:\/\/www.europesays.com\/pt\/wp-json\/wp\/v2\/categories?post=248549"},{"taxonomy":"post_tag","embeddable":true,"href":"https:\/\/www.europesays.com\/pt\/wp-json\/wp\/v2\/tags?post=248549"}],"curies":[{"name":"wp","href":"https:\/\/api.w.org\/{rel}","templated":true}]}}