{"id":248572,"date":"2026-01-29T00:25:13","date_gmt":"2026-01-29T00:25:13","guid":{"rendered":"https:\/\/www.europesays.com\/pt\/248572\/"},"modified":"2026-01-29T00:25:13","modified_gmt":"2026-01-29T00:25:13","slug":"classico-do-pink-floyd-wish-you-were-here-atinge-1-bilhao-de-reproducoes-no-streaming-r7-entretenimento","status":"publish","type":"post","link":"https:\/\/www.europesays.com\/pt\/248572\/","title":{"rendered":"Cl\u00e1ssico do Pink Floyd, \u2018Wish You Were Here\u2019 atinge 1 bilh\u00e3o de reprodu\u00e7\u00f5es no streaming \u2013 R7 Entretenimento"},"content":{"rendered":"<p class=\"jarvics:base-text-neutral-high-400 xovem:base-text-dark-high-400 base-text-[calc(theme(fontSize.xs)_*_var(--font-size,_1))] base-font-normal base-font-primary base-text-neutral-low-500 base-text-left\">A m\u00fasica Wish You Were Here, da ic\u00f4nica banda <a href=\"https:\/\/entretenimento.r7.com\/musica\/pink-floyd-se-reune-apos-28-anos-de-pausa-com-musica-exclusiva-em-apoio-a-ucrania-07042022\/\" target=\"_blank\" rel=\"noreferrer nofollow noopener\" title=\"https:\/\/entretenimento.r7.com\/musica\/pink-floyd-se-reune-apos-28-anos-de-pausa-com-musica-exclusiva-em-apoio-a-ucrania-07042022\/\">Pink Floyd<\/a>, alcan\u00e7ou a marca de um bilh\u00e3o de reprodu\u00e7\u00f5es no principal aplicativo de streaming de \u00e1udio. Cl\u00e1ssico atemporal do <a href=\"https:\/\/www.r7.com\/tudo-sobre\/rock\/\" target=\"_blank\" rel=\"noreferrer nofollow noopener\" title=\"https:\/\/www.r7.com\/tudo-sobre\/rock\/\">rock<\/a>, a can\u00e7\u00e3o foi lan\u00e7ada em 1975 e continua cativando f\u00e3s ao redor do mundo. <\/p>\n<p class=\"jarvics:base-text-neutral-high-400 xovem:base-text-dark-high-400 base-text-[calc(theme(fontSize.xs)_*_var(--font-size,_1))] base-font-normal base-font-primary base-text-neutral-low-500 base-text-left\">E o grupo tem outro motivo para comemorar: o \u00e1lbum hom\u00f4nimo tamb\u00e9m conquistou, no fim do ano passado, o primeiro lugar na parada brit\u00e2nica com uma edi\u00e7\u00e3o especial comemorativa pelos 50 anos do lan\u00e7amento. <\/p>\n<p class=\"jarvics:base-text-neutral-high-400 xovem:base-text-dark-high-400 base-text-[calc(theme(fontSize.xs)_*_var(--font-size,_1))] base-font-normal base-font-primary base-text-neutral-low-500 base-text-left\"><b>O PlayPlus agora \u00e9 RecordPlus: mais conte\u00fado da RECORD NEWS para voc\u00ea, ao vivo e de gra\u00e7a. Baixe o app <\/b><a href=\"https:\/\/descubra.recordplus.com\/\" rel=\"nofollow noopener\" target=\"_blank\"><b>aqui<\/b><\/a><b>!<\/b><\/p>\n","protected":false},"excerpt":{"rendered":"A m\u00fasica Wish You Were Here, da ic\u00f4nica banda Pink Floyd, alcan\u00e7ou a marca de um bilh\u00e3o de&hellip;\n","protected":false},"author":2,"featured_media":248573,"comment_status":"","ping_status":"","sticky":false,"template":"","format":"standard","meta":{"footnotes":""},"categories":[141],"tags":[114,115,149,150,37175,32,33,713,1645],"class_list":{"0":"post-248572","1":"post","2":"type-post","3":"status-publish","4":"format-standard","5":"has-post-thumbnail","7":"category-musica","8":"tag-entertainment","9":"tag-entretenimento","10":"tag-music","11":"tag-musica","12":"tag-news-das-10","13":"tag-portugal","14":"tag-pt","15":"tag-reino-unido","16":"tag-rock"},"share_on_mastodon":{"url":"https:\/\/pubeurope.com\/@pt\/115975547965745943","error":""},"_links":{"self":[{"href":"https:\/\/www.europesays.com\/pt\/wp-json\/wp\/v2\/posts\/248572","targetHints":{"allow":["GET"]}}],"collection":[{"href":"https:\/\/www.europesays.com\/pt\/wp-json\/wp\/v2\/posts"}],"about":[{"href":"https:\/\/www.europesays.com\/pt\/wp-json\/wp\/v2\/types\/post"}],"author":[{"embeddable":true,"href":"https:\/\/www.europesays.com\/pt\/wp-json\/wp\/v2\/users\/2"}],"replies":[{"embeddable":true,"href":"https:\/\/www.europesays.com\/pt\/wp-json\/wp\/v2\/comments?post=248572"}],"version-history":[{"count":0,"href":"https:\/\/www.europesays.com\/pt\/wp-json\/wp\/v2\/posts\/248572\/revisions"}],"wp:featuredmedia":[{"embeddable":true,"href":"https:\/\/www.europesays.com\/pt\/wp-json\/wp\/v2\/media\/248573"}],"wp:attachment":[{"href":"https:\/\/www.europesays.com\/pt\/wp-json\/wp\/v2\/media?parent=248572"}],"wp:term":[{"taxonomy":"category","embeddable":true,"href":"https:\/\/www.europesays.com\/pt\/wp-json\/wp\/v2\/categories?post=248572"},{"taxonomy":"post_tag","embeddable":true,"href":"https:\/\/www.europesays.com\/pt\/wp-json\/wp\/v2\/tags?post=248572"}],"curies":[{"name":"wp","href":"https:\/\/api.w.org\/{rel}","templated":true}]}}