{"id":248597,"date":"2026-01-29T00:53:17","date_gmt":"2026-01-29T00:53:17","guid":{"rendered":"https:\/\/www.europesays.com\/pt\/248597\/"},"modified":"2026-01-29T00:53:17","modified_gmt":"2026-01-29T00:53:17","slug":"katseye-olivia-dean-e-cia","status":"publish","type":"post","link":"https:\/\/www.europesays.com\/pt\/248597\/","title":{"rendered":"Katseye, Olivia Dean e cia."},"content":{"rendered":"<p>Spotify mostra artistas indicados ao Grammy quando crian\u00e7as<\/p>\n<p>\n\t\t\t\t27\/01\/2026\n\t\t\t<\/p>\n<p>\t\t\t\t<img loading=\"lazy\" decoding=\"async\" src=\"https:\/\/clubedecriacao.com.br\/wp-content\/themes\/clube-criacao-1.0\/images\/icon-time.svg\" alt=\"\u00cdcone\" width=\"20\" height=\"20\"\/><br \/>\n\t\t\t\t2 min.<\/p>\n<p>\t\t\tCompartilhe essa not\u00edcia:<br \/>\n\t\t\t<a href=\"#\" class=\"btn-copiar\"><br \/>\n\t\t\t\tCopiar link<br \/>\n\t\t\t\t<img loading=\"lazy\" decoding=\"async\" src=\"https:\/\/clubedecriacao.com.br\/wp-content\/themes\/clube-criacao-1.0\/images\/icon-link.svg\" alt=\"\u00cdcone\" width=\"20\" height=\"20\"\/><br \/>\n\t\t\t<\/a><\/p>\n<p>O <strong>Spotify<\/strong> destaca os prim\u00f3rdios de artistas como <strong>Katseye, Addison Rae, Olivia Dean <\/strong>e<strong> Leon Thomas<\/strong>, em uma campanha global que celebra os indicados ao <strong>Grammy<\/strong> de<strong> Melhor Artista Revela\u00e7\u00e3o<\/strong> deste ano.<\/p>\n<p>Os outdoors lembram que antes de se tornarem artistas mundialmente famosos, eles eram <strong>crian\u00e7as,<\/strong> que dan\u00e7avam em suas salas de estar, compunham melodias em seus viol\u00f5es e cantavam para suas fam\u00edlias.<\/p>\n<p>As pe\u00e7as est\u00e3o sendo instaladas nas <strong>cidades natais de cada indicado<\/strong> ao Grammy para homenagear as <strong>comunidades que os apoiaram desde o in\u00edcio.<\/strong><\/p>\n<p>Criada internamente, a campanha ser\u00e1 veiculada em <strong>Nova York, Los Angeles, Carlsbad<\/strong> (Calif\u00f3rnia), <strong>Lafayette<\/strong> (Louisiana) e <strong>Londres<\/strong> (Reino Unido).<\/p>\n<p>Cada outdoor traz a <strong>imagem de um indicado quando crian\u00e7a<\/strong>, fazendo refer\u00eancia \u00e0s <strong>paix\u00f5es e h\u00e1bitos iniciais<\/strong> que pavimentaram o caminho para o seu futuro.<\/p>\n<p>Uma pe\u00e7a homenageando o grupo feminino Katseye, por exemplo, ser\u00e1 exibido em Los Angeles com a frase: \u201c<strong>Six strangers then. Shared by millions now.<\/strong>\u201d<\/p>\n<p>A cerim\u00f4nia de premia\u00e7\u00e3o do Grammy ser\u00e1 realizada em <strong>1\u00ba de fevereiro<\/strong> e, antes disso, na quinta-feira (29), o Spotify promover\u00e1 seu evento anual de <strong>Melhor Artista Revela\u00e7\u00e3o em Los Angeles<\/strong>, uma noite especial em <strong>homenagem aos indicados<\/strong> e para celebrar os <strong>anos de trabalho<\/strong> que os trouxeram at\u00e9 este momento.<\/p>\n","protected":false},"excerpt":{"rendered":"Spotify mostra artistas indicados ao Grammy quando crian\u00e7as 27\/01\/2026 2 min. Compartilhe essa not\u00edcia: Copiar link O Spotify&hellip;\n","protected":false},"author":2,"featured_media":248598,"comment_status":"","ping_status":"","sticky":false,"template":"","format":"standard","meta":{"footnotes":""},"categories":[141],"tags":[114,115,149,150,32,33],"class_list":{"0":"post-248597","1":"post","2":"type-post","3":"status-publish","4":"format-standard","5":"has-post-thumbnail","7":"category-musica","8":"tag-entertainment","9":"tag-entretenimento","10":"tag-music","11":"tag-musica","12":"tag-portugal","13":"tag-pt"},"share_on_mastodon":{"url":"https:\/\/pubeurope.com\/@pt\/115975658105479301","error":""},"_links":{"self":[{"href":"https:\/\/www.europesays.com\/pt\/wp-json\/wp\/v2\/posts\/248597","targetHints":{"allow":["GET"]}}],"collection":[{"href":"https:\/\/www.europesays.com\/pt\/wp-json\/wp\/v2\/posts"}],"about":[{"href":"https:\/\/www.europesays.com\/pt\/wp-json\/wp\/v2\/types\/post"}],"author":[{"embeddable":true,"href":"https:\/\/www.europesays.com\/pt\/wp-json\/wp\/v2\/users\/2"}],"replies":[{"embeddable":true,"href":"https:\/\/www.europesays.com\/pt\/wp-json\/wp\/v2\/comments?post=248597"}],"version-history":[{"count":0,"href":"https:\/\/www.europesays.com\/pt\/wp-json\/wp\/v2\/posts\/248597\/revisions"}],"wp:featuredmedia":[{"embeddable":true,"href":"https:\/\/www.europesays.com\/pt\/wp-json\/wp\/v2\/media\/248598"}],"wp:attachment":[{"href":"https:\/\/www.europesays.com\/pt\/wp-json\/wp\/v2\/media?parent=248597"}],"wp:term":[{"taxonomy":"category","embeddable":true,"href":"https:\/\/www.europesays.com\/pt\/wp-json\/wp\/v2\/categories?post=248597"},{"taxonomy":"post_tag","embeddable":true,"href":"https:\/\/www.europesays.com\/pt\/wp-json\/wp\/v2\/tags?post=248597"}],"curies":[{"name":"wp","href":"https:\/\/api.w.org\/{rel}","templated":true}]}}