{"id":248621,"date":"2026-01-29T01:25:18","date_gmt":"2026-01-29T01:25:18","guid":{"rendered":"https:\/\/www.europesays.com\/pt\/248621\/"},"modified":"2026-01-29T01:25:18","modified_gmt":"2026-01-29T01:25:18","slug":"cristina-ferreira-sentiu-os-efeitos-da-depressao-kristin-nao-consegui-dois-as-10","status":"publish","type":"post","link":"https:\/\/www.europesays.com\/pt\/248621\/","title":{"rendered":"Cristina Ferreira sentiu os efeitos da depress\u00e3o Kristin: \u00abN\u00e3o consegui\u00bb &#8211; Dois \u00e0s 10"},"content":{"rendered":"<p>                        A depress\u00e3o Kristin chegou a Portugal e Cristina Ferreira partilhou os efeitos que sentiu.<\/p>\n<p>Ainda antes do pico da Depress\u00e3o Kristin, Cristina Ferreira j\u00e1 sentia os efeitos da mudan\u00e7a brusca do estado do tempo. A tempestade chegou a Portugal e n\u00e3o passou ao lado da apresentadora, que recorreu \u00e0s redes sociais para partilhar como o frio repentino acabou por condicionar o seu dia.<\/p>\n<p><strong>\u00abDizem que [a Depress\u00e3o Kristin] vem com velocidade esta noite. E eu que estava h\u00e1 dois dias no sol\u00bb<\/strong>, come\u00e7ou por escrever, comparando o regresso abrupto do mau tempo com os dias recentes de temperaturas mais amenas.<\/p>\n<p>O impacto foi tal que levou a diretora de Fic\u00e7\u00e3o e Entretenimento da TVI a abdicar de um dos seus h\u00e1bitos mais sagrados: o treino f\u00edsico.<br \/><strong>\u00abHoje n\u00e3o treinei. O frio mexe com o meu sistema e n\u00e3o consegui\u00bb<\/strong>, confessou, de forma honesta.<\/p>\n<p>Apesar de ter cumprido a agenda profissional e familiar, a apresentadora acabou por trocar o gin\u00e1sio pelo conforto de casa, optando por desacelerar e refugiar-se na leitura.<\/p>\n<blockquote class=\"instagram-media\" data-instgrm-captioned=\"\" data-instgrm-permalink=\"https:\/\/www.instagram.com\/p\/DUBlVE3DChO\/?utm_source=ig_embed&amp;utm_campaign=loading\" data-instgrm-version=\"14\" style=\" background:#FFF; border:0; border-radius:3px; box-shadow:0 0 1px 0 rgba(0,0,0,0.5),0 1px 10px 0 rgba(0,0,0,0.15); margin: 1px; max-width:540px; min-width:326px; padding:0; width:99.375%; width:-webkit-calc(100% - 2px); width:calc(100% - 2px);\">\n<\/blockquote>\n<p>J\u00e1 esta manh\u00e3 , no \u2018Dois \u00e0s 10\u2019, Cristina Ferreira voltou a referir-se \u00e0 situa\u00e7\u00e3o, falando numa <strong>\u201cnoite dif\u00edcil para todos\u201d<\/strong>, numa altura em que a tempestade afetava v\u00e1rias zonas do pa\u00eds.<\/p>\n<p>                    <script async src=\"\/\/www.instagram.com\/embed.js\"><\/script><\/p>\n","protected":false},"excerpt":{"rendered":"A depress\u00e3o Kristin chegou a Portugal e Cristina Ferreira partilhou os efeitos que sentiu. Ainda antes do pico&hellip;\n","protected":false},"author":2,"featured_media":248622,"comment_status":"","ping_status":"","sticky":false,"template":"","format":"standard","meta":{"footnotes":""},"categories":[85],"tags":[329,166,46556,3412,3406,3409,801,3410,3411,3407,3408,114,115,3413,338,32,33,20982],"class_list":{"0":"post-248621","1":"post","2":"type-post","3":"status-publish","4":"format-standard","5":"has-post-thumbnail","7":"category-entretenimento","8":"tag-claudio-ramos","9":"tag-cristina-ferreira","10":"tag-depressao-kristin","11":"tag-dois-10","12":"tag-dois-a-s-10-dois-a-s-10","13":"tag-dois-a-s-dez","14":"tag-dois-as-10","15":"tag-dois-as-dez","16":"tag-dois-dez","17":"tag-doisas10","18":"tag-doisasdez","19":"tag-entertainment","20":"tag-entretenimento","21":"tag-manha-tvi","22":"tag-maria-botelho-moniz","23":"tag-portugal","24":"tag-pt","25":"tag-tempestade"},"share_on_mastodon":{"url":"https:\/\/pubeurope.com\/@pt\/115975783848246883","error":""},"_links":{"self":[{"href":"https:\/\/www.europesays.com\/pt\/wp-json\/wp\/v2\/posts\/248621","targetHints":{"allow":["GET"]}}],"collection":[{"href":"https:\/\/www.europesays.com\/pt\/wp-json\/wp\/v2\/posts"}],"about":[{"href":"https:\/\/www.europesays.com\/pt\/wp-json\/wp\/v2\/types\/post"}],"author":[{"embeddable":true,"href":"https:\/\/www.europesays.com\/pt\/wp-json\/wp\/v2\/users\/2"}],"replies":[{"embeddable":true,"href":"https:\/\/www.europesays.com\/pt\/wp-json\/wp\/v2\/comments?post=248621"}],"version-history":[{"count":0,"href":"https:\/\/www.europesays.com\/pt\/wp-json\/wp\/v2\/posts\/248621\/revisions"}],"wp:featuredmedia":[{"embeddable":true,"href":"https:\/\/www.europesays.com\/pt\/wp-json\/wp\/v2\/media\/248622"}],"wp:attachment":[{"href":"https:\/\/www.europesays.com\/pt\/wp-json\/wp\/v2\/media?parent=248621"}],"wp:term":[{"taxonomy":"category","embeddable":true,"href":"https:\/\/www.europesays.com\/pt\/wp-json\/wp\/v2\/categories?post=248621"},{"taxonomy":"post_tag","embeddable":true,"href":"https:\/\/www.europesays.com\/pt\/wp-json\/wp\/v2\/tags?post=248621"}],"curies":[{"name":"wp","href":"https:\/\/api.w.org\/{rel}","templated":true}]}}