{"id":248658,"date":"2026-01-29T02:27:07","date_gmt":"2026-01-29T02:27:07","guid":{"rendered":"https:\/\/www.europesays.com\/pt\/248658\/"},"modified":"2026-01-29T02:27:07","modified_gmt":"2026-01-29T02:27:07","slug":"em-direto-antonio-jose-seguro-faz-convite-a-cristina-ferreira-que-envolve-o-palacio-de-belem","status":"publish","type":"post","link":"https:\/\/www.europesays.com\/pt\/248658\/","title":{"rendered":"Em direto, Ant\u00f3nio Jos\u00e9 Seguro faz convite a Cristina Ferreira&#8230; que envolve o Pal\u00e1cio de Bel\u00e9m!"},"content":{"rendered":"<p>Ant\u00f3nio Jos\u00e9 Seguro foi o candidato a Presidente da Rep\u00fablica mais votado, na primeira volta das elei\u00e7\u00f5es, levando-o a defrontar Andr\u00e9 Ventura num novo sufr\u00e1gio, que se realiza a 8 de fevereiro.<\/p>\n<p>A pouco mais de uma semana do momento em que vai descobrir se \u00e9 o sucessor de Marcelo Rebelo de Sousa no cargo de chefe de Estado, Ant\u00f3nio Jos\u00e9 Seguro foi entrevistado por <a href=\"https:\/\/selfie.iol.pt\/famosos\/cristina-ferreira\/sozinha-no-estudio-cristina-ferreira-revela-motivo-da-ausencia-de-claudio-ramos\/20260128\/6979fddad34e0ec52ec2d350\" target=\"_blank\" rel=\"nofollow noopener\">Cristina Ferreira<\/a>, no programa &#8220;<a href=\"https:\/\/tvi.iol.pt\/doisas10\/\" target=\"_blank\" rel=\"nofollow noopener\">Dois \u00e0s 10<\/a>&#8220;. No final da conversa, a apresentadora deixou uma divertida quest\u00e3o ao pol\u00edtico.<\/p>\n<p>&#8220;Enquanto Presidente, poder\u00e1 vir a um programa como este? J\u00e1 para eu saber se posso convid\u00e1-lo a seguir&#8230;&#8221;, brincou Cristina Ferreira, levando Ant\u00f3nio Jos\u00e9 Seguro a n\u00e3o comprometer-se&#8230; mas a deixar um convite \u00e0 tamb\u00e9m Diretora de Entretenimento e Fic\u00e7\u00e3o da <a href=\"https:\/\/tvi.iol.pt\/\" target=\"_blank\" rel=\"nofollow noopener\">TVI<\/a>: &#8220;Poder convidar, pode sempre, mas logo veremos. Mas tenho muito gosto em convid\u00e1-la para ir conhecer o Pal\u00e1cio de Bel\u00e9m. Presumo que j\u00e1 deva conhecer&#8230;&#8221;<\/p>\n<p>&#8220;Para ver se tenho l\u00e1 o aquecedor ou n\u00e3o, que eu n\u00e3o o quero frio&#8221;, gracejou a anfitri\u00e3 do matutino.<\/p>\n<p>Veja, agora, este e outros v\u00eddeos da entrevista concedida por Ant\u00f3nio Jos\u00e9 Seguro a <a href=\"https:\/\/selfie.iol.pt\/famosos\/big-brother\/apos-deixar-mensagem-cristina-ferreira-muda-de-ideias-e-joao-monteiro-ja-reagiu\/20260128\/6979e13ed34e92a344981b3a\" target=\"_blank\" rel=\"nofollow noopener\">Cristina Ferreira<\/a>.<\/p>\n","protected":false},"excerpt":{"rendered":"Ant\u00f3nio Jos\u00e9 Seguro foi o candidato a Presidente da Rep\u00fablica mais votado, na primeira volta das elei\u00e7\u00f5es, levando-o&hellip;\n","protected":false},"author":2,"featured_media":248659,"comment_status":"","ping_status":"","sticky":false,"template":"","format":"standard","meta":{"footnotes":"","_share_on_mastodon":"0"},"categories":[145],"tags":[3386,3399,3539,211,210,166,801,2258,1705,114,115,980,588,619,8349,32,14937,1963,33,1012,162],"class_list":["post-248658","post","type-post","status-publish","format-standard","has-post-thumbnail","category-celebridades","tag-andre-ventura","tag-antonio-jose-seguro","tag-apresentadora","tag-celebridades","tag-celebrities","tag-cristina-ferreira","tag-dois-as-10","tag-eleicoes","tag-eleicoes-presidenciais","tag-entertainment","tag-entretenimento","tag-famosos","tag-marcelo-rebelo-de-sousa","tag-nacional","tag-palacio-de-belem","tag-portugal","tag-presidencia-da-republica","tag-presidente-da-republica","tag-pt","tag-selfie","tag-tvi"],"share_on_mastodon":{"url":"https:\/\/pubeurope.com\/@pt\/115976027631614974","error":""},"_links":{"self":[{"href":"https:\/\/www.europesays.com\/pt\/wp-json\/wp\/v2\/posts\/248658","targetHints":{"allow":["GET"]}}],"collection":[{"href":"https:\/\/www.europesays.com\/pt\/wp-json\/wp\/v2\/posts"}],"about":[{"href":"https:\/\/www.europesays.com\/pt\/wp-json\/wp\/v2\/types\/post"}],"author":[{"embeddable":true,"href":"https:\/\/www.europesays.com\/pt\/wp-json\/wp\/v2\/users\/2"}],"replies":[{"embeddable":true,"href":"https:\/\/www.europesays.com\/pt\/wp-json\/wp\/v2\/comments?post=248658"}],"version-history":[{"count":0,"href":"https:\/\/www.europesays.com\/pt\/wp-json\/wp\/v2\/posts\/248658\/revisions"}],"wp:featuredmedia":[{"embeddable":true,"href":"https:\/\/www.europesays.com\/pt\/wp-json\/wp\/v2\/media\/248659"}],"wp:attachment":[{"href":"https:\/\/www.europesays.com\/pt\/wp-json\/wp\/v2\/media?parent=248658"}],"wp:term":[{"taxonomy":"category","embeddable":true,"href":"https:\/\/www.europesays.com\/pt\/wp-json\/wp\/v2\/categories?post=248658"},{"taxonomy":"post_tag","embeddable":true,"href":"https:\/\/www.europesays.com\/pt\/wp-json\/wp\/v2\/tags?post=248658"}],"curies":[{"name":"wp","href":"https:\/\/api.w.org\/{rel}","templated":true}]}}