{"id":248662,"date":"2026-01-29T02:31:14","date_gmt":"2026-01-29T02:31:14","guid":{"rendered":"https:\/\/www.europesays.com\/pt\/248662\/"},"modified":"2026-01-29T02:31:14","modified_gmt":"2026-01-29T02:31:14","slug":"bruce-springsteen-lanca-cancao-protesto-contra-trump-e-ice-ouca","status":"publish","type":"post","link":"https:\/\/www.europesays.com\/pt\/248662\/","title":{"rendered":"Bruce Springsteen lan\u00e7a can\u00e7\u00e3o protesto contra Trump e ICE, ou\u00e7a"},"content":{"rendered":"<p>  <img decoding=\"async\" src=\"https:\/\/cdn.ome.lt\/static\/omelete\/img\/loading.svg\" alt=\"\"\/><\/p>\n<p>  <img decoding=\"async\" class=\"article__cover__image\" data-lazy-src-mob=\"\/\/cdn.ome.lt\/N9824VyX50yBLvy89BjLmG0lk8U=\/570x0\/smart\/filters:format(webp)\/uploads\/conteudo\/fotos\/Bruce-Springsteen-conta-como-sente-antes-de-cada-apresentacao.png\" data-lazy-src=\"https:\/\/cdn.ome.lt\/PfMzALCn41Q28ssRvjgLzhs-ngE=\/987x0\/smart\/filters:format(webp)\/uploads\/conteudo\/fotos\/Bruce-Springsteen-conta-como-sente-antes-de-cada-apresentacao.png\" src=\"data:image\/png;base64,iVBORw0KGgoAAAANSUhEUgAAAAEAAAABCAQAAAC1HAwCAAAAC0lEQVR42mNkYAAAAAYAAjCB0C8AAAAASUVORK5CYII=\" alt=\"Bruce Springsteen\" title=\"Bruce Springsteen\" width=\"987\" height=\"555\" fetchpriority=\"high\"\/><\/p>\n<p class=\"article__cover__credits\">\n  Cr\u00e9ditos da imagem:<br \/>\n  Reprodu\u00e7\u00e3o\n<\/p>\n<p>O cantor\u00a0<strong>Bruce Springsteen\u00a0<\/strong>publicou nesta quarta-feira (28), uma m\u00fasica feita em decorr\u00eancia dos casos de assassinato em Minneapolis ap\u00f3s confrontos contra o ICE, pol\u00edcia imigrat\u00f3ria do governo\u00a0<strong>Donald Trump<\/strong>.\u00a0<\/p>\n<p>&#8220;Escrevi esta m\u00fasica no s\u00e1bado, gravei-a ontem e lancei-a para voc\u00eas hoje em resposta ao terror de Estado que assola a cidade de Minneapolis. \u00c9 dedicada ao povo de Minneapolis, aos nossos vizinhos imigrantes inocentes e em mem\u00f3ria de Alex Pretti e Renee Good&#8221;,\u00a0escreveu Springsteen na publica\u00e7\u00e3o.\u00a0<\/p>\n<p>            Continua depois da Publicidade<\/p>\n<p>A m\u00fasica, com o nome de &#8220;Streets of Minneapolis&#8221;,\u00a0faz justamente alus\u00e3o aos casos envolvendo Alex Pretti e Renee Good, dois cidad\u00e3os americanos que foram mortos durante a\u00e7\u00f5es do ICE na cidade.\u00a0<\/p>\n<p>Recentemente, durante o\u00a0<strong>Festival Sundance de Cinema<\/strong>, artistas como\u00a0<strong>Olivia Wilde<\/strong>,\u00a0<strong>Edward Norton\u00a0<\/strong>e\u00a0<strong>Natalie Portman\u00a0<\/strong>tamb\u00e9m comentaram sobre o assunto, principalmente devido \u00e0 morte de Pretti, rendido com agentes e morto a tiros.\u00a0<\/p>\n<p>A atriz Natalie Portman, usando pins com os dizeres &#8220;ICE Out&#8221; (Fora ICE) e &#8220;Be Good&#8221; (Seja Bom), disse \u00e0\u00a0Deadline: &#8220;O que est\u00e1 acontecendo neste pa\u00eds agora \u00e9 absolutamente horr\u00edvel. O que o governo federal, o governo de Trump, Kristi Noem, o ICE est\u00e3o fazendo \u00e9 realmente o pior do pior da humanidade&#8221;. Ela completou afirmando que se sentia orgulhosa dos americanos que se apoiam, mas triste com a atua\u00e7\u00e3o do governo.<\/p>\n<p>            Continua depois da Publicidade<\/p>\n","protected":false},"excerpt":{"rendered":"Cr\u00e9ditos da imagem: Reprodu\u00e7\u00e3o O cantor\u00a0Bruce Springsteen\u00a0publicou nesta quarta-feira (28), uma m\u00fasica feita em decorr\u00eancia dos casos de&hellip;\n","protected":false},"author":2,"featured_media":248663,"comment_status":"","ping_status":"","sticky":false,"template":"","format":"standard","meta":{"footnotes":""},"categories":[141],"tags":[114,115,149,150,32,33],"class_list":{"0":"post-248662","1":"post","2":"type-post","3":"status-publish","4":"format-standard","5":"has-post-thumbnail","7":"category-musica","8":"tag-entertainment","9":"tag-entretenimento","10":"tag-music","11":"tag-musica","12":"tag-portugal","13":"tag-pt"},"share_on_mastodon":{"url":"https:\/\/pubeurope.com\/@pt\/115976043617516240","error":""},"_links":{"self":[{"href":"https:\/\/www.europesays.com\/pt\/wp-json\/wp\/v2\/posts\/248662","targetHints":{"allow":["GET"]}}],"collection":[{"href":"https:\/\/www.europesays.com\/pt\/wp-json\/wp\/v2\/posts"}],"about":[{"href":"https:\/\/www.europesays.com\/pt\/wp-json\/wp\/v2\/types\/post"}],"author":[{"embeddable":true,"href":"https:\/\/www.europesays.com\/pt\/wp-json\/wp\/v2\/users\/2"}],"replies":[{"embeddable":true,"href":"https:\/\/www.europesays.com\/pt\/wp-json\/wp\/v2\/comments?post=248662"}],"version-history":[{"count":0,"href":"https:\/\/www.europesays.com\/pt\/wp-json\/wp\/v2\/posts\/248662\/revisions"}],"wp:featuredmedia":[{"embeddable":true,"href":"https:\/\/www.europesays.com\/pt\/wp-json\/wp\/v2\/media\/248663"}],"wp:attachment":[{"href":"https:\/\/www.europesays.com\/pt\/wp-json\/wp\/v2\/media?parent=248662"}],"wp:term":[{"taxonomy":"category","embeddable":true,"href":"https:\/\/www.europesays.com\/pt\/wp-json\/wp\/v2\/categories?post=248662"},{"taxonomy":"post_tag","embeddable":true,"href":"https:\/\/www.europesays.com\/pt\/wp-json\/wp\/v2\/tags?post=248662"}],"curies":[{"name":"wp","href":"https:\/\/api.w.org\/{rel}","templated":true}]}}