{"id":24878,"date":"2025-08-11T14:00:38","date_gmt":"2025-08-11T14:00:38","guid":{"rendered":"https:\/\/www.europesays.com\/pt\/24878\/"},"modified":"2025-08-11T14:00:38","modified_gmt":"2025-08-11T14:00:38","slug":"estudantes-tem-um-novo-simbolo-de-protesto-na-indonesia-um-pirata-de-manga-indonesia","status":"publish","type":"post","link":"https:\/\/www.europesays.com\/pt\/24878\/","title":{"rendered":"Estudantes t\u00eam um novo s\u00edmbolo de protesto na Indon\u00e9sia: um pirata de manga | Indon\u00e9sia"},"content":{"rendered":"<p data-end=\"636\" data-start=\"280\">A grafitar paredes de tijolo num terreno vazio, o artista indon\u00e9sio Kemas Muhammad Firdaus enfrentou o calor do meio-dia para pintar um cr\u00e2nio com um chap\u00e9u de palha sobre um fundo preto, uma refer\u00eancia \u00e0 s\u00e9rie de manga japonesa One Piece sobre piratas em busca de tesouros.<\/p>\n<p data-end=\"933\" data-start=\"638\">No \u00faltimo m\u00eas, estudantes e activistas na terceira maior democracia do mundo, a Indon\u00e9sia, t\u00eam exibido a bandeira pirata usada pela personagem Monkey D. Luffy, de One Piece, como s\u00edmbolo de protesto contra v\u00e1rias pol\u00edticas governamentais antes do Dia da Independ\u00eancia do pa\u00eds, a 17 de Agosto.<\/p>\n<p data-end=\"1259\" data-start=\"935\">Alguns respons\u00e1veis criticaram o s\u00edmbolo, com um membro do parlamento a dizer que era equipar\u00e1vel a trai\u00e7\u00e3o. O gabinete do Presidente Prabowo Subianto afirmou que, embora o pa\u00eds respeite a liberdade de express\u00e3o e a cr\u00edtica, o s\u00edmbolo poderia desvalorizar a bandeira nacional da Indon\u00e9sia, se for hasteado lado a lado com esta.<\/p>\n<p data-end=\"1456\" data-start=\"1261\">Kemas, de 28 anos, artista de murais no distrito de Bekasi, em Java Ocidental, disse que estava a pintar o s\u00edmbolo pirata como forma de protesto contra a corrup\u00e7\u00e3o governamental e o desemprego.<\/p>\n<p data-end=\"1717\" data-start=\"1458\">\u201cMuitos indon\u00e9sios est\u00e3o a hastear a bandeira de One Piece porque querem que o Governo os ou\u00e7a\u201d, disse Kemas numa entrevista enquanto desenhava o seu mural, que partilhava alguns elementos de design com o log\u00f3tipo oficial do 80.\u00ba anivers\u00e1rio da Indon\u00e9sia.<\/p>\n<p data-end=\"1959\" data-start=\"1719\">No distrito de Karanganyar, em Java Central, o vendedor de bandeiras personalizadas Dendi Christanto afirmou que tinha recebido um n\u00famero esmagador de encomendas de bandeiras de One Piece no \u00faltimo m\u00eas e que tinha deixado de as aceitar.<\/p>\n<p data-end=\"2292\" data-start=\"1961\">O s\u00edmbolo pirata tem dominado as redes sociais indon\u00e9sias, e a sua popularidade surge na sequ\u00eancia de protestos estudantis em Fevereiro, em v\u00e1rias cidades, contra cortes or\u00e7amentais e outras pol\u00edticas, como o aumento do papel dos militares na vida civil. Estudantes e activistas apelidaram as manifesta\u00e7\u00f5es de \u201cIndon\u00e9sia Sombria\u201d.<\/p>\n<p>                &#13;<br \/>\n                    &#13;<br \/>\n                    &#13;<br \/>\n                        &#13;<br \/>\nAjeng Dinar Ulfiana                    &#13;<\/p>\n<p data-end=\"2644\" data-start=\"2294\">A Indon\u00e9sia tem um historial de activismo e protestos estudantis que, por vezes, se tornam violentos. Em 1998, estudantes realizaram uma s\u00e9rie de manifesta\u00e7\u00f5es contra a corrup\u00e7\u00e3o, a escassez de alimentos e o desemprego em massa, que culminaram em tumultos mortais em Maio e na queda do antigo Presidente Suharto, ap\u00f3s d\u00e9cadas de governo autorit\u00e1rio.<\/p>\n<p data-end=\"2847\" data-start=\"2646\">Esta semana, a comunica\u00e7\u00e3o social local noticiou que as autoridades em Java Oriental confiscaram algumas das bandeiras de One Piece, uma medida criticada pela Amnistia Internacional como excessiva.<\/p>\n<p data-end=\"2985\" data-start=\"2849\">\u201cN\u00e3o precisavam de nos acusar de dividir a Indon\u00e9sia \u2013 isso est\u00e1 errado\u201d, disse o artista Kemas. \u201cIsto \u00e9 apenas arte.\u201d<\/p>\n<p data-end=\"3071\" data-start=\"2987\">O gabinete do Presidente Prabowo afirmou que o Governo n\u00e3o ordenou qualquer rusga.<\/p>\n","protected":false},"excerpt":{"rendered":"A grafitar paredes de tijolo num terreno vazio, o artista indon\u00e9sio Kemas Muhammad Firdaus enfrentou o calor do&hellip;\n","protected":false},"author":2,"featured_media":24879,"comment_status":"","ping_status":"","sticky":false,"template":"","format":"standard","meta":{"footnotes":""},"categories":[85],"tags":[367,315,2258,114,115,2427,534,542,32,33],"class_list":{"0":"post-24878","1":"post","2":"type-post","3":"status-publish","4":"format-standard","5":"has-post-thumbnail","7":"category-entretenimento","8":"tag-asia","9":"tag-cultura","10":"tag-eleicoes","11":"tag-entertainment","12":"tag-entretenimento","13":"tag-indonesia","14":"tag-p3","15":"tag-para-redes","16":"tag-portugal","17":"tag-pt"},"share_on_mastodon":{"url":"","error":""},"_links":{"self":[{"href":"https:\/\/www.europesays.com\/pt\/wp-json\/wp\/v2\/posts\/24878","targetHints":{"allow":["GET"]}}],"collection":[{"href":"https:\/\/www.europesays.com\/pt\/wp-json\/wp\/v2\/posts"}],"about":[{"href":"https:\/\/www.europesays.com\/pt\/wp-json\/wp\/v2\/types\/post"}],"author":[{"embeddable":true,"href":"https:\/\/www.europesays.com\/pt\/wp-json\/wp\/v2\/users\/2"}],"replies":[{"embeddable":true,"href":"https:\/\/www.europesays.com\/pt\/wp-json\/wp\/v2\/comments?post=24878"}],"version-history":[{"count":0,"href":"https:\/\/www.europesays.com\/pt\/wp-json\/wp\/v2\/posts\/24878\/revisions"}],"wp:featuredmedia":[{"embeddable":true,"href":"https:\/\/www.europesays.com\/pt\/wp-json\/wp\/v2\/media\/24879"}],"wp:attachment":[{"href":"https:\/\/www.europesays.com\/pt\/wp-json\/wp\/v2\/media?parent=24878"}],"wp:term":[{"taxonomy":"category","embeddable":true,"href":"https:\/\/www.europesays.com\/pt\/wp-json\/wp\/v2\/categories?post=24878"},{"taxonomy":"post_tag","embeddable":true,"href":"https:\/\/www.europesays.com\/pt\/wp-json\/wp\/v2\/tags?post=24878"}],"curies":[{"name":"wp","href":"https:\/\/api.w.org\/{rel}","templated":true}]}}