{"id":248790,"date":"2026-01-29T06:36:06","date_gmt":"2026-01-29T06:36:06","guid":{"rendered":"https:\/\/www.europesays.com\/pt\/248790\/"},"modified":"2026-01-29T06:36:06","modified_gmt":"2026-01-29T06:36:06","slug":"o-que-torna-algumas-pessoas-mais-suscetiveis-a-pneumonia","status":"publish","type":"post","link":"https:\/\/www.europesays.com\/pt\/248790\/","title":{"rendered":"O que torna algumas pessoas mais suscet\u00edveis \u00e0 pneumonia?"},"content":{"rendered":"<p>\n  De&amp;nbsp<b>\u064a\u0648\u0631\u0648\u0646\u064a\u0648\u0632<\/b>\n<\/p>\n<p>\n         Publicado a<br \/>\n            29\/01\/2026 &#8211; 7:12 GMT+1\n            <\/p>\n<p>Um <a href=\"https:\/\/www.oulu.fi\/en\/news\/genes-smoking-and-obesity-increase-risk-pneumonia\" target=\"_blank\" rel=\"noreferrer nofollow noopener\"><strong>estudo<\/strong> <\/a>realizado por investigadores da Universidade de Oulu demonstrou que existem genes que aumentam a suscetibilidade \u00e0 pneumonia. O estudo analisou dados gen\u00e9ticos e de sa\u00fade de mais de 600.000 pessoas na Finl\u00e2ndia e na Est\u00f3nia, examinando os fatores de risco gen\u00e9ticos associados \u00e0 pneumonia n\u00e3o s\u00f3 na popula\u00e7\u00e3o em geral, mas tamb\u00e9m em tr\u00eas grupos et\u00e1rios diferentes, entre pessoas com pneumonia recorrente e em indiv\u00edduos com asma.<\/p>\n<p>A investigadora doutorada Annie Heikkila, que liderou a an\u00e1lise principal do estudo, afirmou: &#8220;A for\u00e7a deste estudo reside na sua base de dados grande e fi\u00e1vel, que combina informa\u00e7\u00e3o gen\u00e9tica com dados de sa\u00fade a longo prazo de dois pa\u00edses. Isto tamb\u00e9m tornou poss\u00edvel estudar os fatores de risco gen\u00e9ticos associados \u00e0 pneumonia em diferentes grupos et\u00e1rios e coortes de doentes&#8221;.<\/p>\n<p>O estudo identificou 12 regi\u00f5es gen\u00e9ticas associadas ao risco de pneumonia, oito das quais foram identificadas pela primeira vez. Muitas destas regi\u00f5es est\u00e3o associadas \u00e0 regula\u00e7\u00e3o da resposta inflamat\u00f3ria do organismo, mas os genes associados \u00e0 depend\u00eancia da nicotina desempenharam um papel particularmente importante nos doentes com pneumonia recorrente, bem como nos doentes mais velhos.<\/p>\n<p>Para al\u00e9m dos factores de risco gen\u00e9ticos, o tabagismo e o \u00edndice de massa corporal (IMC) elevado tamb\u00e9m demonstraram aumentar o risco de progress\u00e3o da doen\u00e7a:<\/p>\n<p>1- Os genes e a resposta inflamat\u00f3ria<\/p>\n<p>Os resultados mostraram que uma grande parte das regi\u00f5es gen\u00e9ticas detetadas estava associada \u00e0 regula\u00e7\u00e3o da resposta inflamat\u00f3ria, o que ajuda a explicar a diferente suscetibilidade e evolu\u00e7\u00e3o da pneumonia em diferentes indiv\u00edduos.<\/p>\n<p>Uma observa\u00e7\u00e3o adicional \u00e9 significativa: nos doentes com infe\u00e7\u00f5es pulmonares recorrentes e, em particular, nos idosos, os genes associados \u00e0 depend\u00eancia da nicotina foram um fator mais proeminente, sugerindo que o risco gen\u00e9tico pode assumir dimens\u00f5es diferentes consoante a idade e o contexto de sa\u00fade.<\/p>\n<p>2- Tabagismo e obesidade<\/p>\n<p>Os investigadores utilizaram dados gen\u00e9ticos para avaliar as rela\u00e7\u00f5es causais, e os resultados sugerem que o tabagismo e a obesidade podem aumentar o risco de pneumonia atrav\u00e9s de uma rela\u00e7\u00e3o direta de causa e efeito, e n\u00e3o apenas como co-factores.<\/p>\n<p>Esta descoberta \u00e9 ainda mais importante porque associa comportamentos modific\u00e1veis a grandes riscos para a sa\u00fade, colocando a preven\u00e7\u00e3o na vanguarda da gest\u00e3o da doen\u00e7a.<\/p>\n<p>Elevados encargos para a sa\u00fade e grupos de alto risco<\/p>\n<p>A pneumonia \u00e9 uma doen\u00e7a infecciosa e uma das principais causas de morte. A doen\u00e7a pode ser causada por bact\u00e9rias, v\u00edrus ou, em casos raros, por fungos, e a sua gravidade varia de ligeira a grave, dependendo do estado do doente e da natureza do agente causador.<\/p>\n<p>Alguns grupos, incluindo os idosos, as pessoas com doen\u00e7as card\u00edacas e respirat\u00f3rias cr\u00f3nicas, os imunocomprometidos, os consumidores abusivos de \u00e1lcool e os fumadores, t\u00eam taxas de infe\u00e7\u00e3o muito mais elevadas do que a m\u00e9dia.<\/p>\n<p>Os fatores socioecon\u00f3micos e certas condi\u00e7\u00f5es de sa\u00fade de longa dura\u00e7\u00e3o tamb\u00e9m contribuem para um risco acrescido, o que torna crucial a preven\u00e7\u00e3o e o tratamento precoces.<\/p>\n<p>&#8220;Compreender os factores de risco gen\u00e9ticos ajuda a explicar por que raz\u00e3o alguns indiv\u00edduos s\u00e3o mais suscept\u00edveis \u00e0 pneumonia e como desenvolvem a doen\u00e7a, e a associa\u00e7\u00e3o entre os genes associados \u00e0 depend\u00eancia da nicotina e o risco em adultos mais velhos \u00e9 uma descoberta de grande import\u00e2ncia para a sa\u00fade p\u00fablica e pode ser utilizada no futuro para desenvolver tratamentos e melhorar a preven\u00e7\u00e3o&#8221;, afirma o Professor Timo Hautala, especialista em doen\u00e7as infecciosas da Universidade de Oulu e do seu hospital afiliado.<\/p>\n","protected":false},"excerpt":{"rendered":"De&amp;nbsp\u064a\u0648\u0631\u0648\u0646\u064a\u0648\u0632 Publicado a 29\/01\/2026 &#8211; 7:12 GMT+1 Um estudo realizado por investigadores da Universidade de Oulu demonstrou que&hellip;\n","protected":false},"author":2,"featured_media":248791,"comment_status":"","ping_status":"","sticky":false,"template":"","format":"standard","meta":{"footnotes":""},"categories":[86],"tags":[46685,1347,2217,116,1022,32,33,117],"class_list":{"0":"post-248790","1":"post","2":"type-post","3":"status-publish","4":"format-standard","5":"has-post-thumbnail","7":"category-saude","8":"tag-doencas-emergentes","9":"tag-estudo","10":"tag-genetica","11":"tag-health","12":"tag-obesidade","13":"tag-portugal","14":"tag-pt","15":"tag-saude"},"share_on_mastodon":{"url":"https:\/\/pubeurope.com\/@pt\/115977006804008364","error":""},"_links":{"self":[{"href":"https:\/\/www.europesays.com\/pt\/wp-json\/wp\/v2\/posts\/248790","targetHints":{"allow":["GET"]}}],"collection":[{"href":"https:\/\/www.europesays.com\/pt\/wp-json\/wp\/v2\/posts"}],"about":[{"href":"https:\/\/www.europesays.com\/pt\/wp-json\/wp\/v2\/types\/post"}],"author":[{"embeddable":true,"href":"https:\/\/www.europesays.com\/pt\/wp-json\/wp\/v2\/users\/2"}],"replies":[{"embeddable":true,"href":"https:\/\/www.europesays.com\/pt\/wp-json\/wp\/v2\/comments?post=248790"}],"version-history":[{"count":0,"href":"https:\/\/www.europesays.com\/pt\/wp-json\/wp\/v2\/posts\/248790\/revisions"}],"wp:featuredmedia":[{"embeddable":true,"href":"https:\/\/www.europesays.com\/pt\/wp-json\/wp\/v2\/media\/248791"}],"wp:attachment":[{"href":"https:\/\/www.europesays.com\/pt\/wp-json\/wp\/v2\/media?parent=248790"}],"wp:term":[{"taxonomy":"category","embeddable":true,"href":"https:\/\/www.europesays.com\/pt\/wp-json\/wp\/v2\/categories?post=248790"},{"taxonomy":"post_tag","embeddable":true,"href":"https:\/\/www.europesays.com\/pt\/wp-json\/wp\/v2\/tags?post=248790"}],"curies":[{"name":"wp","href":"https:\/\/api.w.org\/{rel}","templated":true}]}}