{"id":248823,"date":"2026-01-29T07:29:08","date_gmt":"2026-01-29T07:29:08","guid":{"rendered":"https:\/\/www.europesays.com\/pt\/248823\/"},"modified":"2026-01-29T07:29:08","modified_gmt":"2026-01-29T07:29:08","slug":"grammy-e-neste-domingo-com-briga-boa-entre-lady-gaga-bad-bunny-e-kendrick-veja-previsoes-g1","status":"publish","type":"post","link":"https:\/\/www.europesays.com\/pt\/248823\/","title":{"rendered":"Grammy \u00e9 neste domingo, com &#039;briga boa&#039; entre Lady Gaga, Bad Bunny e Kendrick; veja previs\u00f5es &#8211; G1"},"content":{"rendered":"<ol>\n<li><a href=\"https:\/\/news.google.com\/rss\/articles\/CBMi5AFBVV95cUxOVUQ4emk2SHJEVnVLSHRWcGpONGdXMGJlOTZNR052VGhWWjdDVGlaOVd6WTdCMTB4cmZUTGZIVWVjTFpMdEQyZE9pbjREMjl2cTFYaTIyQWM0SktQaDVMTXQ2dzVBcXAtaHZDYTVIOTltSE8wcmFmRWJRcy10VnlCZWNJb0Z1NVZQeVpjakk2YUduR1J1OTFwX3U1R2h0OGo5dk95UThUWHhsaXZ5VzVva1RYX2lmNWVpRFE2NVlYVTNIeUtqc2RkdEYySDJNNzlXQ0pzeWFkR1NmcEwtRkl6aEFUdkfSAfMBQVVfeXFMTUN2T2RvNklJTWd0RVhtVGlSNlVVZDBPTjJwZnhTckI3TVVwQk0yQVJ0RGE1Zm9nMGltNFhuZldQN1NaSFJUQ1hkV3ZCNVBGV2J0MlJNaWl5OUxGc3B4dDZIRmZTY1J2U0RXSm5qYmUwYXRfRmtwQWNLS2d1N2pDcDdEV3hJcmxEdGRtR2ZpbE02OFlIS0ZsWUxRc1E2WDZ0NXVRZXk2OWQzRTFDUlk3Yzd5TFhlVThqamRKckFhVHhtSkRQRGR3VVBwS1dJZGxjdkMzcGJMLTR6YzRoMzB6ZXhjcWRlX0lWM1BrX0h6RndYcFJF?oc=5\" target=\"_blank\" rel=\"nofollow noopener\">Grammy \u00e9 neste domingo, com &#8216;briga boa&#8217; entre Lady Gaga, Bad Bunny e Kendrick; veja previs\u00f5es<\/a>&nbsp;&nbsp;G1<\/li>\n<li><a href=\"https:\/\/news.google.com\/rss\/articles\/CBMifEFVX3lxTFA0TWhabjItanY5VTgtemkyM01VQjBmN0tFNnJTalJXLUtTTG41RXJxS3V0WUtMSzhlZm9HcVRMY2tQQzU2OU1qd2FLa0VZM05EWkJLZHZsc3ZQMkFHZXZ2bGZua1ZxTGdtREZWTDl6c1B2MG5LM3dEaEpBckPSAYIBQVVfeXFMTWhzSzdQcUgyVzlyYWNBX0tyV09hcXVWQTk4WmFZS2RpbHp3SDZ6ZGtBblE4b19tRGRpVUJOOWlCSVhlbDVkXzFLVnBCMkVPeDI2azZzLWo5QU5kcG9zd3NKd0dQbzNVNU56cEptaUFHSEtfQk12LXAyd1dkaldZRFhJdw?oc=5\" target=\"_blank\" rel=\"nofollow noopener\">Grammy 2026 ter\u00e1 apresenta\u00e7\u00e3o de Justin Bieber<\/a>&nbsp;&nbsp;Omelete<\/li>\n<li><a href=\"https:\/\/news.google.com\/rss\/articles\/CBMi0AFBVV95cUxPcHF6ckNKRGE4WHZPX1lLaVR4cG5vTGRsSjk0WHNmRk10UFpvTG9lMFpDMlpwMngzcXJBM25GUVZIa3djVTVlQlh3d2stWm1TV1FUYWEtOUlhaURKNVpjQnEzLXAwdHcydlpFRXNDWDhGTUVZTHJLMDRxR19WcFYwajg4SE5ORTE2LXV1dDY4UDI0dEFqc3JhS2p3aDFjZ2Zld0FkR2dfbzVKejRCWDZtdUtjUjZDbDZ0ekxHXzh1cU5WMDVKUWh1LWdKUFFtcGlu?oc=5\" target=\"_blank\" rel=\"nofollow noopener\">A banda de metal que tocar\u00e1 na cerim\u00f4nia do Grammy 2026<\/a>&nbsp;&nbsp;Terra<\/li>\n<li><a href=\"https:\/\/news.google.com\/rss\/articles\/CBMihAFBVV95cUxQaHZyQ3F6NjNrcW14MGptbWNXSk1IM3JobEJjQkh3aUxWUVkxbFhoQnQ3V1ozb3NHdEdlTVl6Y3JMNy16a2JNck5CdERNUGNfU2NWMElPNWNNZ1FxMWpuUnRrRDhDbHQ2WHA2WDNoQWZBYXQtWEVjUW1tUkJBN0lLVWlJMFDSAYoBQVVfeXFMTWpOM3BKR2hQaGkxSUJNSmNIREdUeE9aejZ3V3VFdGs0NW1BcXVEM0h6Sk81cjZiakE3VFBvMHBqcWVxdG02SHJBNHRZd2FsRkF4WFEyUTRKRXk4RkFqaEhabXpuWVNuZWFISC14eXQ1TXNva3c0eXM3R21NdUJJTFJLRXg2YVEtRnlB?oc=5\" target=\"_blank\" rel=\"nofollow noopener\">10 artistas que podem ganhar seu primeiro Grammy no domingo<\/a>&nbsp;&nbsp;POPline<\/li>\n<li><a href=\"https:\/\/news.google.com\/rss\/articles\/CBMiqgFBVV95cUxNODJocTRHN3c5cWl5OENzN3E2NVZxNThlYXVVcUtzOEVrcEJ1TVJlR1hRSkRYM0lpTnZWakVnYzRJUlRQOFpSMjF0REd0dHlERURNaGNpeUFPbnd5YzNJeEI5cWVYSTNxcjBTcEtQTnp1MDM1SXpnMGVjUHh4ZkRqcHdFam52c1Boa0tQVDRXNXJneHRJWkZ1VGo0SE5YaTRxVVZUZmRURDFGQQ?oc=5\" target=\"_blank\" rel=\"nofollow noopener\">Quando ser\u00e1 o Grammy 2026? Veja a data da principal premia\u00e7\u00e3o da ind\u00fastria da m\u00fasica<\/a>&nbsp;&nbsp;Exame<\/li>\n<\/ol>\n","protected":false},"excerpt":{"rendered":"Grammy \u00e9 neste domingo, com &#8216;briga boa&#8217; entre Lady Gaga, Bad Bunny e Kendrick; veja previs\u00f5es&nbsp;&nbsp;G1 Grammy 2026&hellip;\n","protected":false},"author":2,"featured_media":248824,"comment_status":"","ping_status":"","sticky":false,"template":"","format":"standard","meta":{"footnotes":""},"categories":[141],"tags":[114,115,149,150,32,33],"class_list":{"0":"post-248823","1":"post","2":"type-post","3":"status-publish","4":"format-standard","5":"has-post-thumbnail","7":"category-musica","8":"tag-entertainment","9":"tag-entretenimento","10":"tag-music","11":"tag-musica","12":"tag-portugal","13":"tag-pt"},"share_on_mastodon":{"url":"https:\/\/pubeurope.com\/@pt\/115977215164672796","error":""},"_links":{"self":[{"href":"https:\/\/www.europesays.com\/pt\/wp-json\/wp\/v2\/posts\/248823","targetHints":{"allow":["GET"]}}],"collection":[{"href":"https:\/\/www.europesays.com\/pt\/wp-json\/wp\/v2\/posts"}],"about":[{"href":"https:\/\/www.europesays.com\/pt\/wp-json\/wp\/v2\/types\/post"}],"author":[{"embeddable":true,"href":"https:\/\/www.europesays.com\/pt\/wp-json\/wp\/v2\/users\/2"}],"replies":[{"embeddable":true,"href":"https:\/\/www.europesays.com\/pt\/wp-json\/wp\/v2\/comments?post=248823"}],"version-history":[{"count":0,"href":"https:\/\/www.europesays.com\/pt\/wp-json\/wp\/v2\/posts\/248823\/revisions"}],"wp:featuredmedia":[{"embeddable":true,"href":"https:\/\/www.europesays.com\/pt\/wp-json\/wp\/v2\/media\/248824"}],"wp:attachment":[{"href":"https:\/\/www.europesays.com\/pt\/wp-json\/wp\/v2\/media?parent=248823"}],"wp:term":[{"taxonomy":"category","embeddable":true,"href":"https:\/\/www.europesays.com\/pt\/wp-json\/wp\/v2\/categories?post=248823"},{"taxonomy":"post_tag","embeddable":true,"href":"https:\/\/www.europesays.com\/pt\/wp-json\/wp\/v2\/tags?post=248823"}],"curies":[{"name":"wp","href":"https:\/\/api.w.org\/{rel}","templated":true}]}}