{"id":248831,"date":"2026-01-29T07:43:13","date_gmt":"2026-01-29T07:43:13","guid":{"rendered":"https:\/\/www.europesays.com\/pt\/248831\/"},"modified":"2026-01-29T07:43:13","modified_gmt":"2026-01-29T07:43:13","slug":"ibovespa-bate-novo-recorde-e-ultrapassa-os-184-mil-pontos","status":"publish","type":"post","link":"https:\/\/www.europesays.com\/pt\/248831\/","title":{"rendered":"Ibovespa bate novo recorde e ultrapassa os 184 mil pontos"},"content":{"rendered":"<p>                    CRIS FAGA\/DRAGONFLY PRESS\/ESTAD\u00c3O CONTE\u00daDO<\/p>\n<p>                                            <img decoding=\"async\" class=\"img-responsive type:primaryImage\" src=\"https:\/\/www.europesays.com\/pt\/wp-content\/uploads\/2026\/01\/drf20241011014-600x450.jpg\" alt=\"Vista de painel da Bolsa de Valores de S\u00e3o Paulo (B3), na regi\u00e3o central da capital paulista\" id=\"zoom-img\"\/><br \/>\n                                        SP &#8211; BOLSAS\/IBOVESPA &#8211; ECONOMIA &#8211; Vista de painel da Bolsa de Valores de S\u00e3o Paulo (B3), na regi\u00e3o central da capital paulista, na tarde desta sexta-  feira, 11 de outubro de 2024. O Ibovespa voltou a fechar  abaixo dos 130 mil pontos nesta sexta-feira, 11,   convergindo para n\u00edveis do come\u00e7o de agosto, h\u00e1 pouco mais de dois meses. Na semana, acumulou perda de 1,37%, ap\u00f3s   recuo de 0,71% no intervalo anterior. Nesta sexta, oscilou entre m\u00ednima de 129.337 68 e m\u00e1xima de 130.353,99   pontos, correspondente \u00e0 abertura.    11\/10\/2024<\/p>\n<p>O Ibovespa bateu um novo recorde nesta quarta-feira (28). Fechou aos 184.691,05 pontos, novo recorde para encerramentos, depois de altas registradas no dia. No ano, a bolsa j\u00e1 renovou os recordes em 8 de 11 sess\u00f5es,\u00a0O giro financeiro seguiu refor\u00e7ado, a R$ 34,1 bilh\u00f5es. Na semana, o Ibovespa sobe 3,26% e, em janeiro, acumula alta de 14,63%, por enquanto a caminho do melhor m\u00eas desde novembro de 2020 (+15,90%), h\u00e1 mais de cinco anos.<\/p>\n<p>Conforme esperado, o Federal Reserve manteve nesta tarde a taxa de juros de refer\u00eancia dos Estados Unidos na faixa de 3,50% a 3,75%, ap\u00f3s uma sequ\u00eancia de tr\u00eas redu\u00e7\u00f5es no ano passado, em setembro, outubro e dezembro. A decis\u00e3o desta quarta-feira n\u00e3o veio por unanimidade: dois integrantes do comit\u00ea de pol\u00edtica monet\u00e1ria do Fed, Stephen Miran e Christopher Waller, votaram por redu\u00e7\u00e3o de 25 pontos \u2013 ou 0,25 ponto porcentual \u2013 nos juros<\/p>\n<p>Em comunicado ap\u00f3s a decis\u00e3o, o Fed apontou que a atividade econ\u00f4mica continua a se expandir em ritmo s\u00f3lido nos Estados Unidos. O BC americano observou tamb\u00e9m que a taxa de desemprego deu sinais de estabiliza\u00e7\u00e3o, e que a infla\u00e7\u00e3o continua em n\u00edvel ainda um tanto elevado. A perspectiva continua dependente da evolu\u00e7\u00e3o dos dados, indicou ainda o Fed, em um cen\u00e1rio de incerteza persistente.<\/p>\n<p>Aqui no Brasil, o Comit\u00ea de Pol\u00edtica Monet\u00e1ria (Copom), manteve em 15% ao ano a taxa Selic, pela quinta fez seguida. Apesar da manuten\u00e7\u00e3o, o Comit\u00ea informou que em mar\u00e7o pode flexibilizar a pol\u00edtica monet\u00e1ria.<\/p>\n<p>*Com informa\u00e7\u00f5es do Estad\u00e3o Conte\u00fado<\/p>\n","protected":false},"excerpt":{"rendered":"CRIS FAGA\/DRAGONFLY PRESS\/ESTAD\u00c3O CONTE\u00daDO SP &#8211; BOLSAS\/IBOVESPA &#8211; ECONOMIA &#8211; Vista de painel da Bolsa de Valores de&hellip;\n","protected":false},"author":2,"featured_media":248832,"comment_status":"","ping_status":"","sticky":false,"template":"","format":"standard","meta":{"footnotes":""},"categories":[141],"tags":[114,115,149,150,32,33],"class_list":{"0":"post-248831","1":"post","2":"type-post","3":"status-publish","4":"format-standard","5":"has-post-thumbnail","7":"category-musica","8":"tag-entertainment","9":"tag-entretenimento","10":"tag-music","11":"tag-musica","12":"tag-portugal","13":"tag-pt"},"share_on_mastodon":{"url":"https:\/\/pubeurope.com\/@pt\/115977270242919962","error":""},"_links":{"self":[{"href":"https:\/\/www.europesays.com\/pt\/wp-json\/wp\/v2\/posts\/248831","targetHints":{"allow":["GET"]}}],"collection":[{"href":"https:\/\/www.europesays.com\/pt\/wp-json\/wp\/v2\/posts"}],"about":[{"href":"https:\/\/www.europesays.com\/pt\/wp-json\/wp\/v2\/types\/post"}],"author":[{"embeddable":true,"href":"https:\/\/www.europesays.com\/pt\/wp-json\/wp\/v2\/users\/2"}],"replies":[{"embeddable":true,"href":"https:\/\/www.europesays.com\/pt\/wp-json\/wp\/v2\/comments?post=248831"}],"version-history":[{"count":0,"href":"https:\/\/www.europesays.com\/pt\/wp-json\/wp\/v2\/posts\/248831\/revisions"}],"wp:featuredmedia":[{"embeddable":true,"href":"https:\/\/www.europesays.com\/pt\/wp-json\/wp\/v2\/media\/248832"}],"wp:attachment":[{"href":"https:\/\/www.europesays.com\/pt\/wp-json\/wp\/v2\/media?parent=248831"}],"wp:term":[{"taxonomy":"category","embeddable":true,"href":"https:\/\/www.europesays.com\/pt\/wp-json\/wp\/v2\/categories?post=248831"},{"taxonomy":"post_tag","embeddable":true,"href":"https:\/\/www.europesays.com\/pt\/wp-json\/wp\/v2\/tags?post=248831"}],"curies":[{"name":"wp","href":"https:\/\/api.w.org\/{rel}","templated":true}]}}