{"id":248842,"date":"2026-01-29T07:57:11","date_gmt":"2026-01-29T07:57:11","guid":{"rendered":"https:\/\/www.europesays.com\/pt\/248842\/"},"modified":"2026-01-29T07:57:11","modified_gmt":"2026-01-29T07:57:11","slug":"fevereiro-sem-celular-entenda-como-funciona-o-novo-desafio-global","status":"publish","type":"post","link":"https:\/\/www.europesays.com\/pt\/248842\/","title":{"rendered":"\u2018Fevereiro sem celular\u2019: Entenda como funciona o novo desafio global"},"content":{"rendered":"<p>A campanha criada na esfera global foi pensada para conscientizar sobre o tempo gasto no celular diariamente<\/p>\n<p>                    Reprodu\u00e7\u00e3o\/Site\/Phone Free February<\/p>\n<p>                                            <img decoding=\"async\" class=\"img-responsive type:primaryImage\" src=\"https:\/\/www.europesays.com\/pt\/wp-content\/uploads\/2026\/01\/desafio-fevereiro-sem-celular-750x450.jpg\" alt=\"Desafio Fevereiro Sem Celular\" id=\"zoom-img\"\/><br \/>\n                                        Desafio Fevereiro Sem Celular<\/p>\n<p>Para o in\u00edcio do m\u00eas de fevereiro a a\u00e7\u00e3o <strong>\u201cPhone Free February\u201d<\/strong> (Fevereiro Sem Celular) vem como um desafio na esfera global pensado para <strong>diminuir o tempo das pessoas no celular<\/strong>, estimulando o uso mais saud\u00e1vel do aparelho. A campanha consiste em tentar ficar o m\u00eas todo sem o dispositivo por meio de estrat\u00e9gias coordenadas.<\/p>\n<p>Segundo o site da campanha, os smartphones s\u00e3o projetados para serem irresist\u00edveis, ou seja, seu design \u00e9 viciante para fazer com que as pessoas\u00a0 chequem os dispositivos a todo momento; <strong>uma m\u00e9dia de 221 vezes por dia,<\/strong> e propositalmente.<\/p>\n<p>\u201cEmpresas de tecnologia empregam milhares de engenheiros especificamente para maximizar o engajamento e explorar vulnerabilidades psicol\u00f3gicas. Isso n\u00e3o \u00e9 uma falha pessoal; \u00e9 um ataque coordenado \u00e0 nossa aten\u00e7\u00e3o\u201d, diz a campanha.<\/p>\n<p>Em resposta \u00e0s grandes empresas de tecnologia, os ativistas Charlotte Ashton e Jacob Warn decidiram criar o projeto como <strong>uma resist\u00eancia digital<\/strong>.<\/p>\n<p>Desta forma eles <strong>buscam criar uma consci\u00eancia<\/strong> ainda maior sobre as chamadas \u201cBig Techs\u201d com o intuito de trazer luz ao quanto elas\u00a0 influenciam e prejudicam o funcionamento do dia a dia social como um todo. \u201cAs redes sociais nos condicionam a vivenciar a vida atrav\u00e9s de uma tela, a performar em vez de nos conectarmos verdadeiramente. O tempo sem celular \u00e9 uma rebeli\u00e3o contra a cultura perform\u00e1tica que as empresas de tecnologia criaram\u201d, defende os ativistas.<\/p>\n<p>A campanha prop\u00f5e tr\u00eas vias que podem ser seguidas para <strong>alcan\u00e7ar o objetivo<\/strong>:<\/p>\n<p>O projeto<strong><a href=\"https:\/\/phonefreefebruary.com\/\" target=\"_blank\" rel=\"noopener noreferrer nofollow\"> \u201cFevereiro Sem Celular\u201d<\/a><\/strong> foi fundado sob o <strong>amparo da \u201cGlobal Solidarity Foundation\u201d<\/strong>.<\/p>\n","protected":false},"excerpt":{"rendered":"A campanha criada na esfera global foi pensada para conscientizar sobre o tempo gasto no celular diariamente Reprodu\u00e7\u00e3o\/Site\/Phone&hellip;\n","protected":false},"author":2,"featured_media":248843,"comment_status":"","ping_status":"","sticky":false,"template":"","format":"standard","meta":{"footnotes":""},"categories":[141],"tags":[114,115,149,150,32,33],"class_list":{"0":"post-248842","1":"post","2":"type-post","3":"status-publish","4":"format-standard","5":"has-post-thumbnail","7":"category-musica","8":"tag-entertainment","9":"tag-entretenimento","10":"tag-music","11":"tag-musica","12":"tag-portugal","13":"tag-pt"},"share_on_mastodon":{"url":"https:\/\/pubeurope.com\/@pt\/115977325326105539","error":""},"_links":{"self":[{"href":"https:\/\/www.europesays.com\/pt\/wp-json\/wp\/v2\/posts\/248842","targetHints":{"allow":["GET"]}}],"collection":[{"href":"https:\/\/www.europesays.com\/pt\/wp-json\/wp\/v2\/posts"}],"about":[{"href":"https:\/\/www.europesays.com\/pt\/wp-json\/wp\/v2\/types\/post"}],"author":[{"embeddable":true,"href":"https:\/\/www.europesays.com\/pt\/wp-json\/wp\/v2\/users\/2"}],"replies":[{"embeddable":true,"href":"https:\/\/www.europesays.com\/pt\/wp-json\/wp\/v2\/comments?post=248842"}],"version-history":[{"count":0,"href":"https:\/\/www.europesays.com\/pt\/wp-json\/wp\/v2\/posts\/248842\/revisions"}],"wp:featuredmedia":[{"embeddable":true,"href":"https:\/\/www.europesays.com\/pt\/wp-json\/wp\/v2\/media\/248843"}],"wp:attachment":[{"href":"https:\/\/www.europesays.com\/pt\/wp-json\/wp\/v2\/media?parent=248842"}],"wp:term":[{"taxonomy":"category","embeddable":true,"href":"https:\/\/www.europesays.com\/pt\/wp-json\/wp\/v2\/categories?post=248842"},{"taxonomy":"post_tag","embeddable":true,"href":"https:\/\/www.europesays.com\/pt\/wp-json\/wp\/v2\/tags?post=248842"}],"curies":[{"name":"wp","href":"https:\/\/api.w.org\/{rel}","templated":true}]}}