{"id":248868,"date":"2026-01-29T08:56:11","date_gmt":"2026-01-29T08:56:11","guid":{"rendered":"https:\/\/www.europesays.com\/pt\/248868\/"},"modified":"2026-01-29T08:56:11","modified_gmt":"2026-01-29T08:56:11","slug":"servicos-de-saude-reforcam-preparacao-face-ao-virus-nipah","status":"publish","type":"post","link":"https:\/\/www.europesays.com\/pt\/248868\/","title":{"rendered":"Servi\u00e7os de Sa\u00fade refor\u00e7am prepara\u00e7\u00e3o face ao v\u00edrus Nipah"},"content":{"rendered":"<p>\t\t\t\t\t47<\/p>\n<p>Os <a href=\"https:\/\/www.ssm.gov.mo\/Portal\/portal.aspx?lang=pt\" rel=\"nofollow noopener\" target=\"_blank\">Servi\u00e7os de Sa\u00fade<\/a> (SSM) acompanharam com aten\u00e7\u00e3o os recentes casos de infe\u00e7\u00e3o pelo v\u00edrus Nipah registados no estado de Bengala Ocidental, no leste da \u00cdndia, sublinhando que, at\u00e9 ao momento, a situa\u00e7\u00e3o epidemiol\u00f3gica permanece circunscrita \u00e0quela regi\u00e3o. As autoridades apelam, por isso, \u00e0 tranquilidade da popula\u00e7\u00e3o, assegurando que foram adotadas, de forma preventiva, v\u00e1rias medidas de planeamento e refor\u00e7o da capacidade de resposta a um eventual surto.<\/p>\n<p>Entre as a\u00e7\u00f5es implementadas destacam-se o refor\u00e7o da avalia\u00e7\u00e3o e do exame m\u00e9dico nos postos fronteiri\u00e7os para indiv\u00edduos com hist\u00f3rico de viagem relevante que apresentem sintomas compat\u00edveis, o aumento da capacidade de dete\u00e7\u00e3o laboratorial do v\u00edrus, a prepara\u00e7\u00e3o de instala\u00e7\u00f5es de isolamento e a defini\u00e7\u00e3o de planos cl\u00ednicos para tratamento.<\/p>\n<p>Paralelamente, foi intensificada a coopera\u00e7\u00e3o interdepartamental e o contacto com institui\u00e7\u00f5es e associa\u00e7\u00f5es de sa\u00fade, com o objetivo de proteger a sa\u00fade de residentes e visitantes.<\/p>\n<p>Neste contexto, os SSM organizaram, na quarta-feira passada, um col\u00f3quio sobre a resposta a infe\u00e7\u00f5es pelo v\u00edrus Nipah, dirigido sobretudo a associa\u00e7\u00f5es de sa\u00fade, organiza\u00e7\u00f5es e institui\u00e7\u00f5es sem fins lucrativos que prestam cuidados m\u00e9dicos. A iniciativa contou com a participa\u00e7\u00e3o de mais de 100 profissionais do sector, demonstrando um elevado n\u00edvel de envolvimento e preocupa\u00e7\u00e3o.<\/p>\n<p>Leia tamb\u00e9m:\u00a0<a href=\"https:\/\/www.plataformamedia.com\/2026\/01\/28\/aeroportos-asiaticos-em-alerta-apos-casos-de-virus-nipah-na-india\/\" rel=\"nofollow noopener\" target=\"_blank\">Aeroportos asi\u00e1ticos em alerta ap\u00f3s casos de v\u00edrus Nipah na \u00cdndia<\/a><\/p>\n<p>Na abertura da sess\u00e3o, o diretor dos SSM, Dr. Lo Iek Long, alertou para o facto de, apesar da dist\u00e2ncia geogr\u00e1fica entre a \u00cdndia e Macau, a frequ\u00eancia do transporte internacional e a mobilidade de pessoas poderem facilitar a introdu\u00e7\u00e3o do v\u00edrus. Sublinhou que existe risco de transmiss\u00e3o comunit\u00e1ria caso utentes provenientes de zonas afetadas recorram a cuidados de sa\u00fade sem que a situa\u00e7\u00e3o seja identificada atempadamente. Nesse sentido, apelou \u00e0s institui\u00e7\u00f5es m\u00e9dicas para refor\u00e7arem a vigil\u00e2ncia, dando especial aten\u00e7\u00e3o ao historial de viagens ou de perman\u00eancia na \u00cdndia, de modo a detetar e controlar precocemente potenciais fontes de infe\u00e7\u00e3o.<\/p>\n<p>O chefe substituto da Divis\u00e3o de Preven\u00e7\u00e3o e Controlo de Doen\u00e7as Transmiss\u00edveis do <a href=\"https:\/\/www.gov.mo\/pt\/apm-entity-page\/organica-do-governo-servicos-e-entidades-publicos\/apm-550\/apm-552\/apm-2318\/\" rel=\"nofollow noopener\" target=\"_blank\">Centro de Preven\u00e7\u00e3o e Controlo de Doen\u00e7as<\/a>, Dr. Ieong Chon Kit, apresentou uma an\u00e1lise detalhada da situa\u00e7\u00e3o epidemiol\u00f3gica atual, das vias de transmiss\u00e3o, dos sintomas cl\u00ednicos, bem como dos aspetos-chave no diagn\u00f3stico, tratamento e notifica\u00e7\u00e3o de casos suspeitos. O objetivo passa por refor\u00e7ar a capacidade dos profissionais de sa\u00fade para identificar e comunicar rapidamente situa\u00e7\u00f5es de risco, reduzindo a probabilidade de propaga\u00e7\u00e3o na comunidade.<\/p>\n<p>As medidas de preven\u00e7\u00e3o e controlo assentam em tr\u00eas eixos principais:<\/p>\n<ul>\n<li>O refor\u00e7o da linha de defesa nos pontos fronteiri\u00e7os, com procedimentos claros para encaminhamento hospitalar e avisos aos viajantes;<\/li>\n<li>O aprimoramento dos preparativos m\u00e9dicos, garantindo orienta\u00e7\u00f5es, reagentes de teste e equipamentos de prote\u00e7\u00e3o individual;<\/li>\n<li>O refor\u00e7o da divulga\u00e7\u00e3o p\u00fablica de informa\u00e7\u00e3o.<\/li>\n<\/ul>\n<p>Os participantes manifestaram consenso e disponibilidade para colaborar com as estrat\u00e9gias delineadas. Os SSM indicaram ainda que poder\u00e3o ser organizadas novas sess\u00f5es informativas conforme as necessidades. Recorde-se que o v\u00edrus Nipah, identificado em 1999, \u00e9 um agente zoon\u00f3tico potencialmente fatal, com casos humanos registados sobretudo no Bangladesh e na \u00cdndia nas \u00faltimas duas d\u00e9cadas.<\/p>\n<p>As autoridades aconselham a evitar desloca\u00e7\u00f5es \u00e0s regi\u00f5es afetadas e, em caso de viagem indispens\u00e1vel, a adotar rigorosas medidas de higiene, evitar contacto com animais doentes e procurar assist\u00eancia m\u00e9dica imediata se surgirem sintomas ap\u00f3s o regresso.<\/p>\n","protected":false},"excerpt":{"rendered":"47 Os Servi\u00e7os de Sa\u00fade (SSM) acompanharam com aten\u00e7\u00e3o os recentes casos de infe\u00e7\u00e3o pelo v\u00edrus Nipah registados&hellip;\n","protected":false},"author":2,"featured_media":248869,"comment_status":"","ping_status":"","sticky":false,"template":"","format":"standard","meta":{"footnotes":""},"categories":[86],"tags":[116,46692,32,33,117],"class_list":{"0":"post-248868","1":"post","2":"type-post","3":"status-publish","4":"format-standard","5":"has-post-thumbnail","7":"category-saude","8":"tag-health","9":"tag-macau-sociedade","10":"tag-portugal","11":"tag-pt","12":"tag-saude"},"share_on_mastodon":{"url":"https:\/\/pubeurope.com\/@pt\/115977557314280724","error":""},"_links":{"self":[{"href":"https:\/\/www.europesays.com\/pt\/wp-json\/wp\/v2\/posts\/248868","targetHints":{"allow":["GET"]}}],"collection":[{"href":"https:\/\/www.europesays.com\/pt\/wp-json\/wp\/v2\/posts"}],"about":[{"href":"https:\/\/www.europesays.com\/pt\/wp-json\/wp\/v2\/types\/post"}],"author":[{"embeddable":true,"href":"https:\/\/www.europesays.com\/pt\/wp-json\/wp\/v2\/users\/2"}],"replies":[{"embeddable":true,"href":"https:\/\/www.europesays.com\/pt\/wp-json\/wp\/v2\/comments?post=248868"}],"version-history":[{"count":0,"href":"https:\/\/www.europesays.com\/pt\/wp-json\/wp\/v2\/posts\/248868\/revisions"}],"wp:featuredmedia":[{"embeddable":true,"href":"https:\/\/www.europesays.com\/pt\/wp-json\/wp\/v2\/media\/248869"}],"wp:attachment":[{"href":"https:\/\/www.europesays.com\/pt\/wp-json\/wp\/v2\/media?parent=248868"}],"wp:term":[{"taxonomy":"category","embeddable":true,"href":"https:\/\/www.europesays.com\/pt\/wp-json\/wp\/v2\/categories?post=248868"},{"taxonomy":"post_tag","embeddable":true,"href":"https:\/\/www.europesays.com\/pt\/wp-json\/wp\/v2\/tags?post=248868"}],"curies":[{"name":"wp","href":"https:\/\/api.w.org\/{rel}","templated":true}]}}