{"id":248872,"date":"2026-01-29T09:00:09","date_gmt":"2026-01-29T09:00:09","guid":{"rendered":"https:\/\/www.europesays.com\/pt\/248872\/"},"modified":"2026-01-29T09:00:09","modified_gmt":"2026-01-29T09:00:09","slug":"portugal-entre-11-paises-que-condenam-demolicoes-de-instalacoes-da-unrwa-por-israel","status":"publish","type":"post","link":"https:\/\/www.europesays.com\/pt\/248872\/","title":{"rendered":"Portugal entre 11\u00a0pa\u00edses\u00a0que\u00a0condenam demoli\u00e7\u00f5es de instala\u00e7\u00f5es da UNRWA\u00a0por Israel"},"content":{"rendered":"<p>&#13;<br \/>\nOs ministros dos Neg\u00f3cios Estrangeiros de onze pa\u00edses, incluindo Portugal, condenaram hoje as demoli\u00e7\u00f5es, pelas autoridades israelitas, de instala\u00e7\u00f5es em Jerusal\u00e9m Oriental da ag\u00eancia da ONU para os refugiados palestinianos (UNRWA, na sigla em ingl\u00eas).\u00a0&#13;\n<\/p>\n<p>&#13;<br \/>\nNum comunicado conjunto,\u00a0os\u00a0ministros dos Neg\u00f3cios Estrangeiros da B\u00e9lgica,\u00a0Canad\u00e1, Dinamarca, Fran\u00e7a, Isl\u00e2ndia, Irlanda, Jap\u00e3o, Noruega, Portugal, Espanha e Reino Unido\u00a0&#8220;condenam veementemente as demoli\u00e7\u00f5es, por parte das autoridades israelitas, da sede da UNRWA em Jerusal\u00e9m Oriental&#8221;, no dia 20 de janeiro.\u00a0\u00a0&#13;\n<\/p>\n<p>&#13;<br \/>\nOs onze pa\u00edses descreveram a demoli\u00e7\u00e3o do edif\u00edcio como um &#8220;ato sem precedentes&#8221; contra uma ag\u00eancia da ONU e uma &#8220;medida inaceit\u00e1vel para prejudicar a sua capacidade de atua\u00e7\u00e3o&#8221;.\u00a0\u00a0&#13;\n<\/p>\n<p>&#13;<br \/>\nApelaram\u00a0ainda\u00a0ao Governo israelita para que cumpra as suas &#8220;obriga\u00e7\u00f5es internacionais&#8221; e &#8220;cesse todas as demoli\u00e7\u00f5es&#8221;.\u00a0&#13;\n<\/p>\n<p>&#13;<br \/>\n&#8220;Reiteramos o nosso total apoio \u00e0 miss\u00e3o indispens\u00e1vel da UNRWA de prestar servi\u00e7os essenciais e assist\u00eancia humanit\u00e1ria aos palestinianos nos territ\u00f3rios ocupados, incluindo Jerusal\u00e9m Oriental&#8221;, frisam.\u00a0&#13;\n<\/p>\n<p>&#13;<br \/>\nOs ministros sa\u00fadam\u00a0tamb\u00e9m o compromisso de\u00a0reforma\u00a0da ag\u00eancia\u00a0da\u00a0ONU,\u00a0acusada por Israel de defender interesses do movimento\u00a0islamita palestiniano Hamas, no sentido do cumprimento dos mais elevados padr\u00f5es de &#8220;neutralidade e integridade&#8221;.\u00a0&#13;\n<\/p>\n<p>&#13;<br \/>\nA\u00a0UNRWA &#8220;\u00e9 um prestador de servi\u00e7os que oferece cuidados de sa\u00fade e educa\u00e7\u00e3o a milh\u00f5es de palestinianos&#8221;, especialmente em Gaza, devendo, por isso, poder operar sem restri\u00e7\u00f5es, adianta.\u00a0\u00a0&#13;\n<\/p>\n<p>&#13;<br \/>\nA\u00a0nova legisla\u00e7\u00e3o israelita que pro\u00edbe o contacto entre as entidades estatais israelitas e a ag\u00eancia,\u00a0\u00e9 fator de preocupa\u00e7\u00e3o para os ministros.\u00a0\u00a0&#13;\n<\/p>\n<p>&#13;<br \/>\nEsta legisla\u00e7\u00e3o, na pr\u00e1tica, &#8220;impede a presen\u00e7a da UNRWA em Israel e em Jerusal\u00e9m&#8221;, sublinharam os ministros, apelando\u00a0ainda ao governo israelita para que &#8220;cumpra as suas obriga\u00e7\u00f5es de prestar ajuda humanit\u00e1ria \u00e0 Faixa de Gaza em conformidade com o direito internacional&#8221;.\u00a0&#13;\n<\/p>\n<p>&#13;<br \/>\nOs ministros lembraram que Israel aceitou o acordo de 20 pontos do\u00a0Presidente norte-americano,\u00a0Donald\u00a0Trump, pelo qual o Governo de Benjamin Netanyahu\u00a0se comprometeu com &#8220;a entrada e distribui\u00e7\u00e3o de ajuda em Gaza&#8221; atrav\u00e9s da ONU e do Crescente Vermelho.\u00a0&#13;\n<\/p>\n<p>&#13;<br \/>\n&#8220;Apesar do aumento da entrada de ajuda humanit\u00e1ria, as condi\u00e7\u00f5es continuam prec\u00e1rias e os mantimentos s\u00e3o insuficientes para satisfazer as necessidades da popula\u00e7\u00e3o&#8221;,\u00a0adiantam.\u00a0&#13;\n<\/p>\n<p>&#13;<br \/>\nNo comunicado, os ministros prop\u00f5em v\u00e1rias medidas humanit\u00e1rias, como permitir a entrada de ajuda e servi\u00e7os em toda a Gaza e na Cisjord\u00e2nia\u00a0e\u00a0apelam \u00e0 abertura de todos os pontos de acesso \u00e0 Faixa, garantindo que as ONG podem operar na regi\u00e3o, a par do levantamento das exig\u00eancias rigorosas impostas a estas organiza\u00e7\u00f5es e das restri\u00e7\u00f5es aos bens humanit\u00e1rios, incluindo os de dupla utiliza\u00e7\u00e3o.\u00a0&#13;\n<\/p>\n<p>&#13;<br \/>\nAs autoridades israelitas ligam as atividades da UNRWA \u00e0s de grupos terroristas palestinianos como o Hamas, respons\u00e1vel pelos ataques de 7 de outubro de 2023.\u00a0&#13;\n<\/p>\n<p>&#13;<br \/>\nEm outubro de 2025, o Tribunal Internacional de Justi\u00e7a (TIJ) declarou, num parecer consultivo n\u00e3o vinculativo, que Israel n\u00e3o comprovou as liga\u00e7\u00f5es alegadas entre a UNRWA e o Hamas, nem a alegada falta de neutralidade da organiza\u00e7\u00e3o.\u00a0&#13;\n<\/p>\n<p>&#13;<br \/>\nO Hamas saudou de imediato a condena\u00e7\u00e3o\u00a0pelos\u00a0onze pa\u00edses da demoli\u00e7\u00e3o, pelas autoridades israelitas, da sede da UNRWA.\u00a0&#13;\n<\/p>\n<p>&#13;<br \/>\nEm comunicado, o movimento islamita apelou a estes pa\u00edses para que &#8220;traduzam a sua posi\u00e7\u00e3o em medidas pr\u00e1ticas&#8221; de forma a pressionar Israel para que a UNRWA possa retomar o seu trabalho em prol do povo palestiniano.\u00a0&#13;\n<\/p>\n<p>&#13;<br \/>\nAs Na\u00e7\u00f5es Unidas (ONU) alertaram hoje que as pol\u00edticas do Governo israelita t\u00eam facilitado uma s\u00e9rie de &#8220;tend\u00eancias destrutivas&#8221; que amea\u00e7am o progresso da segunda fase do acordo de cessar-fogo na Faixa de Gaza.&#13;\n<\/p>\n<p>&#13;<br \/>\nNo debate trimestral do Conselho de Seguran\u00e7a da ONU sobre a situa\u00e7\u00e3o em Gaza, o\u00a0coordenador especial das Na\u00e7\u00f5es Unidas para o Processo de Paz no M\u00e9dio Oriente (UNSCO, na sigla em ingl\u00eas),\u00a0Ramiz Alakbarov, frisou que muitas incertezas permanecem no enclave, al\u00e9m de\u00a0um &#8220;desmoronamento cont\u00ednuo na Cisjord\u00e2nia ocupada&#8221; e de\u00a0uma regi\u00e3o mergulhada em tens\u00f5es.\u00a0\u00a0&#13;\n<\/p>\n<p>&#13;<br \/>\nAlakbarov acusou tamb\u00e9m Israel de\u00a0viola\u00e7\u00f5es flagrantes do direito internacional e dos privil\u00e9gios e imunidades das Na\u00e7\u00f5es Unidas devido \u00e0 demoli\u00e7\u00e3o\u00a0das instala\u00e7\u00f5es da UNRWA\u00a0em Jerusal\u00e9m Oriental.&#13;<\/p>\n","protected":false},"excerpt":{"rendered":"&#13; Os ministros dos Neg\u00f3cios Estrangeiros de onze pa\u00edses, incluindo Portugal, condenaram hoje as demoli\u00e7\u00f5es, pelas autoridades israelitas,&hellip;\n","protected":false},"author":2,"featured_media":248873,"comment_status":"","ping_status":"","sticky":false,"template":"","format":"standard","meta":{"footnotes":"","_share_on_mastodon":"0"},"categories":[50],"tags":[46694,27,28,7191,5719,15,16,532,14,46695,46696,25,26,21,22,62,12,13,19,20,23,24,17,18,29,30,31,46697,63,64,65],"class_list":["post-248872","post","type-post","status-publish","format-standard","has-post-thumbnail","category-mundo","tag-belgica-canada-dinaca","tag-breaking-news","tag-breakingnews","tag-cisjordania","tag-faixa","tag-featured-news","tag-featurednews","tag-gaza","tag-headlines","tag-jerusalem-oriental","tag-jerusalem-oriental-da-agencia","tag-latest-news","tag-latestnews","tag-main-news","tag-mainnews","tag-mundo","tag-news","tag-noticias","tag-noticias-principais","tag-noticiasprincipais","tag-principais-noticias","tag-principaisnoticias","tag-top-stories","tag-topstories","tag-ultimas","tag-ultimas-noticias","tag-ultimasnoticias","tag-unrwa-em","tag-world","tag-world-news","tag-worldnews"],"share_on_mastodon":{"url":"","error":"Validation failed: Text character limit of 500 exceeded"},"_links":{"self":[{"href":"https:\/\/www.europesays.com\/pt\/wp-json\/wp\/v2\/posts\/248872","targetHints":{"allow":["GET"]}}],"collection":[{"href":"https:\/\/www.europesays.com\/pt\/wp-json\/wp\/v2\/posts"}],"about":[{"href":"https:\/\/www.europesays.com\/pt\/wp-json\/wp\/v2\/types\/post"}],"author":[{"embeddable":true,"href":"https:\/\/www.europesays.com\/pt\/wp-json\/wp\/v2\/users\/2"}],"replies":[{"embeddable":true,"href":"https:\/\/www.europesays.com\/pt\/wp-json\/wp\/v2\/comments?post=248872"}],"version-history":[{"count":0,"href":"https:\/\/www.europesays.com\/pt\/wp-json\/wp\/v2\/posts\/248872\/revisions"}],"wp:featuredmedia":[{"embeddable":true,"href":"https:\/\/www.europesays.com\/pt\/wp-json\/wp\/v2\/media\/248873"}],"wp:attachment":[{"href":"https:\/\/www.europesays.com\/pt\/wp-json\/wp\/v2\/media?parent=248872"}],"wp:term":[{"taxonomy":"category","embeddable":true,"href":"https:\/\/www.europesays.com\/pt\/wp-json\/wp\/v2\/categories?post=248872"},{"taxonomy":"post_tag","embeddable":true,"href":"https:\/\/www.europesays.com\/pt\/wp-json\/wp\/v2\/tags?post=248872"}],"curies":[{"name":"wp","href":"https:\/\/api.w.org\/{rel}","templated":true}]}}