{"id":248990,"date":"2026-01-29T11:41:07","date_gmt":"2026-01-29T11:41:07","guid":{"rendered":"https:\/\/www.europesays.com\/pt\/248990\/"},"modified":"2026-01-29T11:41:07","modified_gmt":"2026-01-29T11:41:07","slug":"ferreira-do-zezere-pede-estado-de-calamidade-apos-depressao-kristin","status":"publish","type":"post","link":"https:\/\/www.europesays.com\/pt\/248990\/","title":{"rendered":"Ferreira do Z\u00eazere pede estado de calamidade ap\u00f3s depress\u00e3o Kristin"},"content":{"rendered":"<p>O presidente do Munic\u00edpio de Alvai\u00e1zere disse que o concelho tem um \u201ccen\u00e1rio catastr\u00f3fico\u201d e referiu que foi sem apoio regional ou nacional que os agentes locais da Prote\u00e7\u00e3o Civil responderam ao embate da depress\u00e3o Kristin.<\/p>\n<p><strong>\u201cEm Alvai\u00e1zere, temos um cen\u00e1rio catastr\u00f3fico com centenas de habita\u00e7\u00f5es muito danificadas estruturalmente, algumas pessoas desalojadas\u201d, afirmou Jo\u00e3o Paulo Guerreiro,<\/strong> na quarta-feira, pelas 23h00, em conversa telef\u00f3nica com a Lusa a partir de Leiria, onde conseguiu ter rede de telem\u00f3vel.<\/p>\n<p>De acordo com Jo\u00e3o Paulo Guerreiro, na quarta-feira conseguiu-se desobstruir estradas, \u201cdas principais at\u00e9 \u00e0s secund\u00e1rias\u201d, mas, ainda assim, \u201cficaram [vias] muito secund\u00e1rias\u201d por desimpedir.<\/p>\n<p>\u201cMont\u00e1mos uma zona de acolhimento que, neste momento, est\u00e1 com cinco pessoas, com apoio m\u00e9dico, com apoio psicol\u00f3gico, e estamos, infelizmente, sem eletricidade e sem comunica\u00e7\u00f5es\u201d, referiu o autarca.<\/p>\n<p><strong>O presidente da C\u00e2mara adiantou que a \u201cprincipal prioridade \u00e9 terminar os trabalhos de remo\u00e7\u00e3o das dezenas de milhares de \u00e1rvores ca\u00eddas\u201d, assim como \u201cmanter a seguran\u00e7a das pessoas e restabelecer a normalidade na eletricidade e na comunica\u00e7\u00e3o\u201d.<\/strong><\/p>\n<p>Elencando dificuldades de contacto com a E-Redes e operadoras de telecomunica\u00e7\u00f5es, Jo\u00e3o Paulo Guerreiro explicou que \u201co \u00fanico meio de comunica\u00e7\u00e3o\u201d que havia \u201cera via r\u00e1dio e essa via estava a ser usada para quest\u00f5es t\u00e1ticas e mais de comando e de estrat\u00e9gia de decis\u00e3o\u201d.<\/p>\n<p>O autarca destacou a inexist\u00eancia de v\u00edtimas, salientou que h\u00e1 \u201cedif\u00edcios municipais tamb\u00e9m muito danificados, quase todos, de uma forma ou de outra, foram atingidos\u201d, e repetiu a exist\u00eancia de um \u201ccen\u00e1rio catastr\u00f3fico\u201d.<\/p>\n<p><strong>\u201cEstou com alguma dificuldade em definir, porque est\u00e1vamos \u00e0 espera de um evento dif\u00edcil, n\u00e3o est\u00e1vamos \u00e0 espera de um evento desta magnitude. A palavra que utilizo para definir \u00e9 cat\u00e1strofe, porque foi, efetivamente, o que aconteceu em Alvai\u00e1zere\u201d, reiterou.<\/strong><\/p>\n<p>Por outro lado, real\u00e7ou o trabalho exemplar de \u201ctodos os agentes da Prote\u00e7\u00e3o Civil\u201d, mesmo \u201ccom comunica\u00e7\u00f5es muito limitadas e sem energia\u201d.<\/p>\n<p><strong>\u201cSozinhos, sem nenhum apoio a n\u00edvel regional ou nacional, conseguimos, com os meios que t\u00ednhamos dispon\u00edveis no concelho, dar uma resposta eficaz neste primeiro dia de embate. Agora, o importante \u00e9 procurar restabelecer, o mais rapidamente poss\u00edvel, comunica\u00e7\u00f5es e energia el\u00e9trica, para que as institui\u00e7\u00f5es e as fam\u00edlias possam funcionar dentro da normalidade poss\u00edvel\u201d, acrescentou Jo\u00e3o Paulo Guerreiro.<\/strong><\/p>\n<p>O Plano Municipal de Prote\u00e7\u00e3o Civil est\u00e1 ativado e agora a autarquia espera ajuda do Governo, com medidas, para particulares e entidades, que possam ajudar a ultrapassar a situa\u00e7\u00e3o e permitir a reconstru\u00e7\u00e3o do concelho.<\/p>\n<p>Lusa<\/p>\n","protected":false},"excerpt":{"rendered":"O presidente do Munic\u00edpio de Alvai\u00e1zere disse que o concelho tem um \u201ccen\u00e1rio catastr\u00f3fico\u201d e referiu que foi&hellip;\n","protected":false},"author":2,"featured_media":248991,"comment_status":"","ping_status":"","sticky":false,"template":"","format":"standard","meta":{"footnotes":""},"categories":[10],"tags":[27,28,46556,15,16,14,25,26,21,22,8532,606,12,13,19,20,32,23,24,33,17,18,29,30,31],"class_list":{"0":"post-248990","1":"post","2":"type-post","3":"status-publish","4":"format-standard","5":"has-post-thumbnail","7":"category-portugal","8":"tag-breaking-news","9":"tag-breakingnews","10":"tag-depressao-kristin","11":"tag-featured-news","12":"tag-featurednews","13":"tag-headlines","14":"tag-latest-news","15":"tag-latestnews","16":"tag-main-news","17":"tag-mainnews","18":"tag-mau-tempo","19":"tag-meteorologia","20":"tag-news","21":"tag-noticias","22":"tag-noticias-principais","23":"tag-noticiasprincipais","24":"tag-portugal","25":"tag-principais-noticias","26":"tag-principaisnoticias","27":"tag-pt","28":"tag-top-stories","29":"tag-topstories","30":"tag-ultimas","31":"tag-ultimas-noticias","32":"tag-ultimasnoticias"},"share_on_mastodon":{"url":"https:\/\/pubeurope.com\/@pt\/115978206116851253","error":""},"_links":{"self":[{"href":"https:\/\/www.europesays.com\/pt\/wp-json\/wp\/v2\/posts\/248990","targetHints":{"allow":["GET"]}}],"collection":[{"href":"https:\/\/www.europesays.com\/pt\/wp-json\/wp\/v2\/posts"}],"about":[{"href":"https:\/\/www.europesays.com\/pt\/wp-json\/wp\/v2\/types\/post"}],"author":[{"embeddable":true,"href":"https:\/\/www.europesays.com\/pt\/wp-json\/wp\/v2\/users\/2"}],"replies":[{"embeddable":true,"href":"https:\/\/www.europesays.com\/pt\/wp-json\/wp\/v2\/comments?post=248990"}],"version-history":[{"count":0,"href":"https:\/\/www.europesays.com\/pt\/wp-json\/wp\/v2\/posts\/248990\/revisions"}],"wp:featuredmedia":[{"embeddable":true,"href":"https:\/\/www.europesays.com\/pt\/wp-json\/wp\/v2\/media\/248991"}],"wp:attachment":[{"href":"https:\/\/www.europesays.com\/pt\/wp-json\/wp\/v2\/media?parent=248990"}],"wp:term":[{"taxonomy":"category","embeddable":true,"href":"https:\/\/www.europesays.com\/pt\/wp-json\/wp\/v2\/categories?post=248990"},{"taxonomy":"post_tag","embeddable":true,"href":"https:\/\/www.europesays.com\/pt\/wp-json\/wp\/v2\/tags?post=248990"}],"curies":[{"name":"wp","href":"https:\/\/api.w.org\/{rel}","templated":true}]}}