{"id":248996,"date":"2026-01-29T11:46:14","date_gmt":"2026-01-29T11:46:14","guid":{"rendered":"https:\/\/www.europesays.com\/pt\/248996\/"},"modified":"2026-01-29T11:46:14","modified_gmt":"2026-01-29T11:46:14","slug":"em-conversa-sobre-romance-na-casa-jonas-sulzbach-analisa-tem-que-ter-quimica","status":"publish","type":"post","link":"https:\/\/www.europesays.com\/pt\/248996\/","title":{"rendered":"Em conversa sobre romance na casa, Jonas Sulzbach analisa: &#8216;Tem que ter qu\u00edmica&#8217;"},"content":{"rendered":"\n<p class=\" content-text__container \" data-track-category=\"Link no Texto\" data-track-links=\"\"> &#8220;Foi legal para caramba conhecer ela, a energia. Mas a parada de ficar e tal&#8230;&#8221;, comenta ele, sem concluir o racioc\u00ednio. &#8220;Achei que ela ia&#8221;, diz a sister. &#8220;Acho ela legal e tudo mais, mas tem que ter a qu\u00edmica tamb\u00e9m. N\u00e3o digo que n\u00e3o ficarei com ningu\u00e9m mais&#8230; Mas n\u00e3o sinto que&#8230;&#8221;, comenta ele, tamb\u00e9m sem concluir a frase. &#8220;\u00c9 que voc\u00ea \u00e9 outro Jonas tamb\u00e9m. \u00c9 normal&#8221;, responde Sarah. <\/p>\n","protected":false},"excerpt":{"rendered":"&#8220;Foi legal para caramba conhecer ela, a energia. Mas a parada de ficar e tal&#8230;&#8221;, comenta ele, sem&hellip;\n","protected":false},"author":2,"featured_media":248997,"comment_status":"","ping_status":"","sticky":false,"template":"","format":"standard","meta":{"footnotes":""},"categories":[142],"tags":[114,115,32,33,151],"class_list":{"0":"post-248996","1":"post","2":"type-post","3":"status-publish","4":"format-standard","5":"has-post-thumbnail","7":"category-tv","8":"tag-entertainment","9":"tag-entretenimento","10":"tag-portugal","11":"tag-pt","12":"tag-tv"},"share_on_mastodon":{"url":"https:\/\/pubeurope.com\/@pt\/115978225760870402","error":""},"_links":{"self":[{"href":"https:\/\/www.europesays.com\/pt\/wp-json\/wp\/v2\/posts\/248996","targetHints":{"allow":["GET"]}}],"collection":[{"href":"https:\/\/www.europesays.com\/pt\/wp-json\/wp\/v2\/posts"}],"about":[{"href":"https:\/\/www.europesays.com\/pt\/wp-json\/wp\/v2\/types\/post"}],"author":[{"embeddable":true,"href":"https:\/\/www.europesays.com\/pt\/wp-json\/wp\/v2\/users\/2"}],"replies":[{"embeddable":true,"href":"https:\/\/www.europesays.com\/pt\/wp-json\/wp\/v2\/comments?post=248996"}],"version-history":[{"count":0,"href":"https:\/\/www.europesays.com\/pt\/wp-json\/wp\/v2\/posts\/248996\/revisions"}],"wp:featuredmedia":[{"embeddable":true,"href":"https:\/\/www.europesays.com\/pt\/wp-json\/wp\/v2\/media\/248997"}],"wp:attachment":[{"href":"https:\/\/www.europesays.com\/pt\/wp-json\/wp\/v2\/media?parent=248996"}],"wp:term":[{"taxonomy":"category","embeddable":true,"href":"https:\/\/www.europesays.com\/pt\/wp-json\/wp\/v2\/categories?post=248996"},{"taxonomy":"post_tag","embeddable":true,"href":"https:\/\/www.europesays.com\/pt\/wp-json\/wp\/v2\/tags?post=248996"}],"curies":[{"name":"wp","href":"https:\/\/api.w.org\/{rel}","templated":true}]}}