{"id":248998,"date":"2026-01-29T11:48:08","date_gmt":"2026-01-29T11:48:08","guid":{"rendered":"https:\/\/www.europesays.com\/pt\/248998\/"},"modified":"2026-01-29T11:48:08","modified_gmt":"2026-01-29T11:48:08","slug":"valor-sentimental-living-the-land-e-outras-estreias-para-esta-semana-cinema","status":"publish","type":"post","link":"https:\/\/www.europesays.com\/pt\/248998\/","title":{"rendered":"\u201cValor Sentimental\u201d, \u201cLiving the Land\u201d e outras estreias para esta semana | Cinema"},"content":{"rendered":"<p>Depois da morte da m\u00e3e, as irm\u00e3s Nora e Agnes deparam-se com o regresso de Gustav, o pai de ambas, \u00e0 cidade de <a href=\"https:\/\/www.publico.pt\/oslo\" rel=\"nofollow noopener\" target=\"_blank\">Oslo<\/a>, de onde partiu alguns anos antes, na sequ\u00eancia do div\u00f3rcio. Realizador famoso, mas com a carreira suspensa h\u00e1 algum tempo, Gustav sempre manteve com as filhas uma rela\u00e7\u00e3o distante e dif\u00edcil.<\/p>\n<p>Ao oferecer a Nora, actriz de teatro, o papel principal num filme cujo argumento se baseia na hist\u00f3ria da sua pr\u00f3pria m\u00e3e, Gustav desperta mem\u00f3rias dolorosas e ressentimentos provocados pela sua aus\u00eancia. Quando ela recusa a proposta, a escolha recai sobre Rachel Kemp, uma jovem estrela de Hollywood. Mas essa decis\u00e3o n\u00e3o vai ajudar a cicatrizar as feridas ainda abertas.<\/p>\n<p>Em competi\u00e7\u00e3o no <a href=\"https:\/\/www.publico.pt\/festival-de-cannes\" rel=\"nofollow noopener\" target=\"_blank\">Festival de Cinema de Cannes<\/a>, onde foi distinguido com o Grand Prix, este drama familiar recebeu nove nomea\u00e7\u00f5es para a edi\u00e7\u00e3o de 2026 dos <a href=\"https:\/\/www.publico.pt\/oscares\" rel=\"nofollow noopener\" target=\"_blank\">\u00d3scares<\/a>, entre eles o de melhor filme, melhor actriz para Renate Reinsve, melhor actor secund\u00e1rio para Stellan Skarsg\u00e5rd e melhor realizador para <a href=\"https:\/\/www.publico.pt\/joachim-trier\" rel=\"nofollow noopener\" target=\"_blank\">Joachim Trier<\/a> \u2014 que, em 2022, j\u00e1 tinha sido nomeado por <a href=\"https:\/\/cinecartaz.publico.pt\/filme\/a-pior-pessoa-do-mundo-407427\" rel=\"nofollow noopener\" target=\"_blank\">A Pior Pessoa do Mundo<\/a>, tamb\u00e9m protagonizado por Reinsve. <a href=\"https:\/\/cinecartaz.publico.pt\/filme\/valor-sentimental-414852\" rel=\"nofollow noopener\" target=\"_blank\"><strong>Cr\u00edticas, salas e hor\u00e1rios<\/strong><\/a><\/p>\n<p>        &#13;<br \/>\n             <a class=\"embedly-card\" data-card-controls=\"0\" href=\"https:\/\/www.youtube.com\/watch?v=CwinQIXwDz8\" rel=\"nofollow noopener\" target=\"_blank\">&#13;<\/p>\n<p>Distinguido com o Urso de Prata para melhor realiza\u00e7\u00e3o no <a href=\"https:\/\/www.publico.pt\/festival-de-berlim\" rel=\"nofollow noopener\" target=\"_blank\">Festival de Berlim de 2025<\/a>, este drama acompanha Chuang, um menino de dez anos que, durante a d\u00e9cada de 1990, fica a viver numa pequena aldeia chinesa com os av\u00f3s, enquanto os pais e os irm\u00e3os mais velhos deixam o campo em busca de melhores condi\u00e7\u00f5es de vida na cidade.<\/p>\n<p>Ao longo das esta\u00e7\u00f5es de um ano \u2014 entre o trabalho agr\u00edcola, rela\u00e7\u00f5es familiares, festividades e tradi\u00e7\u00f5es locais \u2014, o espectador observa, atrav\u00e9s do olhar do rapaz, as profundas transforma\u00e7\u00f5es sociais num pa\u00eds em mudan\u00e7a.<\/p>\n<p>Realizado e escrito pelo realizador chin\u00eas Huo Meng, este drama conta com as interpreta\u00e7\u00f5es de Wang Shang, Zhang Chuwen, Zhang Yanrong, Zhang Caixia, Cao Lingzhi, Zhou Haotian, Jiang Yien, Kaidong Yang, Liu Hongai e Zhong Wan. <a href=\"https:\/\/cinecartaz.publico.pt\/filme\/living-the-land-vento-imparavel-414926\" rel=\"nofollow noopener\" target=\"_blank\"><strong>Cr\u00edticas, salas e hor\u00e1rios<\/strong><\/a><\/p>\n<p>        &#13;<br \/>\n             <a class=\"embedly-card\" data-card-controls=\"0\" href=\"https:\/\/vimeo.com\/1152919578\" rel=\"nofollow noopener\" target=\"_blank\">&#13;<\/p>\n<p>Filha de <a href=\"https:\/\/www.publico.pt\/2022\/06\/10\/p3\/cronica\/alem-arcoiris-centenario-judy-garland-2009082\" rel=\"nofollow noopener\" target=\"_blank\">Judy Garland<\/a> (que se tornou famosa com o papel de Dorothy no filme <a href=\"https:\/\/cinecartaz.publico.pt\/filme\/feiticeiro-de-oz-80611\" rel=\"nofollow noopener\" target=\"_blank\">O Feiticeiro de Oz<\/a>) e do realizador Vincente Minnelli, Liza nasceu em Los Angeles a 12 de Mar\u00e7o de 1946. Com uma inf\u00e2ncia e adolesc\u00eancia muito ligadas ao espect\u00e1culo, afirmou-se no cinema no final da d\u00e9cada de 1960, alcan\u00e7ando reconhecimento internacional com a personagem Sally Bowles no multipremiado Cabaret (1972), de Bob Fosse, numa interpreta\u00e7\u00e3o que lhe valeu o \u00d3scar, o Globo de Ouro e o BAFTA na categoria de melhor actriz. Ao longo da sua carreira, trabalhou com realizadores como <a href=\"https:\/\/www.publico.pt\/Martin-Scorsese\" rel=\"nofollow noopener\" target=\"_blank\">Martin Scorsese<\/a> ou <a href=\"https:\/\/www.publico.pt\/sidney-lumet\" rel=\"nofollow noopener\" target=\"_blank\">Sidney Lumet<\/a>, alternando entre o cinema, o teatro musical e a televis\u00e3o.<\/p>\n<p>Partindo dos seus primeiros anos, muito marcados pela presen\u00e7a da m\u00e3e e pelo universo cinematogr\u00e1fico do pai, este document\u00e1rio tra\u00e7a o retrato de Liza Minnelli enquanto artista e mulher, acompanhando o seu processo de afirma\u00e7\u00e3o ao longo de vit\u00f3rias, perdas, conflitos pessoais e da rela\u00e7\u00e3o complexa que sempre manteve com a fama.<\/p>\n<p>Realizado, escrito e produzido por Bruce David Klein, o document\u00e1rio re\u00fane testemunhos de v\u00e1rias figuras do meio, como Mia Farrow, Ben Vereen, Chita Rivera, John Kander, Lorna Luft, Joel Grey, Darren Criss, George Hamilton, Michael Feinstein, Jim Caruso, Kevin Winkler, Christina Smith ou Ben Rimalower. Inclui ainda material de arquivo e interven\u00e7\u00f5es de Judy Garland, Vincente Minnelli, Charles Aznavour, Kay Thompson, Bob Fosse e Ed Sullivan. <a href=\"https:\/\/cinecartaz.publico.pt\/filme\/liza-minnelli-incrivel-absolutamente-verdadeira-historia-414817\" rel=\"nofollow noopener\" target=\"_blank\"><strong>Cr\u00edticas, salas e hor\u00e1rios<\/strong><\/a><\/p>\n<p>        &#13;<br \/>\n             <a class=\"embedly-card\" data-card-controls=\"0\" href=\"https:\/\/www.youtube.com\/watch?v=kgf5QuDBX5Y\" rel=\"nofollow noopener\" target=\"_blank\">&#13;<\/p>\n<p>Durante uma importante viagem de trabalho com destino a Banguecoque, o avi\u00e3o em que Linda e Bradley (Rachel McAdams e Dylan O\u2019Brien, respectivamente) seguiam despenha-se numa ilha deserta, tornando-os os \u00fanicos sobreviventes. Bradley, director executivo da empresa onde Linda trabalha, \u00e9 uma pessoa intrat\u00e1vel que sempre demonstrou desprezo e total falta de considera\u00e7\u00e3o por ela.<\/p>\n<p>Ali, totalmente isolados, com recursos escassos e rodeados por um ambiente bastante perigoso, s\u00e3o for\u00e7ados a colaborar para sobreviver. Mas numa situa\u00e7\u00e3o limite como esta, e porque ela tem muito mais capacidades de adapta\u00e7\u00e3o e sobreviv\u00eancia, a din\u00e2mica de poder entre eles inverte-se. E Linda come\u00e7a a sentir um desejo descontrolado de vingan\u00e7a.<\/p>\n<p>Com um argumento de Damian Shannon e Mark Swift, esta hist\u00f3ria de terror tem produ\u00e7\u00e3o e realiza\u00e7\u00e3o de Sam Raimi, tamb\u00e9m respons\u00e1vel pelos filmes Homem-Aranha 1, 2 e 3, <a href=\"https:\/\/cinecartaz.publico.pt\/filme\/oz-o-grande-e-poderoso-314981\" rel=\"nofollow noopener\" target=\"_blank\">Oz: O Grande e Poderoso<\/a> ou <a href=\"https:\/\/cinecartaz.publico.pt\/filme\/doutor-estranho-no-multiverso-da-loucura-407848\" rel=\"nofollow noopener\" target=\"_blank\">Doutor Estranho no Multiverso da Loucura<\/a>. <a href=\"https:\/\/cinecartaz.publico.pt\/filme\/socorro-414851\" rel=\"nofollow noopener\" target=\"_blank\"><strong>Salas e hor\u00e1rios<\/strong><\/a><\/p>\n<p>        &#13;<br \/>\n             <a class=\"embedly-card\" data-card-controls=\"0\" href=\"https:\/\/www.youtube.com\/watch?v=M1QgnLNL-VM\" rel=\"nofollow noopener\" target=\"_blank\">&#13;<\/p>\n<p>Devido a altera\u00e7\u00f5es clim\u00e1ticas que tornaram o ambiente mais quente, um perigoso fungo parasita, contido durante d\u00e9cadas numa antiga instala\u00e7\u00e3o militar convertida em centro de armazenamento, liberta-se. Durante um turno nocturno, Teacake e Naomi, dois jovens funcion\u00e1rios cuja fun\u00e7\u00e3o \u00e9 garantir que tudo decorre normalmente, v\u00eaem-se envolvidos numa luta desesperada para o conter.<\/p>\n<p>Mas n\u00e3o tardam a dar-se conta de que a situa\u00e7\u00e3o \u00e9 muito mais grave do que imaginavam, pois est\u00e3o perante um organismo altamente contagioso e em constante muta\u00e7\u00e3o, capaz de desencadear uma cat\u00e1strofe global. \u00c9 ent\u00e3o chamado Robert Quinn, um especialista reformado em guerra biol\u00f3gica, que j\u00e1 enfrentou amea\u00e7as semelhantes e se revela um aliado de peso.<\/p>\n<p>Realizado por Jonny Campbell, a partir de um argumento de David Koepp, o filme conta com Joe Keery (conhecido pelo papel de Steve Harrington na s\u00e9rie <a href=\"https:\/\/www.publico.pt\/2026\/01\/09\/newsletter\/proximo_episodio\" rel=\"nofollow noopener\" target=\"_blank\">Stranger Things<\/a>), Georgina Campbell e Liam Neeson nos pap\u00e9is centrais, acompanhados por Vanessa Redgrave, Lesley Manville e Sosie Bacon, entre outros. <a href=\"https:\/\/cinecartaz.publico.pt\/filme\/cold-storage-ameaca-mortal-414847\" rel=\"nofollow noopener\" target=\"_blank\"><strong>Salas e hor\u00e1rios<\/strong><\/a><\/p>\n<p>        &#13;<br \/>\n             <a class=\"embedly-card\" data-card-controls=\"0\" href=\"https:\/\/www.youtube.com\/watch?v=6YQmbaXkodo\" rel=\"nofollow noopener\" target=\"_blank\">&#13;<\/p>\n<p>Atormentado pela perda de Mary, a mulher que sempre amou, James Sunderland recebe uma carta supostamente escrita por ela, na qual lhe pede que regresse \u00e0 casa de ambos, em Silent Hill, uma cidade do Maine reduzida a ru\u00ednas desde que foi alvo de uma evacua\u00e7\u00e3o de emerg\u00eancia. Ao chegar, descobre que o local se encontra sob o dom\u00ednio de uma for\u00e7a mal\u00e9vola, capaz de manipular a mente das pessoas. \u00c0 medida que percorre ruas abandonadas e edif\u00edcios em ru\u00ednas, James depara-se com criaturas aterradoras e come\u00e7a a questionar a pr\u00f3pria sanidade. Entre a d\u00favida e o medo, tenta encontrar for\u00e7as para salvar a mulher que ama.<\/p>\n<p>Inspirado em Silent Hill 2, um videojogo de sobreviv\u00eancia desenvolvido pela Team Silent da Konami Computer Entertainment Tokyo e publicado pela Konami, este filme de terror psicol\u00f3gico \u00e9 realizado por Christophe Gans, a partir de um argumento escrito em colabora\u00e7\u00e3o com Sandra Vo-Anh e Victor Hadida. Jeremy Irvine e Hannah Emily Anderson assumem os pap\u00e9is principais. <a href=\"https:\/\/cinecartaz.publico.pt\/filme\/regresso-a-silent-hill-414850\" rel=\"nofollow noopener\" target=\"_blank\"><strong>Cr\u00edticas, salas e hor\u00e1rios<\/strong><\/a><\/p>\n<p>        &#13;<br \/>\n             <a class=\"embedly-card\" data-card-controls=\"0\" href=\"https:\/\/www.youtube.com\/watch?v=-Qvomxku-3k\" rel=\"nofollow noopener\" target=\"_blank\">&#13;<\/p>\n<p>Frankie \u00e9 uma pequena criatura criada por um professor louco no castelo Grotescus, com uma miss\u00e3o muito especial: proteger todos os monstros que ali vivem da ira dos habitantes da cidade. Por\u00e9m, quando o dono de um circo ambulante o conhece, prop\u00f5e lev\u00e1-lo consigo para o transformar na grande atrac\u00e7\u00e3o do seu espect\u00e1culo. Preocupados com o destino do pequeno Frankie, os seus amigos monstros decidem enfrentar o medo das pessoas, atravessar as portas do castelo que os tem resguardado e ir resgat\u00e1-lo.<\/p>\n<p>Realizada e escrita por Steve Hudson, a partir da banda desenhada hom\u00f3nima escrita em 2011 pelo brit\u00e2nico Guy Bass, esta anima\u00e7\u00e3o conta, na vers\u00e3o original, com as vozes de Asa Butterfield, Joel Fry, Alison Steadman, Rob Brydon, Seth Usdenov, Fern Brady, Tia Bannon, Jamali Maddix, Paul Tylak e Ruth Gibson. <a href=\"https:\/\/cinecartaz.publico.pt\/filme\/frankie-monstros-414848\" rel=\"nofollow noopener\" target=\"_blank\"><strong>Salas e hor\u00e1rios<\/strong><\/a><\/p>\n<p>        &#13;<br \/>\n             <a class=\"embedly-card\" data-card-controls=\"0\" href=\"https:\/\/www.youtube.com\/watch?v=R5ohimsROF0\" rel=\"nofollow noopener\" target=\"_blank\">&#13;<\/p>\n<p>Nascida a 26 de Abril de 1970 na actual Eslov\u00e9nia, <a href=\"https:\/\/www.publico.pt\/melania-trump\" rel=\"nofollow noopener\" target=\"_blank\">Melania Trump<\/a> iniciou a carreira de modelo ainda jovem, trabalhando alguns anos na Europa antes de se estabelecer nos EUA, na d\u00e9cada de 1990. Casou-se com <a href=\"https:\/\/www.publico.pt\/donald-trump\" rel=\"nofollow noopener\" target=\"_blank\">Donald Trump<\/a> em 2005 e tornou-se primeira-dama em 2017, assumindo o papel novamente em 2025. Conhecida pelo seu perfil reservado, teve sempre uma rela\u00e7\u00e3o distante com a pol\u00edtica, equilibrando a exposi\u00e7\u00e3o p\u00fablica com a preserva\u00e7\u00e3o da sua privacidade.<\/p>\n<p>Com produ\u00e7\u00e3o da Amazon MGM Studios e realiza\u00e7\u00e3o de Brett Ratner, <a href=\"https:\/\/www.publico.pt\/2017\/11\/11\/culturaipsilon\/noticia\/ellen-page-acusa-realizador-brett-ratner-de-comportamento-homofobico-e-abusivo-1792223\" rel=\"nofollow noopener\" target=\"_blank\">acusado de ass\u00e9dio sexual em 2017<\/a>, este document\u00e1rio teve um or\u00e7amento de 40 milh\u00f5es de d\u00f3lares e retrata as semanas que antecederam a tomada de posse presidencial de Donald Trump, em 2025. <a href=\"https:\/\/cinecartaz.publico.pt\/filme\/melania-414853\" rel=\"nofollow noopener\" target=\"_blank\"><strong>Salas e hor\u00e1rios<\/strong><\/a><\/p>\n<p>        &#13;<br \/>\n             <a class=\"embedly-card\" data-card-controls=\"0\" href=\"https:\/\/www.youtube.com\/watch?v=yZlv-Ftm5VI\" rel=\"nofollow noopener\" target=\"_blank\">&#13;<\/p>\n","protected":false},"excerpt":{"rendered":"Depois da morte da m\u00e3e, as irm\u00e3s Nora e Agnes deparam-se com o regresso de Gustav, o pai&hellip;\n","protected":false},"author":2,"featured_media":248999,"comment_status":"","ping_status":"","sticky":false,"template":"","format":"standard","meta":{"footnotes":""},"categories":[140],"tags":[470,1413,114,115,147,148,1757,146,32,33,291],"class_list":{"0":"post-248998","1":"post","2":"type-post","3":"status-publish","4":"format-standard","5":"has-post-thumbnail","7":"category-filmes","8":"tag-cinema","9":"tag-cultura-ipsilon","10":"tag-entertainment","11":"tag-entretenimento","12":"tag-film","13":"tag-filmes","14":"tag-ipsilon","15":"tag-movies","16":"tag-portugal","17":"tag-pt","18":"tag-relaxar"},"share_on_mastodon":{"url":"https:\/\/pubeurope.com\/@pt\/115978233834581642","error":""},"_links":{"self":[{"href":"https:\/\/www.europesays.com\/pt\/wp-json\/wp\/v2\/posts\/248998","targetHints":{"allow":["GET"]}}],"collection":[{"href":"https:\/\/www.europesays.com\/pt\/wp-json\/wp\/v2\/posts"}],"about":[{"href":"https:\/\/www.europesays.com\/pt\/wp-json\/wp\/v2\/types\/post"}],"author":[{"embeddable":true,"href":"https:\/\/www.europesays.com\/pt\/wp-json\/wp\/v2\/users\/2"}],"replies":[{"embeddable":true,"href":"https:\/\/www.europesays.com\/pt\/wp-json\/wp\/v2\/comments?post=248998"}],"version-history":[{"count":0,"href":"https:\/\/www.europesays.com\/pt\/wp-json\/wp\/v2\/posts\/248998\/revisions"}],"wp:featuredmedia":[{"embeddable":true,"href":"https:\/\/www.europesays.com\/pt\/wp-json\/wp\/v2\/media\/248999"}],"wp:attachment":[{"href":"https:\/\/www.europesays.com\/pt\/wp-json\/wp\/v2\/media?parent=248998"}],"wp:term":[{"taxonomy":"category","embeddable":true,"href":"https:\/\/www.europesays.com\/pt\/wp-json\/wp\/v2\/categories?post=248998"},{"taxonomy":"post_tag","embeddable":true,"href":"https:\/\/www.europesays.com\/pt\/wp-json\/wp\/v2\/tags?post=248998"}],"curies":[{"name":"wp","href":"https:\/\/api.w.org\/{rel}","templated":true}]}}