{"id":249004,"date":"2026-01-29T11:54:09","date_gmt":"2026-01-29T11:54:09","guid":{"rendered":"https:\/\/www.europesays.com\/pt\/249004\/"},"modified":"2026-01-29T11:54:09","modified_gmt":"2026-01-29T11:54:09","slug":"sergei-krikalev-o-cosmonauta-que-ficou-preso-no-espaco-quando-a-uniao-sovietica-colapsou","status":"publish","type":"post","link":"https:\/\/www.europesays.com\/pt\/249004\/","title":{"rendered":"Sergei Krikalev, o cosmonauta que ficou preso no espa\u00e7o quando a Uni\u00e3o Sovi\u00e9tica colapsou"},"content":{"rendered":"<p>Em 1991, Sergei Krikalev foi enviado para a esta\u00e7\u00e3o espacial Mir numa miss\u00e3o aparentemente rotineira. No entanto, esperou a Hist\u00f3ria que ele sa\u00edsse da Terra para desmoronar a Uni\u00e3o Sovi\u00e9tica, de que ele era cidad\u00e3o.<\/p>\n<p><a target=\"_blank\" href=\"https:\/\/pplware.sapo.pt\/wp-content\/uploads\/2026\/01\/Sergei-Krikalev.jpg\" onclick=\"refreshIframe()\" class=\"foobox\" rel=\"nofollow noopener\"><img fetchpriority=\"high\" decoding=\"async\" src=\"https:\/\/www.europesays.com\/pt\/wp-content\/uploads\/2026\/01\/Sergei-Krikalev-720x405.jpg\" alt=\"Sergei Krikalev, o cosmonauta que ficou preso no espa\u00e7o quando a Uni\u00e3o Sovi\u00e9tica colapsou\" width=\"720\" height=\"405\" class=\"aligncenter size-medium wp-image-1100754\"  \/><\/a>\n<\/p>\n<p>Entre quedas de imp\u00e9rios, revolu\u00e7\u00f5es e mudan\u00e7as de fronteiras, a Hist\u00f3ria esconde epis\u00f3dios t\u00e3o improv\u00e1veis que parecem inventados. De facto, existem acontecimentos t\u00e3o surreais que dizem mais sobre o nosso mundo do que muitos manuais escolares.<\/p>\n<p>Uma dessas hist\u00f3rias envolve Sergei Krikalev, um homem que partiu da Terra como cidad\u00e3o de uma superpot\u00eancia e regressou meses depois sem pa\u00eds.<\/p>\n<p>No dia 18 de maio de 1991, o cosmonauta Sergei Krikalev partiu da Terra rumo \u00e0 Esta\u00e7\u00e3o Espacial sovi\u00e9tica Mir.<\/p>\n<p>Enquanto l\u00e1 estava, o pa\u00eds que o tinha enviado deixou de existir, tornando Krikalev, pelo menos durante alguns meses, o &#8220;\u00faltimo cidad\u00e3o sovi\u00e9tico&#8221;.<\/p>\n<p>Este acontecimento \u00e9, por si, curioso, mas a quest\u00e3o n\u00e3o se ficou por a\u00ed.<\/p>\n<p><a target=\"_blank\" href=\"https:\/\/www.europesays.com\/pt\/wp-content\/uploads\/2026\/01\/estacao_espacial_mir.jpg\" onclick=\"refreshIframe()\" class=\"foobox\"><img loading=\"lazy\" decoding=\"async\" aria-describedby=\"caption-attachment-1100750\" src=\"https:\/\/www.europesays.com\/pt\/wp-content\/uploads\/2026\/01\/estacao_espacial_mir.jpg\" alt=\"A Esta\u00e7\u00e3o Espacial Mir e a orla da Terra observadas a partir do Orbiter Endeavour, durante a miss\u00e3o STS-89 da NASA, em 1998. Cr\u00e9dito: NASA, via Space.com\" width=\"720\" height=\"473\" class=\"wp-image-1100750 size-full\"  \/><\/a><\/p>\n<p id=\"caption-attachment-1100750\" class=\"wp-caption-text\">A Esta\u00e7\u00e3o Espacial Mir e a orla da Terra observadas a partir do Orbiter Endeavour, durante a miss\u00e3o STS-89 da NASA, em 1998. Cr\u00e9dito: NASA, via <a target=\"_blank\" href=\"https:\/\/www.space.com\/19650-mir-space-station.html\" rel=\"nofollow noopener\">Space.com<\/a><\/p>\n<p>Cosmonauta foi obrigado a permanecer no espa\u00e7o mais tempo do que o esperado<\/p>\n<p>O cosmonauta Krikalev cresceu em Leninegrado, e formou-se em engenharia mec\u00e2nica antes de come\u00e7ar a trabalhar como engenheiro de foguet\u00f5es na NPO Energia, onde, entre outros projetos, integrou a equipa de resgate quando a esta\u00e7\u00e3o espacial Salyut 7 falhou, em 1985.<\/p>\n<p>Pouco depois, foi selecionado como cosmonauta e passou anos em treino, trabalhando em tudo, desde repara\u00e7\u00f5es da esta\u00e7\u00e3o espacial at\u00e9 caminhadas espaciais.<\/p>\n<p>Sobre a miss\u00e3o hist\u00f3rica de 1991, tudo soa um tanto surreal. \u00c0 medida que a nave que transportava Krikalev e mais dois colegas se aproximava da Mir, o sistema de orienta\u00e7\u00e3o falhou, obrigando Krikalev a acopl\u00e1-la manualmente, sabendo que qualquer movimento errado poderia ser fatal.<\/p>\n<p>Depois de conseguir acopl\u00e1-la, os cosmonautas, juntamente com a primeira astronauta brit\u00e2nica, Helen Sharman, entraram na esta\u00e7\u00e3o, conforme <a target=\"_blank\" href=\"https:\/\/www.iflscience.com\/when-the-soviet-union-collapsed-a-cosmonaut-was-left-stranded-in-space-57887\" rel=\"nofollow noopener\">contado<\/a>.<\/p>\n<p><a target=\"_blank\" href=\"https:\/\/pplware.sapo.pt\/wp-content\/uploads\/2026\/01\/Sergei-Krikalev-4.jpg\" onclick=\"refreshIframe()\" class=\"foobox\" rel=\"nofollow noopener\"><img loading=\"lazy\" decoding=\"async\" aria-describedby=\"caption-attachment-1100753\" src=\"https:\/\/www.europesays.com\/pt\/wp-content\/uploads\/2026\/01\/Sergei-Krikalev-4-720x405.jpg\" alt=\"O cosmonauta Sergei Krikalev a observar, atrav\u00e9s do m\u00f3dulo de servi\u00e7o Zvezda da Esta\u00e7\u00e3o Espacial Internacional, durante a Expedi\u00e7\u00e3o 1 (2000-01), o Space Shuttle Atlantis a aproximar-se para a acoplagem. Cr\u00e9dito: NASA, via iflscience.com\" width=\"720\" height=\"405\" class=\"wp-image-1100753 size-medium\"  \/><\/a><\/p>\n<p id=\"caption-attachment-1100753\" class=\"wp-caption-text\">O cosmonauta Sergei Krikalev a observar, atrav\u00e9s do m\u00f3dulo de servi\u00e7o Zvezda da Esta\u00e7\u00e3o Espacial Internacional, durante a Expedi\u00e7\u00e3o 1 (2000-01), o Space Shuttle Atlantis a aproximar-se para a acoplagem. Cr\u00e9dito: NASA, via <a target=\"_blank\" href=\"https:\/\/www.iflscience.com\/sergei-krikalev-a-cosmonaut-left-stranded-in-space-when-the-soviet-union-collapsed-80351\" rel=\"nofollow noopener\">iflscience.com<\/a><\/p>\n<p>Conforme contado ao The Guardian, em 2015, a sorte de Krikalev foi gostar de estar na Mir, pela &#8220;sensa\u00e7\u00e3o de liberdade que se sente em aus\u00eancia de gravidade&#8221;: &#8220;Sentimo-nos como um p\u00e1ssaro capaz de voar!&#8221;<\/p>\n<p>Entretanto, \u00e0 medida que desempenhava as suas fun\u00e7\u00f5es no espa\u00e7o, a Uni\u00e3o Sovi\u00e9tica perdia for\u00e7a na Terra.<\/p>\n<blockquote>\n<p>Foi um processo longo e fomos recebendo not\u00edcias, n\u00e3o todas de uma vez, mas ouvimos falar do referendo, por exemplo. Eu fazia o meu trabalho e estava mais preocupado com as pessoas em terra, as nossas fam\u00edlias e amigos. N\u00f3s t\u00ednhamos tudo o que precis\u00e1vamos.<\/p>\n<\/blockquote>\n<p>Contou o cosmonauta, que n\u00e3o tardou a ver a sua casa naqueles meses a ser afetada pela pol\u00edtica que decorria a centenas de quil\u00f3metros de dist\u00e2ncia.<\/p>\n<p>Com o Cazaquist\u00e3o, entre outros, a pressionar pela independ\u00eancia, o Presidente sovi\u00e9tico Mikhail Gorbachev anunciou que um cosmonauta cazaque substituiria Krikalev quando a sua miss\u00e3o terminasse, por forma a acalmar o governo local.<\/p>\n<p>No entanto, como ningu\u00e9m no Cazaquist\u00e3o tinha treino para tal, isso significava que Krikalev teria de permanecer no espa\u00e7o mais algum tempo.<\/p>\n<p><a target=\"_blank\" href=\"https:\/\/pplware.sapo.pt\/wp-content\/uploads\/2026\/01\/Sergei-Krikalev-01.jpg\" onclick=\"refreshIframe()\" class=\"foobox\" rel=\"nofollow noopener\"><img loading=\"lazy\" decoding=\"async\" aria-describedby=\"caption-attachment-1100751\" src=\"https:\/\/www.europesays.com\/pt\/wp-content\/uploads\/2026\/01\/Sergei-Krikalev-01-720x405.jpg\" alt=\"Sergei Krikalev andou \u00e0 deriva no espa\u00e7o durante mais de 311 dias, enquanto a Uni\u00e3o Sovi\u00e9tica colapsava a 400 quil\u00f3metros abaixo dele. Cr\u00e9dito: Bill Ingalls\/NASA, via Getty Images\/Mashable\" width=\"720\" height=\"405\" class=\"wp-image-1100751 size-medium\"  \/><\/a><\/p>\n<p id=\"caption-attachment-1100751\" class=\"wp-caption-text\">Sergei Krikalev andou \u00e0 deriva no espa\u00e7o durante mais de 311 dias, enquanto a Uni\u00e3o Sovi\u00e9tica colapsava a 400 quil\u00f3metros abaixo dele. Cr\u00e9dito: Bill Ingalls\/NASA, via Getty Images\/<a target=\"_blank\" href=\"https:\/\/mashable.com\/article\/stranded-cosmonaut-lance-bass-space-podcast\" rel=\"nofollow noopener\">Mashable<\/a><\/p>\n<p>Ainda que na altura ainda n\u00e3o se soubesse muito sobre os <a target=\"_blank\" href=\"https:\/\/pplware.sapo.pt\/ciencia\/tres-dias-no-espaco-foram-suficientes-para-causar-declinio-cognitivo-em-astronautas\/\" rel=\"nofollow noopener\">efeitos de estadias prolongadas<\/a> no espa\u00e7o, Krikalev estava consciente de alguns dos riscos de permanecer tanto tempo na Mir.<\/p>\n<p>Em outubro, v\u00e1rios dos seus colegas regressaram \u00e0 Terra no fim da sua miss\u00e3o de quatro meses. Como ningu\u00e9m tinha experi\u00eancia suficiente para ficar sozinho na esta\u00e7\u00e3o, e os sovi\u00e9ticos n\u00e3o tinham dinheiro para enviar outro cosmonauta, Krikalev ficou por l\u00e1, a manter a Mir operacional.<\/p>\n<p>Cidad\u00e3o de nenhures ainda viajou para o futuro cerca de 0,2 segundos<\/p>\n<p>Entretanto, no dia 25 de dezembro de 1991, a Uni\u00e3o Sovi\u00e9tica colapsou, por fim.<\/p>\n<p>Com o colapso, havia ainda menos dinheiro para uma miss\u00e3o que libertasse Krikalev das suas fun\u00e7\u00f5es. Se tudo falhasse, existia a c\u00e1psula Soyuz, que poderia ser usada para escapar, mas isso implicaria abandonar a esta\u00e7\u00e3o espacial. Sem ningu\u00e9m para a operar e reparar, seria o fim da Mir.<\/p>\n<blockquote>\n<p>O argumento mais forte \u00e9 econ\u00f3mico, porque isto permite-lhes poupar recursos aqui. Dizem que \u00e9 duro para mim, que n\u00e3o \u00e9 bom para a minha sa\u00fade. Mas agora o pa\u00eds est\u00e1 em tanta dificuldade que poupar dinheiro tem de ser a prioridade m\u00e1xima.<\/p>\n<\/blockquote>\n<p>Dizia Krikalev, ainda a bordo da Mir, na altura.<\/p>\n<p><a target=\"_blank\" href=\"https:\/\/pplware.sapo.pt\/wp-content\/uploads\/2026\/01\/Sergei-Krikalev-2.jpg\" onclick=\"refreshIframe()\" class=\"foobox\" rel=\"nofollow noopener\"><img loading=\"lazy\" decoding=\"async\" aria-describedby=\"caption-attachment-1100752\" src=\"https:\/\/www.europesays.com\/pt\/wp-content\/uploads\/2026\/01\/Sergei-Krikalev-2-720x405.jpg\" alt=\"Em janeiro de 2024, o Presidente da R\u00fassia Vladimir Putin nomeou o cosmonauta Sergei Krikalev como enviado para as rela\u00e7\u00f5es espaciais internacionais. Cr\u00e9dito: Leon Neal\/AFP\/Getty Images\" width=\"720\" height=\"405\" class=\"wp-image-1100752 size-medium\"  \/><\/a><\/p>\n<p id=\"caption-attachment-1100752\" class=\"wp-caption-text\">Em janeiro de 2024, o Presidente da R\u00fassia Vladimir Putin nomeou o cosmonauta Sergei Krikalev como enviado para as rela\u00e7\u00f5es espaciais internacionais. Cr\u00e9dito: Leon Neal\/AFP\/Getty Images, via <a target=\"_blank\" href=\"https:\/\/www.bloomberg.com\/news\/articles\/2024-01-19\/putin-appoints-cosmonaut-hero-to-lead-space-diplomacy-effort\" rel=\"nofollow noopener\">Bloomberg<\/a><\/p>\n<p>Foram feitos acordos entre os Estados Unidos e a R\u00fassia, garantindo o financiamento necess\u00e1rio para enviar mais cosmonautas e astronautas para \u00f3rbita.<\/p>\n<p>Tr\u00eas meses depois, a 25 de mar\u00e7o, ap\u00f3s passar o ent\u00e3o recorde de 311 dias consecutivos no espa\u00e7o, Krikalev regressou \u00e0 Terra.<\/p>\n<p>Quando partiu, era cidad\u00e3o de um Estado que j\u00e1 n\u00e3o existia, o que lhe valeu a alcunha de &#8220;\u00faltimo cidad\u00e3o sovi\u00e9tico&#8221;.<\/p>\n<p>Apesar de ter passado muito mais tempo no espa\u00e7o do que planeava, voltou diretamente ao treino ap\u00f3s regressar e acabou por acumular 803 dias no espa\u00e7o, batendo recordes anteriores.<\/p>\n<p>Segundo c\u00e1lculos do <a target=\"_blank\" href=\"https:\/\/www.universetoday.com\/articles\/cosmonaut-sergei-krikalev-the-worlds-most-prolific-time-traveler\" rel=\"nofollow noopener\">Universe Today<\/a>, gra\u00e7as \u00e0 relatividade e \u00e0 dilata\u00e7\u00e3o do tempo, viajou para o futuro cerca de 0,2 segundos.<\/p>\n","protected":false},"excerpt":{"rendered":"Em 1991, Sergei Krikalev foi enviado para a esta\u00e7\u00e3o espacial Mir numa miss\u00e3o aparentemente rotineira. No entanto, esperou&hellip;\n","protected":false},"author":2,"featured_media":249005,"comment_status":"","ping_status":"","sticky":false,"template":"","format":"standard","meta":{"footnotes":""},"categories":[50],"tags":[27,28,46711,1008,15,16,14,25,26,21,22,62,12,13,19,20,23,24,839,17,18,29,30,31,7534,63,64,65],"class_list":{"0":"post-249004","1":"post","2":"type-post","3":"status-publish","4":"format-standard","5":"has-post-thumbnail","7":"category-mundo","8":"tag-breaking-news","9":"tag-breakingnews","10":"tag-cosmonautas","11":"tag-espaco","12":"tag-featured-news","13":"tag-featurednews","14":"tag-headlines","15":"tag-latest-news","16":"tag-latestnews","17":"tag-main-news","18":"tag-mainnews","19":"tag-mundo","20":"tag-news","21":"tag-noticias","22":"tag-noticias-principais","23":"tag-noticiasprincipais","24":"tag-principais-noticias","25":"tag-principaisnoticias","26":"tag-russia","27":"tag-top-stories","28":"tag-topstories","29":"tag-ultimas","30":"tag-ultimas-noticias","31":"tag-ultimasnoticias","32":"tag-uniao-sovietica","33":"tag-world","34":"tag-world-news","35":"tag-worldnews"},"share_on_mastodon":{"url":"https:\/\/pubeurope.com\/@pt\/115978257494284253","error":""},"_links":{"self":[{"href":"https:\/\/www.europesays.com\/pt\/wp-json\/wp\/v2\/posts\/249004","targetHints":{"allow":["GET"]}}],"collection":[{"href":"https:\/\/www.europesays.com\/pt\/wp-json\/wp\/v2\/posts"}],"about":[{"href":"https:\/\/www.europesays.com\/pt\/wp-json\/wp\/v2\/types\/post"}],"author":[{"embeddable":true,"href":"https:\/\/www.europesays.com\/pt\/wp-json\/wp\/v2\/users\/2"}],"replies":[{"embeddable":true,"href":"https:\/\/www.europesays.com\/pt\/wp-json\/wp\/v2\/comments?post=249004"}],"version-history":[{"count":0,"href":"https:\/\/www.europesays.com\/pt\/wp-json\/wp\/v2\/posts\/249004\/revisions"}],"wp:featuredmedia":[{"embeddable":true,"href":"https:\/\/www.europesays.com\/pt\/wp-json\/wp\/v2\/media\/249005"}],"wp:attachment":[{"href":"https:\/\/www.europesays.com\/pt\/wp-json\/wp\/v2\/media?parent=249004"}],"wp:term":[{"taxonomy":"category","embeddable":true,"href":"https:\/\/www.europesays.com\/pt\/wp-json\/wp\/v2\/categories?post=249004"},{"taxonomy":"post_tag","embeddable":true,"href":"https:\/\/www.europesays.com\/pt\/wp-json\/wp\/v2\/tags?post=249004"}],"curies":[{"name":"wp","href":"https:\/\/api.w.org\/{rel}","templated":true}]}}