{"id":249006,"date":"2026-01-29T11:55:10","date_gmt":"2026-01-29T11:55:10","guid":{"rendered":"https:\/\/www.europesays.com\/pt\/249006\/"},"modified":"2026-01-29T11:55:10","modified_gmt":"2026-01-29T11:55:10","slug":"apagao-em-leiria-afeta-agua-e-telecomunicacoes-observador","status":"publish","type":"post","link":"https:\/\/www.europesays.com\/pt\/249006\/","title":{"rendered":"Apag\u00e3o em Leiria afeta \u00e1gua e telecomunica\u00e7\u00f5es \u2013 Observador"},"content":{"rendered":"<p>A depress\u00e3o Kristin atingiu fortemente a cidade de Leiria, onde v\u00e1rios servi\u00e7os est\u00e3o condicionados e assim dever\u00e3o continuar nos pr\u00f3ximos dias. O restabelecimento de eletricidade parece ser para j\u00e1 a maior dor de cabe\u00e7a das autoridades, j\u00e1 que a falta de energia el\u00e9trica est\u00e1 j\u00e1 a afetar outros servi\u00e7os como <strong>as telecomunica\u00e7\u00f5es e o abastecimento de \u00e1gua<\/strong>. \u00c9 um \u201capag\u00e3o\u201d \u00e0 escala de Leiria (e de outras localidades do centro do pa\u00eds) s\u00f3 que sem previs\u00f5es, para j\u00e1, sobre quando ser\u00e1 reposto o servi\u00e7o.<\/p>\n<p>A \u00faltima atualiza\u00e7\u00e3o da E-Redes, das 15h00, d\u00e1 conta de 485 mil clientes sem eletricidade, dos quais mais de metade em Leiria. O facto do restabelecimento do servi\u00e7o estar a ser feito muito lentamente \u2014 desde o meio dia que o n\u00famero est\u00e1 pr\u00f3ximo dos 500 mil e n\u00e3o h\u00e1 indica\u00e7\u00e3o\u00a0 \u2014 \u00e9 um sintoma das dificuldades que est\u00e3o a ser sentidas no terreno pelos t\u00e9cnicos da empresa do Grupo EDP que ainda n\u00e3o deu estimativa sobre o tempo que esta regulariza\u00e7\u00e3o pode demorar, nem explicou a extens\u00e3o dos danos.<\/p>\n<p>O presidente da c\u00e2mara de Leiria, Gon\u00e7alo Lopes, apelou \u00e0 popula\u00e7\u00e3o para n\u00e3o circular na via p\u00fablica e admitiu que <strong>a reposi\u00e7\u00e3o da \u201cnormalidade\u201d<\/strong> pode demorar v\u00e1rios meses. J\u00e1 Rui Rocha, secret\u00e1rio de Estado da Prote\u00e7\u00e3o Civil, reconhece que a \u201creposi\u00e7\u00e3o de condi\u00e7\u00f5es de acessibilidade\u201d pode \u201cdemorar dias\u201d.<\/p>\n<p>O presidente da C\u00e2mara de Leiria deixou tamb\u00e9m um apelo ao Governo para que disponibilize os recursos para ajudar a repor a situa\u00e7\u00e3o de normalidade na cidade. \u201c\u00c9 algo indescrit\u00edvel, \u00e9 um cen\u00e1rio de horror\u201d, disse em declara\u00e7\u00f5es \u00e0 CNN. Lu\u00eds Montenegro disse, entretanto, que o cen\u00e1rio est\u00e1 a ser avaliado e que n\u00e3o exclui nada, mas tamb\u00e9m n\u00e3o vai tomar medidas \u201csem a devida fundamenta\u00e7\u00e3o\u201d.<\/p>\n<p>Os efeitos da Kristin atingiram numa primeira fase durante a madrugada cerca de um milh\u00e3o de clientes da E-Redes, a empresa que gere as redes de m\u00e9dia e baixa tens\u00e3o que chegam aos utilizadores finais. Este n\u00famero representa 17% do todos os consumidores de baixa tens\u00e3o em Portugal continental e estava espalhado pelos distritos de Guarda, Coimbra, Castelo Branco, Portalegre, Leiria, Santar\u00e9m e Set\u00fabal.<\/p>\n<p>A rede de muito alta tens\u00e3o, que foi a origem do apag\u00e3o de 28 de abril de 2025 (que veio de Espanha) conseguiu ultrapassar o disparo de uma subesta\u00e7\u00e3o no Z\u00eazere e tem estado operacional desde a manh\u00e3, como a explicou a REN (Redes Energ\u00e9ticas Nacionais)<\/p>\n<p>Mas rapidamente se come\u00e7ou a perceber que <strong>o foco do problema est\u00e1 em Leiria<\/strong> e nos concelhos pr\u00f3ximos e nas\u00a0redes de alta, m\u00e9dia e baixa tens\u00e3o geridas pela E-Redes cuja extens\u00e3o e capilaridade \u00e9 muito maior do que a rede de transporte gerida pela REN. Por isso, \u00e9 mais dif\u00edcil de repor o servi\u00e7o quando existe uma destrui\u00e7\u00e3o f\u00edsica da infraestrutura \u2014 neste caso os muitos postes que foram derrubados pelo vento ou pelas \u00e1rvores. Ou seja, \u00e9 necess\u00e1rio restaurar quil\u00f3metros de infraestrutura e instalar bypasses que possam acelerar o processo, inclusive recorrendo a geradores para reenergizar a rede. <strong>N\u00e3o ser\u00e1 t\u00e3o r\u00e1pido como o restabelecimento ap\u00f3s o apag\u00e3o de 28 de Abril<\/strong> porque a\u00ed a infraestrutura estava intacta.<\/p>\n<p>\u00c9 no distrito de Leiria que se concentra grande parte dos 484 mil clientes que n\u00e3o tinham energia ao final do dia, apesar do problema afetar tamb\u00e9m os distritos de Coimbra, Castelo Branco, Portalegre, e Santar\u00e9m.<\/p>\n<p>O restabelecimento das redes de alta e m\u00e9dia tens\u00e3o ser\u00e1 uma das prioridades da E-Redes que tem uma equipa de mais 1.000 operacionais no terreno cujas interven\u00e7\u00f5es foram dificultadas pelas condi\u00e7\u00f5es meteorol\u00f3gicas adversas e pelos obst\u00e1culos \u00e0 circula\u00e7\u00e3o.<\/p>\n<p>\u00c0 CNN, Gon\u00e7alo Lopes, presidente da c\u00e2mara de Leiria, disse ainda que o com\u00e9rcio foi muito afetado e que uma das grandes preocupa\u00e7\u00f5es s\u00e3o os lares em Leiria, muitos dos quais est\u00e3o sem luz e \u00e1gua.<\/p>\n<p>Num ponto de situa\u00e7\u00e3o feito ao fim da tarde desta quarta-feira, o autarca de Leiria revelou que <strong>\u201ch\u00e1 uma preocupa\u00e7\u00e3o no fornecimento de \u00e1gua, em virtude de todo o sistema assentar em energia\u201d<\/strong>. Em Leiria, o abastecimento de \u00e1gua \u00e9 feito pelos Servi\u00e7os Municipalizados de \u00c1gua e Saneamento (SMAS) de Leiria.<\/p>\n<p>Para tentar colocar o sistema de abastecimento de \u00e1gua a funcionar novamente, Gon\u00e7alo Lopes revelou que a autarquia est\u00e1 \u201cj\u00e1 a recolher um conjunto de geradores para colocar o sistema de \u00e1gua em funcionamento\u201d.<\/p>\n<p><b>[Esta \u00e9 a hist\u00f3ria de como dezenas de portuguesas se juntaram a mulheres de v\u00e1rios outros pa\u00edses e se tornaram seguidoras de uma seita controlada por um guru manipulador. Recrutadas numa escola de yoga em Lisboa, muitas acabaram em casas de massagens er\u00f3ticas ou a serem filmadas em cenas de sexo e orgias.\u00a0<a href=\"https:\/\/observador.pt\/programas\/os-segredos-da-seita-do-yoga\/\" rel=\"nofollow noopener\" target=\"_blank\">\u201cOs segredos da seita do yoga\u201d<\/a>\u00a0\u00e9 o novo Podcast Plus, do Observador.\u00a0Uma s\u00e9rie em seis epis\u00f3dios, narrada pela atriz Daniela Ruah, com banda sonora original de Benjamim.\u00a0Ou\u00e7a\u00a0o primeiro epis\u00f3dio no\u00a0<a href=\"https:\/\/observador.pt\/programas\/os-segredos-da-seita-do-yoga\/episodio-1-e-proibido-fazer-sexo\/\" rel=\"nofollow noopener\" target=\"_blank\">site do Observador<\/a>, na\u00a0<a href=\"https:\/\/podcasts.apple.com\/lv\/podcast\/epis%C3%B3dio-1-%C3%A9-proibido-fazer-sexo\/id1870299321?i=1000746759456\" rel=\"nofollow noopener\" target=\"_blank\">Apple Podcasts<\/a>, no\u00a0<a href=\"https:\/\/open.spotify.com\/episode\/2s8hxIEItKKgi6BdUA5Ywm\" rel=\"nofollow noopener\" target=\"_blank\">Spotify<\/a>\u00a0e no\u00a0<a href=\"https:\/\/www.youtube.com\/watch?v=AhEpbQxNMrs\" rel=\"nofollow noopener\" target=\"_blank\">Youtube Music<\/a>.]<\/b><\/p>\n<p><a href=\"https:\/\/observador.pt\/programas\/os-segredos-da-seita-do-yoga\/episodio-1-e-proibido-fazer-sexo\/\" rel=\"nofollow noopener\" target=\"_blank\"><\/p>\n<p>        <img src=\"https:\/\/www.europesays.com\/pt\/wp-content\/uploads\/2026\/01\/thumbnail-a-seita-do-yoga.jpg\" alt=\"\" loading=\"lazy\" decoding=\"async\" class=\"alignnone\" onload=\"this.parentElement.classList.remove('spinner')\" onerror=\"this.parentElement.classList.remove('spinner')\" width=\"770\" height=\"433\"\/>    <\/p>\n<p><\/a><\/p>\n<p><a href=\"https:\/\/observador.pt\/2026\/01\/28\/nao-ha-200-metros-sem-uma-arvore-caida-nao-ha-uma-rua-intacta-leiria-quase-inacessivel-com-ruas-e-estradas-cortadas-e-sem-telefones\/\" rel=\"nofollow noopener\" target=\"_blank\">Tal como o Observador testemunhou no local<\/a>, na manh\u00e3 desta quarta-feira a cidade estava incomunic\u00e1vel, sem rede m\u00f3vel e fixa. Tamb\u00e9m n\u00e3o se conseguia pagar combust\u00edvel com multibanco nas bombas de gasolina devido \u00e0 aus\u00eancia de comunica\u00e7\u00f5es.<\/p>\n<p>O Observador contactou as v\u00e1rias operadoras de telecomunica\u00e7\u00f5es para perceber mais sobre a situa\u00e7\u00e3o em Leiria. At\u00e9 ao momento, n\u00e3o foi poss\u00edvel obter dados concretos sobre o n\u00famero de clientes sem comunica\u00e7\u00f5es neste ponto do pa\u00eds.<\/p>\n<p>Logo durante a manh\u00e3, o regulador das comunica\u00e7\u00f5es avan\u00e7ou o n\u00famero de 300 mil clientes afetados por falhas de comunica\u00e7\u00f5es em v\u00e1rios pontos do pa\u00eds. Al\u00e9m de Leiria, tamb\u00e9m foram mencionados constrangimentos em Coimbra, Santar\u00e9m, Faro, Lisboa, Portalegre, Porto, Set\u00fabal e Viseu. A Meo, Nos, Vodafone e Digi reportaram falhas nas comunica\u00e7\u00f5es devido \u00e0s condi\u00e7\u00f5es meteorol\u00f3gicas adversas.<\/p>\n<p>Numa declara\u00e7\u00e3o enviada ao Observador, a Digi fala em \u201cv\u00e1rias zonas afetadas, com principal incid\u00eancia nos distritos de Leiria e Santar\u00e9m\u201d, onde se est\u00e3o a \u201cverificar perturba\u00e7\u00f5es no servi\u00e7o m\u00f3vel\u201d.<\/p>\n<p>As operadoras de telecomunica\u00e7\u00f5es revelam que t\u00eam v\u00e1rios operacionais no terreno para retomar os servi\u00e7os.<\/p>\n<p>Entre os v\u00e1rios apelos que deixou \u00e0 popula\u00e7\u00e3o, Gon\u00e7alo Lopes pediu um consumo de alimentos \u201ccuidado\u201d. Ao Observador, fonte oficial da Associa\u00e7\u00e3o Portuguesa de Empresas de Distribui\u00e7\u00e3o (APED), que representa os retalhistas, garante que o abastecimento \u00e0 regi\u00e3o, apesar de estar dificultado, n\u00e3o est\u00e1 em risco, at\u00e9 porque as pessoas n\u00e3o est\u00e3o a ir \u00e0s lojas.<\/p>\n<p>A APED tem estado em contacto com os fornecedores, que asseguram que n\u00e3o h\u00e1 constrangimentos no acesso a bens alimentares. A associa\u00e7\u00e3o que representa os supermercados tem estado a trabalhar com o Governo para tentar desbloquear quest\u00f5es burocr\u00e1ticas relativas aos transportes e aos limites para assegurar o abastecimento \u00e0s popula\u00e7\u00f5es nas zonas mais afetadas. Quanto a fotografias de prateleiras vazias que t\u00eam surgido em meios de comunica\u00e7\u00e3o locais, os retalhistas garantem que todos os bens est\u00e3o a ser repostos.<\/p>\n<p>A falta de eletricidade e de comunica\u00e7\u00f5es est\u00e1 a afetar os postos de combust\u00edveis. Segundo informa\u00e7\u00e3o recolhida pelo Observador, h\u00e1 v\u00e1rios postos encerrados na regi\u00e3o de Leiria, mas essa situa\u00e7\u00e3o n\u00e3o est\u00e1 a ter grande impacto porque h\u00e1 poucas pessoas a circular e quem quiser abastecer s\u00f3 precisa procurar uma alternativa fora da zona sem energia el\u00e9trica.<\/p>\n<p>Por outro lado, eventuais necessidades de fornecimento de gas\u00f3leo ou outro combust\u00edvel para ser usado em geradores n\u00e3o passam por bombas de gasolina, mas sobretudo por cami\u00f5es cisterna que podem vir de outras \u00e1reas do pa\u00eds.<\/p>\n<p>A tempestade danificou o terminal rodovi\u00e1rio de Leiria, de onde partem e chegam os autocarros da FlixBus e da Rede Expressos. Em imagens de drone transmitidas pela SIC Not\u00edcias, eram vis\u00edveis os danos na cobertura do terminal.<\/p>\n<p>Num ponto de situa\u00e7\u00e3o feito \u00e0s 17 horas, a FlixBus<strong> confirma constrangimentos nas opera\u00e7\u00f5es,<\/strong> que \u201cocorreram sobretudo no acesso a alguns terminais rodovi\u00e1rios, como \u00e9 o caso de Leiria, o que provocou atrasos e cancelamentos\u201d em algumas das liga\u00e7\u00f5es. Fonte oficial tamb\u00e9m menciona \u201catrasos significativos em algumas liga\u00e7\u00f5es\u201d devido ao facto de haver estradas cortadas.<\/p>\n<p>Foram registados \u201ccerca de dez cancelamentos na rede dom\u00e9stica da FlixBus, <strong>\u201csobretudo nas liga\u00e7\u00f5es \u00e0 regi\u00e3o de Leiria\u201d<\/strong>. A empresa explica que estes cancelamentos est\u00e3o ligados aos danos registados em autocarros durante a noite,<strong> \u201ccausados pela queda de \u00e1rvores e outros objetos associados \u00e0 tempestade\u201d<\/strong>. A empresa esclarece que estas viaturas estavam estacionadas nas zonas de Leiria e Pombal, n\u00e3o tendo sido poss\u00edvel substitu\u00ed-las a tempo de iniciarem o servi\u00e7o.<\/p>\n<p>Com o terminal rodovi\u00e1rio de Leiria inacess\u00edvel, \u201ca FlixBus mant\u00e9m as liga\u00e7\u00f5es \u00e0 cidade, efetuando a tomada e largada de passageiros no exterior do terminal\u201d. A empresa refere que os passageiros \u201cest\u00e3o a ser devidamente informados sobre eventuais atrasos e cancelamentos, atrav\u00e9s dos canais habituais da empresa\u201d.<\/p>\n<p>A empresa refere ainda que tem um departamento de controlo de tr\u00e1fego que \u201csupervisiona a opera\u00e7\u00e3o em tempo real e mant\u00e9m contacto permanente com as autoridades, de modo a adaptar a opera\u00e7\u00e3o \u00e0s condi\u00e7\u00f5es meteorol\u00f3gicas e rodovi\u00e1rias existentes e a garantir a seguran\u00e7a de todos os motoristas e dos passageiros\u201d.<\/p>\n<p>Contactada pelo Observador, a Rede Expressos indica que os servi\u00e7os para Leiria est\u00e3o a funcionar regularmente desde as 11h00, depois ter havido algumas supress\u00f5es at\u00e9 essa hora. A informa\u00e7\u00e3o \u00e9 avan\u00e7ada por fonte oficial do grupo Barraqueiro, que opera a rede de autocarros de longo curso.<\/p>\n<p>Os tempos de viagem estar\u00e3o a ser mais longos do que os indicados nos hor\u00e1rios, devido a restri\u00e7\u00f5es em algumas vias rodovi\u00e1rias. A mesma fonte indica que a entrada e sa\u00edda de passageiros na cidade de Leiria est\u00e1 a ser feita no exterior e n\u00e3o dentro do terminal, devido aos danos na estrutura.<\/p>\n<p>Pela hora de almo\u00e7o, a Associa\u00e7\u00e3o Portuguesa de Seguradores (APS) informou, em comunicado oficial, que \u201cas empresas de seguros t\u00eam estado a acompanhar e a prestar apoio, desde o primeiro momento, aos clientes afetados pela depress\u00e3o Kristin, que, na \u00faltima noite, provocou danos pessoais e materiais avultados em v\u00e1rias regi\u00f5es do pa\u00eds\u201d.<\/p>\n<p>\u201cEm resposta \u00e0s ocorr\u00eancias registadas, as equipas das empresas de seguros est\u00e3o j\u00e1 no terreno a avaliar os preju\u00edzos e a ajudar os clientes afetados a recuperar rapidamente a normalidade das suas vidas, tendo desencadeado os procedimentos habitualmente adotados nestas situa\u00e7\u00f5es\u201d, afirmou a APS, no mesmo comunicado, acrescentando que a associa\u00e7\u00e3o estava a \u201crecolher informa\u00e7\u00e3o junto das empresas do setor e, t\u00e3o breve quanto poss\u00edvel, divulgar\u00e1 dados consolidados sobre o impacto da depress\u00e3o Kristin relativamente aos danos cobertos por seguro\u201d.<\/p>\n<p>A APS, na senda do que tem sido afirmado em outras situa\u00e7\u00f5es de cat\u00e1strofes naturais de grande dimens\u00e3o, \u201cvolta a insistir na necessidade de se encarar a problem\u00e1tica dos eventos extremos da natureza e dos riscos catastr\u00f3ficos de forma integrada, e a reiterar a disponibilidade do setor segurador para ser parte de uma solu\u00e7\u00e3o abrangente que permita assegurar maior prote\u00e7\u00e3o aos cidad\u00e3os e empresas afetadas por estas cat\u00e1strofes\u201d.<\/p>\n<p>Contactados pelo Observador, os principais bancos a operar em Portugal garantem que, exceto \u201calguns problemas nas comunica\u00e7\u00f5es\u201d, as sucursais que ficam nas zonas mais afetadas pela intemp\u00e9rie puderam trabalhar de forma \u201cpraticamente normal, regra geral\u201d ao longo do dia, embora tenha havido menos pessoas a deslocarem-se \u00e0s ag\u00eancias, segundo relatou fonte de um dos principais bancos.<\/p>\n<p>A Caixa Geral de Dep\u00f3sitos, em particular, confirma atrav\u00e9s de fonte oficial que \u201ca \u00fanica ag\u00eancia que esteve encerrada, por danos provocados pelo impacto direto da tempestade, foi a ag\u00eancia Marqu\u00eas de Pombal em Leiria\u201d. Por\u00e9m, \u201ctivemos v\u00e1rias ag\u00eancias inoperacionais na regi\u00e3o por causa de falta de energia el\u00e9trica ou falta de comunica\u00e7\u00f5es\u201d, acrescenta a mesma fonte oficial, notando que \u201cas ag\u00eancias de Alcoba\u00e7a e da Nazar\u00e9 estiveram a funcionar sem problemas\u201d.<\/p>\n<blockquote class=\"wp-embedded-content\" data-secret=\"ZgvA8Cvet0\">\n<p><a href=\"https:\/\/observador.pt\/2026\/01\/28\/nao-ha-200-metros-sem-uma-arvore-caida-nao-ha-uma-rua-intacta-leiria-quase-inacessivel-com-ruas-e-estradas-cortadas-e-sem-telefones\/\" rel=\"nofollow noopener\" target=\"_blank\">\u201cN\u00e3o h\u00e1 200 metros sem uma \u00e1rvore ca\u00edda. N\u00e3o h\u00e1 uma rua intacta\u201d. Leiria quase inacess\u00edvel, com ruas e estradas cortadas e sem telefones<\/a><\/p>\n<\/blockquote>\n","protected":false},"excerpt":{"rendered":"A depress\u00e3o Kristin atingiu fortemente a cidade de Leiria, onde v\u00e1rios servi\u00e7os est\u00e3o condicionados e assim dever\u00e3o continuar&hellip;\n","protected":false},"author":2,"featured_media":249007,"comment_status":"","ping_status":"","sticky":false,"template":"","format":"standard","meta":{"footnotes":""},"categories":[10],"tags":[27,28,442,7233,476,2270,986,15,16,14,25,26,5423,21,22,606,12,13,19,20,57,302,32,23,24,33,46712,58,17,18,2588,29,30,31],"class_list":{"0":"post-249006","1":"post","2":"type-post","3":"status-publish","4":"format-standard","5":"has-post-thumbnail","7":"category-portugal","8":"tag-breaking-news","9":"tag-breakingnews","10":"tag-ciu00eancia","11":"tag-comu00e9rcio","12":"tag-economia","13":"tag-energia","14":"tag-estado","15":"tag-featured-news","16":"tag-featurednews","17":"tag-headlines","18":"tag-latest-news","19":"tag-latestnews","20":"tag-leiria","21":"tag-main-news","22":"tag-mainnews","23":"tag-meteorologia","24":"tag-news","25":"tag-noticias","26":"tag-noticias-principais","27":"tag-noticiasprincipais","28":"tag-pau00eds","29":"tag-polu00edtica","30":"tag-portugal","31":"tag-principais-noticias","32":"tag-principaisnoticias","33":"tag-pt","34":"tag-serviu00e7os-pu00fablicos","35":"tag-sociedade","36":"tag-top-stories","37":"tag-topstories","38":"tag-transportes","39":"tag-ultimas","40":"tag-ultimas-noticias","41":"tag-ultimasnoticias"},"share_on_mastodon":{"url":"","error":"Validation failed: Text character limit of 500 exceeded"},"_links":{"self":[{"href":"https:\/\/www.europesays.com\/pt\/wp-json\/wp\/v2\/posts\/249006","targetHints":{"allow":["GET"]}}],"collection":[{"href":"https:\/\/www.europesays.com\/pt\/wp-json\/wp\/v2\/posts"}],"about":[{"href":"https:\/\/www.europesays.com\/pt\/wp-json\/wp\/v2\/types\/post"}],"author":[{"embeddable":true,"href":"https:\/\/www.europesays.com\/pt\/wp-json\/wp\/v2\/users\/2"}],"replies":[{"embeddable":true,"href":"https:\/\/www.europesays.com\/pt\/wp-json\/wp\/v2\/comments?post=249006"}],"version-history":[{"count":0,"href":"https:\/\/www.europesays.com\/pt\/wp-json\/wp\/v2\/posts\/249006\/revisions"}],"wp:featuredmedia":[{"embeddable":true,"href":"https:\/\/www.europesays.com\/pt\/wp-json\/wp\/v2\/media\/249007"}],"wp:attachment":[{"href":"https:\/\/www.europesays.com\/pt\/wp-json\/wp\/v2\/media?parent=249006"}],"wp:term":[{"taxonomy":"category","embeddable":true,"href":"https:\/\/www.europesays.com\/pt\/wp-json\/wp\/v2\/categories?post=249006"},{"taxonomy":"post_tag","embeddable":true,"href":"https:\/\/www.europesays.com\/pt\/wp-json\/wp\/v2\/tags?post=249006"}],"curies":[{"name":"wp","href":"https:\/\/api.w.org\/{rel}","templated":true}]}}