{"id":249029,"date":"2026-01-29T12:15:08","date_gmt":"2026-01-29T12:15:08","guid":{"rendered":"https:\/\/www.europesays.com\/pt\/249029\/"},"modified":"2026-01-29T12:15:08","modified_gmt":"2026-01-29T12:15:08","slug":"resumo-a-heranca-sofia-impede-a-morte-de-vicente","status":"publish","type":"post","link":"https:\/\/www.europesays.com\/pt\/249029\/","title":{"rendered":"Resumo &#8216;A Heran\u00e7a&#8217;: Sofia impede a morte de Vicente"},"content":{"rendered":"<p>Vicente escapa \u00e0 morte por um triz.<\/p>\n<p><img decoding=\"async\" fetchpriority=\"high\" src=\"https:\/\/www.europesays.com\/pt\/wp-content\/uploads\/2026\/01\/1769688908_68_original.webp\" alt=\"Resumo 'A Heran\u00e7a': Sofia impede a morte de Vicente\"\/><\/p>\n<p style=\"text-align: center;\">28 de janeiro (quinta-feira)<\/p>\n<p style=\"text-align: justify;\">Pedro fala em videochamada com In\u00eas e conta-lhe que foi Vicente que roubou o dinheiro da f\u00e1brica. In\u00eas avisa-o que Lu\u00eds j\u00e1 anda mais calmo e se est\u00e1 a ambientar. Rafael entra na copa, irritado, ao ver que o rombo milion\u00e1rio j\u00e1 \u00e9 not\u00edcia. Bernardo avisa-o que n\u00e3o sabe de Pilar e deixa Pedro preocupado.<\/p>\n<p style=\"text-align: justify;\"><strong>Pilar continua de ca\u00e7adeira em riste a amea\u00e7ar Vicente. O vil\u00e3o provoca-a para que ela admita que matou Am\u00e9lia. Pilar nega t\u00ea-lo feito e mostra-se determinada em disparar. Nesse momento, Sofia e Gon\u00e7alo surgem e tentam impedi-la. Amanda surge na entrada e garante que os seus homens est\u00e3o prontos a intervir.<\/strong><\/p>\n<p style=\"text-align: justify;\">Beatriz est\u00e1 tensa por n\u00e3o conseguir falar com ningu\u00e9m e desabafa com Clara. Pede a Jorge que encontre Ruben, uma vez que ele devia estar a proteger Sofia. Clara e Beatriz ficam nervosas.<\/p>\n<p style=\"text-align: justify;\"><strong>Pilar cede e baixa a arma, mas d\u00e1 um estalo a Vicente e diz que n\u00e3o ficar\u00e3o por ali. Sofia adverte Vicente para que se mantenha longe. Amanda conta ao vil\u00e3o que j\u00e1 sabe quem pirateou o carro.<\/strong><\/p>\n<p style=\"text-align: justify;\">Nando queixa-se da vida ao filho. Conta que passou a noite a dan\u00e7ar com Luc\u00edlia sendo \u201cJo\u00e3o\u201d, mas que a mulher n\u00e3o lhe d\u00e1 hip\u00f3tese para reconciliarem. Joca diz ao pai para continuar a fingir.<\/p>\n<p style=\"text-align: justify;\"><strong>Pipa est\u00e1 triste por Lu\u00eds n\u00e3o lhe dizer nada. Luc\u00edlia aconselha-a a dar tempo ao amigo e recebe uma mensagem de \u201cJo\u00e3o\u201d a convid\u00e1-la para jantar. Vindo da sala, ouvem Bernardo a falar com Pilar. A Novais explode ao dizer que foi Vicente quem arruinou a Novais e n\u00e3o aceita que o legado do pai seja destru\u00eddo. Br\u00edgida e os netos tentam reconfort\u00e1-la.<\/strong><\/p>\n<p style=\"text-align: justify;\">Gertrudes avisa Sim\u00e3o que vai dormir em casa de In\u00eas. Sim\u00e3o tamb\u00e9m precisa de se ausentar e pede-lhe que fique de olhos na residencial. Ela aceita e fica confusa ao ver Nando e Luc\u00edlia a jantarem juntos.<\/p>\n<p style=\"text-align: justify;\">Beatriz abra\u00e7a a m\u00e3e, preocupada. Sofia culpa-se por ter sido enganada e Clara aconselha-a a reportar as amea\u00e7as que recebeu de Vicente.<\/p>\n<p style=\"text-align: justify;\"><strong>Amanda leva Jo\u00e3o, o <\/strong><strong>amigo <\/strong><strong>hacker de Ot\u00e1vio, at\u00e9 Vicente. O vil\u00e3o faz-se de simp\u00e1tico, mas mostra-lhe um martelo amea\u00e7ador e quer saber quem lhe pediu para piratear o seu carro. Jo\u00e3o fica com medo de responder.<\/strong><\/p>\n<p style=\"text-align: left;\">*O resumo do epis\u00f3dio est\u00e1 sujeito a mudan\u00e7as em fun\u00e7\u00e3o da edi\u00e7\u00e3o da novela<\/p>\n","protected":false},"excerpt":{"rendered":"Vicente escapa \u00e0 morte por um triz. 28 de janeiro (quinta-feira) Pedro fala em videochamada com In\u00eas e&hellip;\n","protected":false},"author":2,"featured_media":249030,"comment_status":"","ping_status":"","sticky":false,"template":"","format":"standard","meta":{"footnotes":""},"categories":[142],"tags":[114,115,32,33,151],"class_list":{"0":"post-249029","1":"post","2":"type-post","3":"status-publish","4":"format-standard","5":"has-post-thumbnail","7":"category-tv","8":"tag-entertainment","9":"tag-entretenimento","10":"tag-portugal","11":"tag-pt","12":"tag-tv"},"share_on_mastodon":{"url":"https:\/\/pubeurope.com\/@pt\/115978339823644429","error":""},"_links":{"self":[{"href":"https:\/\/www.europesays.com\/pt\/wp-json\/wp\/v2\/posts\/249029","targetHints":{"allow":["GET"]}}],"collection":[{"href":"https:\/\/www.europesays.com\/pt\/wp-json\/wp\/v2\/posts"}],"about":[{"href":"https:\/\/www.europesays.com\/pt\/wp-json\/wp\/v2\/types\/post"}],"author":[{"embeddable":true,"href":"https:\/\/www.europesays.com\/pt\/wp-json\/wp\/v2\/users\/2"}],"replies":[{"embeddable":true,"href":"https:\/\/www.europesays.com\/pt\/wp-json\/wp\/v2\/comments?post=249029"}],"version-history":[{"count":0,"href":"https:\/\/www.europesays.com\/pt\/wp-json\/wp\/v2\/posts\/249029\/revisions"}],"wp:featuredmedia":[{"embeddable":true,"href":"https:\/\/www.europesays.com\/pt\/wp-json\/wp\/v2\/media\/249030"}],"wp:attachment":[{"href":"https:\/\/www.europesays.com\/pt\/wp-json\/wp\/v2\/media?parent=249029"}],"wp:term":[{"taxonomy":"category","embeddable":true,"href":"https:\/\/www.europesays.com\/pt\/wp-json\/wp\/v2\/categories?post=249029"},{"taxonomy":"post_tag","embeddable":true,"href":"https:\/\/www.europesays.com\/pt\/wp-json\/wp\/v2\/tags?post=249029"}],"curies":[{"name":"wp","href":"https:\/\/api.w.org\/{rel}","templated":true}]}}