{"id":249038,"date":"2026-01-29T12:25:11","date_gmt":"2026-01-29T12:25:11","guid":{"rendered":"https:\/\/www.europesays.com\/pt\/249038\/"},"modified":"2026-01-29T12:25:11","modified_gmt":"2026-01-29T12:25:11","slug":"como-a-depressao-kristin-devastou-casas-e-negocios-em-leiria-observador","status":"publish","type":"post","link":"https:\/\/www.europesays.com\/pt\/249038\/","title":{"rendered":"Como a depress\u00e3o Kristin devastou casas e neg\u00f3cios em Leiria \u2013 Observador"},"content":{"rendered":"<p>D\u00e1rio Macedo e Grace Fernandes sentiram o vento \u201ccomo um tornado\u201d, mas a casa que arrendam h\u00e1 quatro anos sofreu menos danos. \u201cO muro voou. Literalmente. E o pula-pula [trampolim] das crian\u00e7as desapareceu, n\u00e3o sabemos onde foi parar\u201d, assinala Grace.<\/p>\n<p>Atr\u00e1s da casa, uma \u00e1rvore caiu e o muro acabou por atingir o carro de uma vizinha. \u201cFoi horr\u00edvel, horr\u00edvel. Uma hora e meia de chuva e vento de todos os lados\u201d, conta Grace, acrescentando que os tr\u00eas filhos acordaram assustados e ningu\u00e9m dormiu at\u00e9 de manh\u00e3. Ainda assim, dentro de casa, \u201cn\u00e3o entrou nada\u201d. \u201cFoi mais o medo\u201d, afirma. Para o casal brasileiro, a sensa\u00e7\u00e3o \u00e9 de incredulidade, pois nunca tinham visto \u201cnada assim\u201d.<\/p>\n<p>Em G\u00e2ndara dos Olivais, \u00e0s portas de Leiria e junto \u00e0 Estrada Nacional 109, a depress\u00e3o Kristin causou avultados preju\u00edzos a Carlos Dinis, de 69 anos. Dono de tr\u00eas casas na zona, aponta em todas as dire\u00e7\u00f5es:\u00a0\u201cFoi o vento. Varreu tudo. Os muros rebentaram, os port\u00f5es rebentaram, os telhados est\u00e3o todos arrombados.\u201d<\/p>\n<p><b>[Esta \u00e9 a hist\u00f3ria de como dezenas de portuguesas se juntaram a mulheres de v\u00e1rios outros pa\u00edses e se tornaram seguidoras de uma seita controlada por um guru manipulador. Recrutadas numa escola de yoga em Lisboa, muitas acabaram em casas de massagens er\u00f3ticas ou a serem filmadas em cenas de sexo e orgias.\u00a0<a href=\"https:\/\/observador.pt\/programas\/os-segredos-da-seita-do-yoga\/\" rel=\"nofollow noopener\" target=\"_blank\">\u201cOs segredos da seita do yoga\u201d<\/a>\u00a0\u00e9 o novo Podcast Plus, do Observador.\u00a0Uma s\u00e9rie em seis epis\u00f3dios, narrada pela atriz Daniela Ruah, com banda sonora original de Benjamim.\u00a0Ou\u00e7a\u00a0o primeiro epis\u00f3dio no\u00a0<a href=\"https:\/\/observador.pt\/programas\/os-segredos-da-seita-do-yoga\/episodio-1-e-proibido-fazer-sexo\/\" rel=\"nofollow noopener\" target=\"_blank\">site do Observador<\/a>, na\u00a0<a href=\"https:\/\/podcasts.apple.com\/lv\/podcast\/epis%C3%B3dio-1-%C3%A9-proibido-fazer-sexo\/id1870299321?i=1000746759456\" rel=\"nofollow noopener\" target=\"_blank\">Apple Podcasts<\/a>, no\u00a0<a href=\"https:\/\/open.spotify.com\/episode\/2s8hxIEItKKgi6BdUA5Ywm\" rel=\"nofollow noopener\" target=\"_blank\">Spotify<\/a>\u00a0e no\u00a0<a href=\"https:\/\/www.youtube.com\/watch?v=AhEpbQxNMrs\" rel=\"nofollow noopener\" target=\"_blank\">Youtube Music<\/a>.]<\/b><\/p>\n<p><a href=\"https:\/\/observador.pt\/programas\/os-segredos-da-seita-do-yoga\/episodio-1-e-proibido-fazer-sexo\/\" rel=\"nofollow noopener\" target=\"_blank\"><\/p>\n<p>        <img src=\"https:\/\/www.europesays.com\/pt\/wp-content\/uploads\/2026\/01\/thumbnail-a-seita-do-yoga.jpg\" alt=\"\" loading=\"lazy\" decoding=\"async\" class=\"alignnone\" onload=\"this.parentElement.classList.remove('spinner')\" onerror=\"this.parentElement.classList.remove('spinner')\" width=\"770\" height=\"433\"\/>    <\/p>\n<p><\/a><\/p>\n<p>Os estragos s\u00e3o \u201csuperiores a 50 mil euros\u201d e, dentro de uma das casas, o cen\u00e1rio \u00e9 ca\u00f3tico. \u201cOlha para isto. Est\u00e1 tudo destru\u00eddo\u201d, repete ao Observador, abrindo portas e apontando para o tecto esventrado. Acordou \u00e0s tr\u00eas e meia da manh\u00e3, mas nada p\u00f4de fazer sem eletricidade. As arcas onde guardava a carne desligaram-se, tudo se estragou e agora, como Edgar, Carlos teme a \u00e1gua. \u201cSe come\u00e7a a chover, cai tudo c\u00e1 dentro. Depois tem que se pintar, arranjar\u2026 Isto \u00e9 muito complicado\u201d, explica.<\/p>\n<p>Na mesma localidade, M\u00e1rio Fernandes, de 51 anos, teve mais sorte. \u201cPartiram-me mais de 12 telhas. O vidro da porta rebentou e a porta vai ter que ser nova\u201d. As telhas que voaram da capela desta povoa\u00e7\u00e3o bateram na sua casa, mas as v\u00e1rias que guardava em casa valeram-lhe para reparar o telhado: \u201cSe n\u00e3o fosse isso, estava perdido\u201d.<\/p>\n<p>Acordou \u00e0s seis da manh\u00e3 mas s\u00f3 com a luz do dia percebeu a verdadeira dimens\u00e3o dos estragos. M\u00e1rio tem seguro, mas n\u00e3o sabe o que ser\u00e1 coberto. O carro, estacionado na rua, tamb\u00e9m sofreu danos, mas mais do que os preju\u00edzos, preocupa-o a falta de servi\u00e7os b\u00e1sicos. \u201cSem \u00e1gua, sem luz, sem comunica\u00e7\u00f5es, como \u00e9 que se governa?\u201d Tentou comprar gasolina e bens essenciais, mas as bombas e supermercados estavam com o sistema em baixo. \u201cOnde \u00e9 que se mete combust\u00edvel?\u201d<\/p>\n<p>Na zona industrial de Leiria, a tempestade Kristin paralisou os neg\u00f3cios. Na Infordia, empresa de inform\u00e1tica com 27 anos de atividade, o impacto foi imediato. Lu\u00eds Toscano, de 51 anos, chegou ao edif\u00edcio por volta das nove da manh\u00e3. \u201cDepar\u00e1mo-nos com um cen\u00e1rio gigantesco. A cobertura do armaz\u00e9m foi arrancada como se fossem folhas de papel. O port\u00e3o caiu. Havia uma viatura c\u00e1 dentro que levou com o port\u00e3o em cima\u201d, enumera o funcion\u00e1rio.<\/p>\n<p>Os alertas meteorol\u00f3gicos n\u00e3o faziam prever aquela dimens\u00e3o. \u201cTenho 51 anos e nunca assisti a uma situa\u00e7\u00e3o destas. N\u00e3o era minimamente expect\u00e1vel.\u201d Ao longo do dia, uma equipa de 12 pessoas fez o levantamento dos danos, porque \u201cas autoridades n\u00e3o t\u00eam capacidade para responder a tantas ocorr\u00eancias\u201d.<\/p>\n<p>\u201cEstamos a falar de muitas dezenas, se calhar centenas de milhares de euros\u201d devido aos \u201cvidros partidos, infraestruturas danificadas, calhas e estruturas alteradas\u201d, ressalva. \u201cN\u00e3o \u00e9 algo est\u00e9tico. \u00c9 estrutural. N\u00e3o \u00e9 chegar aqui e montar um port\u00e3o.\u201d<\/p>\n<p>Com uma d\u00fazia de trabalhadores, a empresa est\u00e1 praticamente parada. Sem eletricidade, sem internet e sem telhado, n\u00e3o h\u00e1 como trabalhar nem ajudar clientes. A paragem da Infordia reflete um problema em cadeia: a empresa presta servi\u00e7os maioritariamente a clientes da regi\u00e3o de Leiria, precisamente os mais afetados. \u201cO nosso trabalho \u00e9 dar apoio \u00e0s empresas que agora v\u00e3o precisar ainda mais dos nossos servi\u00e7os\u201d, frisa Lu\u00eds. Sem energia e sem rede, nem sequer o apoio remoto \u00e9 poss\u00edvel. \u201cVai ter de ser tudo presencial. Mas, para isso, temos primeiro de nos p\u00f4r de p\u00e9.\u201d<\/p>\n<p>A recupera\u00e7\u00e3o ser\u00e1 lenta. \u201cIsto n\u00e3o vai ser resolvido em dois ou tr\u00eas dias. Nem em semanas\u201d porque \u201cas empresas de reconstru\u00e7\u00e3o v\u00e3o estar todas sobrecarregadas e toda a gente vai dizer que o seu problema \u00e9 mais urgente\u201d. A Kristin atingiu a Infordia precisamente um ano depois de terem mudado de armaz\u00e9m. \u201cFoi um bom presente de anivers\u00e1rio\u201d, suspira Lu\u00eds, com os olhos marejados.<\/p>\n","protected":false},"excerpt":{"rendered":"D\u00e1rio Macedo e Grace Fernandes sentiram o vento \u201ccomo um tornado\u201d, mas a casa que arrendam h\u00e1 quatro&hellip;\n","protected":false},"author":2,"featured_media":249039,"comment_status":"","ping_status":"","sticky":false,"template":"","format":"standard","meta":{"footnotes":""},"categories":[8],"tags":[27,28,442,15,16,14,25,26,5423,21,22,606,12,13,19,20,57,32,23,24,33,58,17,18,29,30,31],"class_list":{"0":"post-249038","1":"post","2":"type-post","3":"status-publish","4":"format-standard","5":"has-post-thumbnail","7":"category-principais-noticias","8":"tag-breaking-news","9":"tag-breakingnews","10":"tag-ciu00eancia","11":"tag-featured-news","12":"tag-featurednews","13":"tag-headlines","14":"tag-latest-news","15":"tag-latestnews","16":"tag-leiria","17":"tag-main-news","18":"tag-mainnews","19":"tag-meteorologia","20":"tag-news","21":"tag-noticias","22":"tag-noticias-principais","23":"tag-noticiasprincipais","24":"tag-pau00eds","25":"tag-portugal","26":"tag-principais-noticias","27":"tag-principaisnoticias","28":"tag-pt","29":"tag-sociedade","30":"tag-top-stories","31":"tag-topstories","32":"tag-ultimas","33":"tag-ultimas-noticias","34":"tag-ultimasnoticias"},"share_on_mastodon":{"url":"https:\/\/pubeurope.com\/@pt\/115978379338330678","error":""},"_links":{"self":[{"href":"https:\/\/www.europesays.com\/pt\/wp-json\/wp\/v2\/posts\/249038","targetHints":{"allow":["GET"]}}],"collection":[{"href":"https:\/\/www.europesays.com\/pt\/wp-json\/wp\/v2\/posts"}],"about":[{"href":"https:\/\/www.europesays.com\/pt\/wp-json\/wp\/v2\/types\/post"}],"author":[{"embeddable":true,"href":"https:\/\/www.europesays.com\/pt\/wp-json\/wp\/v2\/users\/2"}],"replies":[{"embeddable":true,"href":"https:\/\/www.europesays.com\/pt\/wp-json\/wp\/v2\/comments?post=249038"}],"version-history":[{"count":0,"href":"https:\/\/www.europesays.com\/pt\/wp-json\/wp\/v2\/posts\/249038\/revisions"}],"wp:featuredmedia":[{"embeddable":true,"href":"https:\/\/www.europesays.com\/pt\/wp-json\/wp\/v2\/media\/249039"}],"wp:attachment":[{"href":"https:\/\/www.europesays.com\/pt\/wp-json\/wp\/v2\/media?parent=249038"}],"wp:term":[{"taxonomy":"category","embeddable":true,"href":"https:\/\/www.europesays.com\/pt\/wp-json\/wp\/v2\/categories?post=249038"},{"taxonomy":"post_tag","embeddable":true,"href":"https:\/\/www.europesays.com\/pt\/wp-json\/wp\/v2\/tags?post=249038"}],"curies":[{"name":"wp","href":"https:\/\/api.w.org\/{rel}","templated":true}]}}