{"id":249117,"date":"2026-01-29T13:33:17","date_gmt":"2026-01-29T13:33:17","guid":{"rendered":"https:\/\/www.europesays.com\/pt\/249117\/"},"modified":"2026-01-29T13:33:17","modified_gmt":"2026-01-29T13:33:17","slug":"ue-reforca-acordo-com-o-vietname-em-resposta-a-tensao-comercial-com-trump-uniao-europeia","status":"publish","type":"post","link":"https:\/\/www.europesays.com\/pt\/249117\/","title":{"rendered":"UE refor\u00e7a acordo com o Vietname em resposta \u00e0 tens\u00e3o comercial com Trump &#8211; Uni\u00e3o Europeia"},"content":{"rendered":"<p>&#13;<br \/>\n                O meu email&#13;<br \/>\n                &#13;<br \/>\n                &#13;\n            <\/p>\n<p>&#13;<br \/>\n                O meu nome&#13;<br \/>\n                &#13;<br \/>\n                &#13;\n            <\/p>\n<p>&#13;<br \/>\n                Coment\u00e1rios&#13;<br \/>\n                &#13;<br \/>\nOl\u00e1, envio como oferta a possibilidade de ler integralmente esta not\u00edcia do Jornal de Neg\u00f3cios, exclusiva para assinantes, que me pareceu interessante&#13;<br \/>\n                &#13;\n            <\/p>\n<p>                Destinat\u00e1rios: (para v\u00e1rios endere\u00e7os usar ; e espa\u00e7o)<\/p>\n<p>                    <a title=\"\" href=\"https:\/\/www.jornaldenegocios.pt\/economia\/europa\/uniao-europeia\/detalhe\/javascript:;\" id=\"btn_sendOfferByEmailRecaptcha\" class=\"btn\" rel=\"nofollow noopener\" target=\"_blank\">Enviar<\/a><\/p>\n","protected":false},"excerpt":{"rendered":"&#13; O meu email&#13; &#13; &#13; &#13; O meu nome&#13; &#13; &#13; &#13; Coment\u00e1rios&#13; &#13; Ol\u00e1, envio como&hellip;\n","protected":false},"author":2,"featured_media":249118,"comment_status":"","ping_status":"","sticky":false,"template":"","format":"standard","meta":{"footnotes":"","_share_on_mastodon":"0"},"categories":[50],"tags":[1836,6953,27,28,8376,15,16,14,25,26,21,22,40741,16648,62,12,13,19,20,23,24,17,18,29,30,31,636,1337,63,64,65],"class_list":["post-249117","post","type-post","status-publish","format-standard","has-post-thumbnail","category-mundo","tag-acordo","tag-antonio-costa","tag-breaking-news","tag-breakingnews","tag-exportacoes","tag-featured-news","tag-featurednews","tag-headlines","tag-latest-news","tag-latestnews","tag-main-news","tag-mainnews","tag-mercado-da-energia","tag-milhoes","tag-mundo","tag-news","tag-noticias","tag-noticias-principais","tag-noticiasprincipais","tag-principais-noticias","tag-principaisnoticias","tag-top-stories","tag-topstories","tag-ultimas","tag-ultimas-noticias","tag-ultimasnoticias","tag-uniao-europeia","tag-vietname","tag-world","tag-world-news","tag-worldnews"],"share_on_mastodon":{"url":"","error":"Validation failed: Text character limit of 500 exceeded"},"_links":{"self":[{"href":"https:\/\/www.europesays.com\/pt\/wp-json\/wp\/v2\/posts\/249117","targetHints":{"allow":["GET"]}}],"collection":[{"href":"https:\/\/www.europesays.com\/pt\/wp-json\/wp\/v2\/posts"}],"about":[{"href":"https:\/\/www.europesays.com\/pt\/wp-json\/wp\/v2\/types\/post"}],"author":[{"embeddable":true,"href":"https:\/\/www.europesays.com\/pt\/wp-json\/wp\/v2\/users\/2"}],"replies":[{"embeddable":true,"href":"https:\/\/www.europesays.com\/pt\/wp-json\/wp\/v2\/comments?post=249117"}],"version-history":[{"count":0,"href":"https:\/\/www.europesays.com\/pt\/wp-json\/wp\/v2\/posts\/249117\/revisions"}],"wp:featuredmedia":[{"embeddable":true,"href":"https:\/\/www.europesays.com\/pt\/wp-json\/wp\/v2\/media\/249118"}],"wp:attachment":[{"href":"https:\/\/www.europesays.com\/pt\/wp-json\/wp\/v2\/media?parent=249117"}],"wp:term":[{"taxonomy":"category","embeddable":true,"href":"https:\/\/www.europesays.com\/pt\/wp-json\/wp\/v2\/categories?post=249117"},{"taxonomy":"post_tag","embeddable":true,"href":"https:\/\/www.europesays.com\/pt\/wp-json\/wp\/v2\/tags?post=249117"}],"curies":[{"name":"wp","href":"https:\/\/api.w.org\/{rel}","templated":true}]}}