{"id":249123,"date":"2026-01-29T13:39:10","date_gmt":"2026-01-29T13:39:10","guid":{"rendered":"https:\/\/www.europesays.com\/pt\/249123\/"},"modified":"2026-01-29T13:39:10","modified_gmt":"2026-01-29T13:39:10","slug":"resumo-vitoria-isabel-arma-confusao-no-local-de-trabalho-de-vitoria","status":"publish","type":"post","link":"https:\/\/www.europesays.com\/pt\/249123\/","title":{"rendered":"Resumo \u2018Vit\u00f3ria\u2019: Isabel arma confus\u00e3o no local de trabalho de Vit\u00f3ria"},"content":{"rendered":"<p>A vil\u00e3 invade a mercearia e provoca o caos.<\/p>\n<p><img decoding=\"async\" fetchpriority=\"high\" src=\"https:\/\/www.europesays.com\/pt\/wp-content\/uploads\/2026\/01\/1769693950_563_original.webp\" alt=\"Resumo \u2018Vit\u00f3ria\u2019: Isabel arma confus\u00e3o no local de trabalho de Vit\u00f3ria\"\/><\/p>\n<p style=\"text-align: center;\">29 de janeiro (quinta-feira)<\/p>\n<p>Na rece\u00e7\u00e3o do hotel, Ricky tenta fugir antes de cantar, dominado pelo medo. Louren\u00e7o agarra-o e impede-o de desistir.<\/p>\n<p>No bar do hotel, os convidados aguardam a atua\u00e7\u00e3o. Ricky come\u00e7a a cantar de olhos fechados, mas com grande emo\u00e7\u00e3o. Gilda fica muito feliz pela atua\u00e7\u00e3o do rapaz e est\u00e1 certa que este j\u00e1 superou os seus traumas.<\/p>\n<p><strong>No quarto do hotel, de corpos entrela\u00e7ados, Jo\u00e3o e Vit\u00f3ria comentam que parece que o tempo ficou \u00e0 espera deles e nada mudou, desde o primeiro dia. Beijam-se apaixonados. O advogado pede que Vit\u00f3ria lhe prometa que v\u00e3o viver aquela hist\u00f3ria de amor.<\/strong><\/p>\n<p>A atua\u00e7\u00e3o de Ricky transforma-se num sucesso. Louren\u00e7o sente-se recompensado e Margarida diz-lhe que estava certa de que podia confiar nele. Louren\u00e7o e Ricky n\u00e3o podiam estar mais satisfeitos com o resultado da noite.<\/p>\n<p><strong>De volta a casa, Vit\u00f3ria janta com os filhos e est\u00e3o todos muito animados, exceto Afonso. Matilde conta \u00e0 m\u00e3e que o irm\u00e3o e Lia se zangaram. Ao saber que a jovem os acusa pelo div\u00f3rcio dos pais, a costureira fica profundamente abalada.<\/strong><\/p>\n<p><strong>No quarto do hotel, Jo\u00e3o grava um \u00e1udio carinhoso para Vit\u00f3ria em que diz que j\u00e1 tem saudades dela.<\/strong><\/p>\n<p>Em casa de B\u00e1rbara, Nuno pede perd\u00e3o e justifica o rapto como um ato de desespero. Ela, dividida entre os seus sentimentos e a repulsa pelo crime que ele cometeu, acaba por lhe pedir um tempo.<\/p>\n<p>Em casa de Nuno, Raquel tenta convencer Guilherme a ir viver com ela. O filho recusa abandonar o pai, defendendo-o apesar do erro cometido e afirmando que n\u00e3o o vai deixar num momento t\u00e3o fr\u00e1gil.<\/p>\n<p><strong>Em casa, Vit\u00f3ria recebe L\u00facia para a \u00faltima prova do vestido de noiva. Ela confessa que est\u00e1 com algumas d\u00favidas, mas uma r\u00e1pida conversa com a costureira acaba por a deixar bem mais tranquila em rela\u00e7\u00e3o ao compromisso que vai assumir. J\u00e1 sozinha, a vi\u00fava de Henrique envia uma mensagem a Jo\u00e3o, a dizer que n\u00e3o consegue parar de pensar nele.<\/strong><\/p>\n<p>Na rece\u00e7\u00e3o do hotel, Margarida agradece a Louren\u00e7o pela noite de fados. O rapaz sente-se valorizado, enquanto Ricky reconhece que n\u00e3o podia ter corrido melhor.<\/p>\n<p>Em casa de Mafalda e Pedro, Edite confronta o filho sobre o passado e admite a mentira sobre o pai. A conversa, apesar de dolorosa, acaba num abra\u00e7o de reconcilia\u00e7\u00e3o e ele, finalmente, percebe as raz\u00f5es pelas quais a m\u00e3e fez o que fez.<\/p>\n<p><strong>No escrit\u00f3rio da f\u00e1brica, Manuel revela a Ant\u00f3nio que Jo\u00e3o j\u00e1 percebeu que mentiram \u00e0 pol\u00edcia em rela\u00e7\u00e3o ao local onde estavam aquando da morte de Henrique. Ficamos na preocupa\u00e7\u00e3o de ambos.<\/strong><\/p>\n<p><strong>Alice abre a porta ao irm\u00e3o, que repara nos seus hematomas. Jo\u00e3o desconfia da justifica\u00e7\u00e3o dela e adverte-a sobre o consumo excessivo de \u00e1lcool. A pol\u00edcia n\u00e3o est\u00e1 com cabe\u00e7a e mal consegue reagir quando ele lhe conta que Manuel simulou uma ida a Lisboa no dia da morte de Henrique.<\/strong><\/p>\n<p><strong>Na cozinha dos Rodrigues, Tiago tenta andar sem muletas quando recebe uma chamada de Manuel, que o relembra da conversa que tiveram no penhasco e lhe pede um favor.<\/strong><\/p>\n<p>Na sala, Mafalda pede dinheiro a Nanda para salvar o casamento.<\/p>\n<p><strong>No sal\u00e3o, Marina atende o telem\u00f3vel de Lena e fica em choque quando ouve a voz do irm\u00e3o.<\/strong><\/p>\n<p><strong>Marina, muito perturbada, confronta a m\u00e3e. Esta tenta justificar-se e fica magoada quando a filha apelida o irm\u00e3o de criminoso.<\/strong><\/p>\n<p><strong>No escrit\u00f3rio de advogados, Lia confronta o pai por ter abandonado Isabel depois da tentativa de suic\u00eddio. Jo\u00e3o tenta explicar o seu lado, mas a filha est\u00e1 demasiado magoada e revoltada para entender. A rapariga acaba por sair, deixando o advogado furioso com Isabel, por estar a colocar a filha naquela posi\u00e7\u00e3o.<\/strong><\/p>\n<p><strong>Na praceta, Tiago est\u00e1 a sair debaixo do carro de Jo\u00e3o quando \u00e9 surpreendido por Pedro. O filho de Nanda consegue disfar\u00e7ar e fica aliviado por n\u00e3o ter sido descoberto.<\/strong><\/p>\n<p><strong>Isabel aparece, na mercearia, para amea\u00e7ar Vit\u00f3ria, deita os produtos ao ch\u00e3o e promete destru\u00ed-la.<\/strong><\/p>\n<p style=\"text-align: left;\">*O resumo do epis\u00f3dio est\u00e1 sujeito a mudan\u00e7as em fun\u00e7\u00e3o da edi\u00e7\u00e3o da novela<\/p>\n","protected":false},"excerpt":{"rendered":"A vil\u00e3 invade a mercearia e provoca o caos. 29 de janeiro (quinta-feira) Na rece\u00e7\u00e3o do hotel, Ricky&hellip;\n","protected":false},"author":2,"featured_media":249124,"comment_status":"","ping_status":"","sticky":false,"template":"","format":"standard","meta":{"footnotes":""},"categories":[142],"tags":[114,115,32,33,151],"class_list":{"0":"post-249123","1":"post","2":"type-post","3":"status-publish","4":"format-standard","5":"has-post-thumbnail","7":"category-tv","8":"tag-entertainment","9":"tag-entretenimento","10":"tag-portugal","11":"tag-pt","12":"tag-tv"},"share_on_mastodon":{"url":"https:\/\/pubeurope.com\/@pt\/115978670130223562","error":""},"_links":{"self":[{"href":"https:\/\/www.europesays.com\/pt\/wp-json\/wp\/v2\/posts\/249123","targetHints":{"allow":["GET"]}}],"collection":[{"href":"https:\/\/www.europesays.com\/pt\/wp-json\/wp\/v2\/posts"}],"about":[{"href":"https:\/\/www.europesays.com\/pt\/wp-json\/wp\/v2\/types\/post"}],"author":[{"embeddable":true,"href":"https:\/\/www.europesays.com\/pt\/wp-json\/wp\/v2\/users\/2"}],"replies":[{"embeddable":true,"href":"https:\/\/www.europesays.com\/pt\/wp-json\/wp\/v2\/comments?post=249123"}],"version-history":[{"count":0,"href":"https:\/\/www.europesays.com\/pt\/wp-json\/wp\/v2\/posts\/249123\/revisions"}],"wp:featuredmedia":[{"embeddable":true,"href":"https:\/\/www.europesays.com\/pt\/wp-json\/wp\/v2\/media\/249124"}],"wp:attachment":[{"href":"https:\/\/www.europesays.com\/pt\/wp-json\/wp\/v2\/media?parent=249123"}],"wp:term":[{"taxonomy":"category","embeddable":true,"href":"https:\/\/www.europesays.com\/pt\/wp-json\/wp\/v2\/categories?post=249123"},{"taxonomy":"post_tag","embeddable":true,"href":"https:\/\/www.europesays.com\/pt\/wp-json\/wp\/v2\/tags?post=249123"}],"curies":[{"name":"wp","href":"https:\/\/api.w.org\/{rel}","templated":true}]}}