{"id":249139,"date":"2026-01-29T13:56:14","date_gmt":"2026-01-29T13:56:14","guid":{"rendered":"https:\/\/www.europesays.com\/pt\/249139\/"},"modified":"2026-01-29T13:56:14","modified_gmt":"2026-01-29T13:56:14","slug":"depressao-kristin-destroi-partes-dos-estadio-do-ud-leiria-e-oriental-ve-as-imagens","status":"publish","type":"post","link":"https:\/\/www.europesays.com\/pt\/249139\/","title":{"rendered":"Depress\u00e3o Kristin destr\u00f3i partes dos Est\u00e1dio do UD Leiria e Oriental: V\u00ea as imagens"},"content":{"rendered":"<p>&#8211; Advertisement &#8211;<\/p>\n<p><strong>Na noite de ter\u00e7a-feira, os Est\u00e1dios da UD Leiria e do Oriental foram parcialmente destru\u00eddos pela Depress\u00e3o Kristrin.<\/strong><\/p>\n<p>Durante a noite da passada ter\u00e7a-feira, a Depress\u00e3o Katrina afetou praticamente todo o territ\u00f3rio portugu\u00eas e deixou bastantes estragos nos est\u00e1dios do <a href=\"https:\/\/bolanarede.pt\/etiqueta\/ud-leiria\/\" target=\"_blank\" rel=\"noreferrer noopener nofollow\">UD Leiria<\/a> e <a href=\"https:\/\/bolanarede.pt\/etiqueta\/oriental\/\" target=\"_blank\" rel=\"noreferrer noopener nofollow\">Oriental<\/a>. No Est\u00e1dio Dr. Magalh\u00e3es Pessoa, palco da final four da Ta\u00e7a da Liga, foi a cobertura que sofreu grande parte dos danos. Por\u00e9m no Est\u00e1dio Engenheiro Carlos Salema, partes de muros e v\u00e1rias coberturas foram destru\u00eddas.<\/p>\n<p>Num comunicado oficial, o Oriental j\u00e1 reagiu aos infelizes acontecimentos:<\/p>\n<p>\u00abO dia hoje nasceu cinzento no nosso campo. As condi\u00e7\u00f5es climat\u00e9ricas da noite passada causaram estragos na nova cobertura da bancada do Campo de 7, provocando danos significativos numa infraestrutura recentemente intervencionada. Estamos j\u00e1 a avaliar a situa\u00e7\u00e3o, em contacto com as entidades respons\u00e1veis, com a prioridade total na seguran\u00e7a de atletas, fam\u00edlias e todos os que diariamente vivem o clube.Trata-se de um momento dif\u00edcil, mas o nosso clube saber\u00e1, como sempre, erguer-se, reconstruir e seguir em frente\u00bb.<\/p>\n<p>V\u00ea as imagens da destrui\u00e7\u00e3o causada pela Depress\u00e3o Kristin:<\/p>\n<p><img fetchpriority=\"high\" decoding=\"async\" width=\"819\" height=\"1024\" src=\"data:image\/svg+xml,%3Csvg%20xmlns=\" http:=\"\" alt=\"Estadio Leiria\" class=\"wp-image-481452 ewww_webp_lazy_load\" data-lazy- data-lazy- data-lazy-src=\"https:\/\/www.europesays.com\/pt\/wp-content\/uploads\/2026\/01\/Estadio-Leiria2-819x1024.jpeg\" data-lazy-src-webp=\"https:\/\/www.europesays.com\/pt\/wp-content\/uploads\/2026\/01\/Estadio-Leiria2-819x1024.jpeg.webp\" data-lazy-srcset-webp=\"https:\/\/www.europesays.com\/pt\/wp-content\/uploads\/2026\/01\/Estadio-Leiria2-819x1024.jpeg.webp 819w, https:\/\/binny-bolanarede.b-cdn.net\/wp-content\/uploads\/2026\/01\/Estadio-Leiria2-240x300.jpeg.webp 240w, https:\/\/binny-bolanarede.b-cdn.net\/wp-content\/uploads\/2026\/01\/Estadio-Leiria2-768x960.jpeg.webp 768w, https:\/\/binny-bolanarede.b-cdn.net\/wp-content\/uploads\/2026\/01\/Estadio-Leiria2-150x188.jpeg.webp 150w, https:\/\/binny-bolanarede.b-cdn.net\/wp-content\/uploads\/2026\/01\/Estadio-Leiria2-300x375.jpeg.webp 300w, https:\/\/binny-bolanarede.b-cdn.net\/wp-content\/uploads\/2026\/01\/Estadio-Leiria2-696x870.jpeg.webp 696w, https:\/\/binny-bolanarede.b-cdn.net\/wp-content\/uploads\/2026\/01\/Estadio-Leiria2-1068x1335.jpeg.webp 1068w, https:\/\/binny-bolanarede.b-cdn.net\/wp-content\/uploads\/2026\/01\/Estadio-Leiria2.jpeg.webp 1200w\"\/>Fonte: X<\/p>\n<p><img loading=\"lazy\" decoding=\"async\" width=\"819\" height=\"1024\" src=\"data:image\/svg+xml,%3Csvg%20xmlns=\" http:=\"\" alt=\"Est\u00e1dio Leiria\" class=\"wp-image-481450 ewww_webp_lazy_load\" style=\"width:819px;height:auto\" data-lazy- data-lazy- data-lazy-src=\"https:\/\/www.europesays.com\/pt\/wp-content\/uploads\/2026\/01\/Estadio-Leiria-819x1024.jpeg\" data-lazy-src-webp=\"https:\/\/www.europesays.com\/pt\/wp-content\/uploads\/2026\/01\/Estadio-Leiria-819x1024.jpeg.webp\" data-lazy-srcset-webp=\"https:\/\/www.europesays.com\/pt\/wp-content\/uploads\/2026\/01\/Estadio-Leiria-819x1024.jpeg.webp 819w, https:\/\/binny-bolanarede.b-cdn.net\/wp-content\/uploads\/2026\/01\/Estadio-Leiria-240x300.jpeg.webp 240w, https:\/\/binny-bolanarede.b-cdn.net\/wp-content\/uploads\/2026\/01\/Estadio-Leiria-768x960.jpeg.webp 768w, https:\/\/binny-bolanarede.b-cdn.net\/wp-content\/uploads\/2026\/01\/Estadio-Leiria-150x188.jpeg.webp 150w, https:\/\/binny-bolanarede.b-cdn.net\/wp-content\/uploads\/2026\/01\/Estadio-Leiria-300x375.jpeg.webp 300w, https:\/\/binny-bolanarede.b-cdn.net\/wp-content\/uploads\/2026\/01\/Estadio-Leiria-696x870.jpeg.webp 696w, https:\/\/binny-bolanarede.b-cdn.net\/wp-content\/uploads\/2026\/01\/Estadio-Leiria-1068x1335.jpeg.webp 1068w, https:\/\/binny-bolanarede.b-cdn.net\/wp-content\/uploads\/2026\/01\/Estadio-Leiria.jpeg.webp 1200w\"\/>Fonte: X<\/p>\n<p><img loading=\"lazy\" decoding=\"async\" width=\"768\" height=\"1024\" src=\"data:image\/svg+xml,%3Csvg%20xmlns=\" http:=\"\" alt=\"Est\u00e1dio Oriental\" class=\"wp-image-481455 ewww_webp_lazy_load\" data-lazy- data-lazy- data-lazy-src=\"https:\/\/www.europesays.com\/pt\/wp-content\/uploads\/2026\/01\/Estadio-Oriental2-768x1024.jpeg\" data-lazy-src-webp=\"https:\/\/www.europesays.com\/pt\/wp-content\/uploads\/2026\/01\/Estadio-Oriental2-768x1024.jpeg.webp\" data-lazy-srcset-webp=\"https:\/\/www.europesays.com\/pt\/wp-content\/uploads\/2026\/01\/Estadio-Oriental2-768x1024.jpeg.webp 768w, https:\/\/binny-bolanarede.b-cdn.net\/wp-content\/uploads\/2026\/01\/Estadio-Oriental2-225x300.jpeg.webp 225w, https:\/\/binny-bolanarede.b-cdn.net\/wp-content\/uploads\/2026\/01\/Estadio-Oriental2-1152x1536.jpeg.webp 1152w, https:\/\/binny-bolanarede.b-cdn.net\/wp-content\/uploads\/2026\/01\/Estadio-Oriental2-150x200.jpeg.webp 150w, https:\/\/binny-bolanarede.b-cdn.net\/wp-content\/uploads\/2026\/01\/Estadio-Oriental2-300x400.jpeg.webp 300w, https:\/\/binny-bolanarede.b-cdn.net\/wp-content\/uploads\/2026\/01\/Estadio-Oriental2-696x928.jpeg.webp 696w, https:\/\/binny-bolanarede.b-cdn.net\/wp-content\/uploads\/2026\/01\/Estadio-Oriental2-1068x1424.jpeg.webp 1068w, https:\/\/binny-bolanarede.b-cdn.net\/wp-content\/uploads\/2026\/01\/Estadio-Oriental2.jpeg.webp 1200w\"\/>Fonte: X<\/p>\n<p><img loading=\"lazy\" decoding=\"async\" width=\"768\" height=\"1024\" src=\"data:image\/svg+xml,%3Csvg%20xmlns=\" http:=\"\" alt=\"Est\u00e1dio Oriental\" class=\"wp-image-481456 ewww_webp_lazy_load\" style=\"width:768px;height:auto\" data-lazy- data-lazy- data-lazy-src=\"https:\/\/www.europesays.com\/pt\/wp-content\/uploads\/2026\/01\/Estadio-Oriental3-768x1024.jpeg\" data-lazy-src-webp=\"https:\/\/www.europesays.com\/pt\/wp-content\/uploads\/2026\/01\/Estadio-Oriental3-768x1024.jpeg.webp\" data-lazy-srcset-webp=\"https:\/\/www.europesays.com\/pt\/wp-content\/uploads\/2026\/01\/Estadio-Oriental3-768x1024.jpeg.webp 768w, https:\/\/binny-bolanarede.b-cdn.net\/wp-content\/uploads\/2026\/01\/Estadio-Oriental3-225x300.jpeg.webp 225w, https:\/\/binny-bolanarede.b-cdn.net\/wp-content\/uploads\/2026\/01\/Estadio-Oriental3-1152x1536.jpeg.webp 1152w, https:\/\/binny-bolanarede.b-cdn.net\/wp-content\/uploads\/2026\/01\/Estadio-Oriental3-150x200.jpeg.webp 150w, https:\/\/binny-bolanarede.b-cdn.net\/wp-content\/uploads\/2026\/01\/Estadio-Oriental3-300x400.jpeg.webp 300w, https:\/\/binny-bolanarede.b-cdn.net\/wp-content\/uploads\/2026\/01\/Estadio-Oriental3-696x928.jpeg.webp 696w, https:\/\/binny-bolanarede.b-cdn.net\/wp-content\/uploads\/2026\/01\/Estadio-Oriental3-1068x1424.jpeg.webp 1068w, https:\/\/binny-bolanarede.b-cdn.net\/wp-content\/uploads\/2026\/01\/Estadio-Oriental3.jpeg.webp 1200w\"\/>Fonte: X<\/p>\n<p><img loading=\"lazy\" decoding=\"async\" width=\"768\" height=\"1024\" src=\"data:image\/svg+xml,%3Csvg%20xmlns=\" http:=\"\" alt=\"Est\u00e1dio Oriental\" class=\"wp-image-481457 ewww_webp_lazy_load\" data-lazy- data-lazy- data-lazy-src=\"https:\/\/www.europesays.com\/pt\/wp-content\/uploads\/2026\/01\/Estadio-Oriental4-768x1024.jpeg\" data-lazy-src-webp=\"https:\/\/www.europesays.com\/pt\/wp-content\/uploads\/2026\/01\/Estadio-Oriental4-768x1024.jpeg.webp\" data-lazy-srcset-webp=\"https:\/\/www.europesays.com\/pt\/wp-content\/uploads\/2026\/01\/Estadio-Oriental4-768x1024.jpeg.webp 768w, https:\/\/binny-bolanarede.b-cdn.net\/wp-content\/uploads\/2026\/01\/Estadio-Oriental4-225x300.jpeg.webp 225w, https:\/\/binny-bolanarede.b-cdn.net\/wp-content\/uploads\/2026\/01\/Estadio-Oriental4-1152x1536.jpeg.webp 1152w, https:\/\/binny-bolanarede.b-cdn.net\/wp-content\/uploads\/2026\/01\/Estadio-Oriental4-150x200.jpeg.webp 150w, https:\/\/binny-bolanarede.b-cdn.net\/wp-content\/uploads\/2026\/01\/Estadio-Oriental4-300x400.jpeg.webp 300w, https:\/\/binny-bolanarede.b-cdn.net\/wp-content\/uploads\/2026\/01\/Estadio-Oriental4-696x928.jpeg.webp 696w, https:\/\/binny-bolanarede.b-cdn.net\/wp-content\/uploads\/2026\/01\/Estadio-Oriental4-1068x1424.jpeg.webp 1068w, https:\/\/binny-bolanarede.b-cdn.net\/wp-content\/uploads\/2026\/01\/Estadio-Oriental4.jpeg.webp 1200w\"\/>Fonte: X<\/p>\n<p><img loading=\"lazy\" decoding=\"async\" width=\"768\" height=\"1024\" src=\"data:image\/svg+xml,%3Csvg%20xmlns=\" http:=\"\" alt=\"Est\u00e1dio Oriental\" class=\"wp-image-481458 ewww_webp_lazy_load\" data-lazy- data-lazy- data-lazy-src=\"https:\/\/www.europesays.com\/pt\/wp-content\/uploads\/2026\/01\/Estadio-Oriental5-768x1024.jpeg\" data-lazy-src-webp=\"https:\/\/www.europesays.com\/pt\/wp-content\/uploads\/2026\/01\/Estadio-Oriental5-768x1024.jpeg.webp\" data-lazy-srcset-webp=\"https:\/\/www.europesays.com\/pt\/wp-content\/uploads\/2026\/01\/Estadio-Oriental5-768x1024.jpeg.webp 768w, https:\/\/binny-bolanarede.b-cdn.net\/wp-content\/uploads\/2026\/01\/Estadio-Oriental5-225x300.jpeg.webp 225w, https:\/\/binny-bolanarede.b-cdn.net\/wp-content\/uploads\/2026\/01\/Estadio-Oriental5-1152x1536.jpeg.webp 1152w, https:\/\/binny-bolanarede.b-cdn.net\/wp-content\/uploads\/2026\/01\/Estadio-Oriental5-150x200.jpeg.webp 150w, https:\/\/binny-bolanarede.b-cdn.net\/wp-content\/uploads\/2026\/01\/Estadio-Oriental5-300x400.jpeg.webp 300w, https:\/\/binny-bolanarede.b-cdn.net\/wp-content\/uploads\/2026\/01\/Estadio-Oriental5-696x928.jpeg.webp 696w, https:\/\/binny-bolanarede.b-cdn.net\/wp-content\/uploads\/2026\/01\/Estadio-Oriental5-1068x1424.jpeg.webp 1068w, https:\/\/binny-bolanarede.b-cdn.net\/wp-content\/uploads\/2026\/01\/Estadio-Oriental5.jpeg.webp 1200w\"\/>Fonte: X<\/p>\n<p><img loading=\"lazy\" decoding=\"async\" width=\"768\" height=\"1024\" src=\"data:image\/svg+xml,%3Csvg%20xmlns=\" http:=\"\" alt=\"Est\u00e1dio Oriental\" class=\"wp-image-481461 ewww_webp_lazy_load\" data-lazy- data-lazy- data-lazy-src=\"https:\/\/www.europesays.com\/pt\/wp-content\/uploads\/2026\/01\/Estadio-Oriental7-768x1024.jpeg\" data-lazy-src-webp=\"https:\/\/www.europesays.com\/pt\/wp-content\/uploads\/2026\/01\/Estadio-Oriental7-768x1024.jpeg.webp\" data-lazy-srcset-webp=\"https:\/\/www.europesays.com\/pt\/wp-content\/uploads\/2026\/01\/Estadio-Oriental7-768x1024.jpeg.webp 768w, https:\/\/binny-bolanarede.b-cdn.net\/wp-content\/uploads\/2026\/01\/Estadio-Oriental7-225x300.jpeg.webp 225w, https:\/\/binny-bolanarede.b-cdn.net\/wp-content\/uploads\/2026\/01\/Estadio-Oriental7-1152x1536.jpeg.webp 1152w, https:\/\/binny-bolanarede.b-cdn.net\/wp-content\/uploads\/2026\/01\/Estadio-Oriental7-150x200.jpeg.webp 150w, https:\/\/binny-bolanarede.b-cdn.net\/wp-content\/uploads\/2026\/01\/Estadio-Oriental7-300x400.jpeg.webp 300w, https:\/\/binny-bolanarede.b-cdn.net\/wp-content\/uploads\/2026\/01\/Estadio-Oriental7-696x928.jpeg.webp 696w, https:\/\/binny-bolanarede.b-cdn.net\/wp-content\/uploads\/2026\/01\/Estadio-Oriental7-1068x1424.jpeg.webp 1068w, https:\/\/binny-bolanarede.b-cdn.net\/wp-content\/uploads\/2026\/01\/Estadio-Oriental7.jpeg.webp 1440w\"\/>Fonte: X<\/p>\n","protected":false},"excerpt":{"rendered":"&#8211; Advertisement &#8211; Na noite de ter\u00e7a-feira, os Est\u00e1dios da UD Leiria e do Oriental foram parcialmente destru\u00eddos&hellip;\n","protected":false},"author":2,"featured_media":249140,"comment_status":"","ping_status":"","sticky":false,"template":"","format":"standard","meta":{"footnotes":""},"categories":[87],"tags":[260,135,478,46726,32,33,134,46727],"class_list":{"0":"post-249139","1":"post","2":"type-post","3":"status-publish","4":"format-standard","5":"has-post-thumbnail","7":"category-desporto","8":"tag-atualidade","9":"tag-desporto","10":"tag-destaques-bnr","11":"tag-oriental","12":"tag-portugal","13":"tag-pt","14":"tag-sports","15":"tag-ud-leiria"},"share_on_mastodon":{"url":"https:\/\/pubeurope.com\/@pt\/115978736903096886","error":""},"_links":{"self":[{"href":"https:\/\/www.europesays.com\/pt\/wp-json\/wp\/v2\/posts\/249139","targetHints":{"allow":["GET"]}}],"collection":[{"href":"https:\/\/www.europesays.com\/pt\/wp-json\/wp\/v2\/posts"}],"about":[{"href":"https:\/\/www.europesays.com\/pt\/wp-json\/wp\/v2\/types\/post"}],"author":[{"embeddable":true,"href":"https:\/\/www.europesays.com\/pt\/wp-json\/wp\/v2\/users\/2"}],"replies":[{"embeddable":true,"href":"https:\/\/www.europesays.com\/pt\/wp-json\/wp\/v2\/comments?post=249139"}],"version-history":[{"count":0,"href":"https:\/\/www.europesays.com\/pt\/wp-json\/wp\/v2\/posts\/249139\/revisions"}],"wp:featuredmedia":[{"embeddable":true,"href":"https:\/\/www.europesays.com\/pt\/wp-json\/wp\/v2\/media\/249140"}],"wp:attachment":[{"href":"https:\/\/www.europesays.com\/pt\/wp-json\/wp\/v2\/media?parent=249139"}],"wp:term":[{"taxonomy":"category","embeddable":true,"href":"https:\/\/www.europesays.com\/pt\/wp-json\/wp\/v2\/categories?post=249139"},{"taxonomy":"post_tag","embeddable":true,"href":"https:\/\/www.europesays.com\/pt\/wp-json\/wp\/v2\/tags?post=249139"}],"curies":[{"name":"wp","href":"https:\/\/api.w.org\/{rel}","templated":true}]}}