{"id":249150,"date":"2026-01-29T14:15:12","date_gmt":"2026-01-29T14:15:12","guid":{"rendered":"https:\/\/www.europesays.com\/pt\/249150\/"},"modified":"2026-01-29T14:15:12","modified_gmt":"2026-01-29T14:15:12","slug":"ex-primeira-dama-sul-coreana-condenada-a-20-meses-de-prisao-por-corrupcao-2","status":"publish","type":"post","link":"https:\/\/www.europesays.com\/pt\/249150\/","title":{"rendered":"Ex-primeira-dama sul-coreana condenada a 20 meses de pris\u00e3o por corrup\u00e7\u00e3o"},"content":{"rendered":"<p>\t                A acusa\u00e7\u00e3o tinha pedido 15 anos de pris\u00e3o para Kim por corrup\u00e7\u00e3o e fraude<\/p>\n<p>Um tribunal sul-coreano condenou a ex-primeira-dama do pa\u00eds Kim Keon-hee a 20 meses de pris\u00e3o por corrup\u00e7\u00e3o, ap\u00f3s a pris\u00e3o do marido por atos relacionados com a declara\u00e7\u00e3o da lei marcial em 2024.<\/p>\n<p>&#8220;A arguida \u00e9 condenada a um ano e oito meses de pris\u00e3o&#8221; por este primeiro crime, declarou o juiz Woo In-sung, do tribunal do distrito central de Seul.<\/p>\n<p>Kim Keon-hee foi, no entanto, absolvida das acusa\u00e7\u00f5es de manipula\u00e7\u00e3o do mercado de a\u00e7\u00f5es e viola\u00e7\u00e3o das leis de financiamento de campanhas eleitorais.<\/p>\n<p>A acusa\u00e7\u00e3o tinha pedido 15 anos de pris\u00e3o para Kim por corrup\u00e7\u00e3o e fraude.<\/p>\n<p>Os esc\u00e2ndalos em torno de Kim, de 53 anos, marcaram fortemente a presid\u00eancia do marido, o conservador Yoon Suk-yeol, destitu\u00eddo ap\u00f3s uma breve declara\u00e7\u00e3o de lei marcial no final de 2024, que aguarda na pris\u00e3o a conclus\u00e3o de v\u00e1rios julgamentos, um dos quais pode terminar com uma condena\u00e7\u00e3o \u00e0 morte.<\/p>\n<p>Kim Keon-hee, tamb\u00e9m detida, era acusada de manipula\u00e7\u00e3o do mercado acionista, interfer\u00eancia eleitoral, ter aceitado presentes luxuosos da Igreja da Unifica\u00e7\u00e3o, mais conhecida como seita Moon, e cerca de 170.000 euros em subornos de empres\u00e1rios e pol\u00edticos.<\/p>\n<p>Durante as alega\u00e7\u00f5es em dezembro, a acusa\u00e7\u00e3o afirmou que Kim se &#8220;colocou acima da lei&#8221;, que cometeu &#8220;abusos de poder&#8221; e que tinha colaborado com a seita, violando &#8220;o princ\u00edpio constitucional da separa\u00e7\u00e3o entre religi\u00e3o e Estado&#8221;.<\/p>\n<p>A ex-primeira-dama alegou inoc\u00eancia e considerou as acusa\u00e7\u00f5es &#8220;profundamente injustas&#8221;, embora tamb\u00e9m tenha pedido desculpa por &#8220;ter causado problemas, apesar de ser uma pessoa sem import\u00e2ncia&#8221;.<\/p>\n<p>&#8220;Quando reflito sobre o meu papel e as responsabilidades que me foram confiadas, parece-me \u00f3bvio que cometi muitos erros&#8221;, reconheceu no final do julgamento.<\/p>\n<p>Yoon Suk-yeol vetou tr\u00eas tentativas do Parlamento sul-coreano de abrir uma investiga\u00e7\u00e3o contra a esposa, a \u00faltima das quais em novembro de 2024, uma semana antes de decretar a lei marcial.<\/p>\n<p>O ep\u00edlogo do julgamento de Kim Keon-hee ocorre uma semana ap\u00f3s a condena\u00e7\u00e3o a 23 anos de pris\u00e3o, oito a mais do que o pedido pela acusa\u00e7\u00e3o, do ex-primeiro-ministro de Yoon, Han Duck-soo, por cumplicidade no caso da lei marcial.<\/p>\n<p>As investiga\u00e7\u00f5es relacionadas com Kim resultaram ainda na pris\u00e3o de Han Hak-ja, l\u00edder da Igreja da Unifica\u00e7\u00e3o, que afirma ter milh\u00f5es de seguidores em todo o mundo e possui um imenso imp\u00e9rio econ\u00f3mico.<\/p>\n","protected":false},"excerpt":{"rendered":"A acusa\u00e7\u00e3o tinha pedido 15 anos de pris\u00e3o para Kim por corrup\u00e7\u00e3o e fraude Um tribunal sul-coreano condenou&hellip;\n","protected":false},"author":2,"featured_media":249151,"comment_status":"","ping_status":"","sticky":false,"template":"","format":"standard","meta":{"footnotes":""},"categories":[50],"tags":[609,836,611,27,28,607,608,333,3092,4469,832,604,135,610,476,15,16,301,830,14,603,46728,25,26,570,21,22,831,833,62,834,12,13,19,20,835,602,52,32,23,24,17,18,29,30,31,63,64,65],"class_list":{"0":"post-249150","1":"post","2":"type-post","3":"status-publish","4":"format-standard","5":"has-post-thumbnail","7":"category-mundo","8":"tag-alerta","9":"tag-analise","10":"tag-ao-minuto","11":"tag-breaking-news","12":"tag-breakingnews","13":"tag-cnn","14":"tag-cnn-portugal","15":"tag-comentadores","16":"tag-coreia-do-sul","17":"tag-corrupcao","18":"tag-costa","19":"tag-crime","20":"tag-desporto","21":"tag-direto","22":"tag-economia","23":"tag-featured-news","24":"tag-featurednews","25":"tag-governo","26":"tag-guerra","27":"tag-headlines","28":"tag-justica","29":"tag-kim-keon-hee","30":"tag-latest-news","31":"tag-latestnews","32":"tag-live","33":"tag-main-news","34":"tag-mainnews","35":"tag-mais-vistas","36":"tag-marcelo","37":"tag-mundo","38":"tag-negocios","39":"tag-news","40":"tag-noticias","41":"tag-noticias-principais","42":"tag-noticiasprincipais","43":"tag-opiniao","44":"tag-pais","45":"tag-politica","46":"tag-portugal","47":"tag-principais-noticias","48":"tag-principaisnoticias","49":"tag-top-stories","50":"tag-topstories","51":"tag-ultimas","52":"tag-ultimas-noticias","53":"tag-ultimasnoticias","54":"tag-world","55":"tag-world-news","56":"tag-worldnews"},"share_on_mastodon":{"url":"","error":"Validation failed: Text character limit of 500 exceeded"},"_links":{"self":[{"href":"https:\/\/www.europesays.com\/pt\/wp-json\/wp\/v2\/posts\/249150","targetHints":{"allow":["GET"]}}],"collection":[{"href":"https:\/\/www.europesays.com\/pt\/wp-json\/wp\/v2\/posts"}],"about":[{"href":"https:\/\/www.europesays.com\/pt\/wp-json\/wp\/v2\/types\/post"}],"author":[{"embeddable":true,"href":"https:\/\/www.europesays.com\/pt\/wp-json\/wp\/v2\/users\/2"}],"replies":[{"embeddable":true,"href":"https:\/\/www.europesays.com\/pt\/wp-json\/wp\/v2\/comments?post=249150"}],"version-history":[{"count":0,"href":"https:\/\/www.europesays.com\/pt\/wp-json\/wp\/v2\/posts\/249150\/revisions"}],"wp:featuredmedia":[{"embeddable":true,"href":"https:\/\/www.europesays.com\/pt\/wp-json\/wp\/v2\/media\/249151"}],"wp:attachment":[{"href":"https:\/\/www.europesays.com\/pt\/wp-json\/wp\/v2\/media?parent=249150"}],"wp:term":[{"taxonomy":"category","embeddable":true,"href":"https:\/\/www.europesays.com\/pt\/wp-json\/wp\/v2\/categories?post=249150"},{"taxonomy":"post_tag","embeddable":true,"href":"https:\/\/www.europesays.com\/pt\/wp-json\/wp\/v2\/tags?post=249150"}],"curies":[{"name":"wp","href":"https:\/\/api.w.org\/{rel}","templated":true}]}}