{"id":249213,"date":"2026-01-29T15:46:10","date_gmt":"2026-01-29T15:46:10","guid":{"rendered":"https:\/\/www.europesays.com\/pt\/249213\/"},"modified":"2026-01-29T15:46:10","modified_gmt":"2026-01-29T15:46:10","slug":"esta-no-repeat-por-aqui","status":"publish","type":"post","link":"https:\/\/www.europesays.com\/pt\/249213\/","title":{"rendered":"\u201cEst\u00e1 no repeat por aqui\u201d"},"content":{"rendered":"<p>Foi aben\u00e7oada pela rainha: <a href=\"https:\/\/papelpop.com\/tudo-sobre\/madonna\" rel=\"nofollow noopener\" target=\"_blank\">Madonna<\/a> usou as redes sociais, na noite da \u00faltima ter\u00e7a-feira (27), para exaltar e aben\u00e7oar a nova era musical do brit\u00e2nico <a href=\"https:\/\/papelpop.com\/tudo-sobre\/harry-styles\" rel=\"nofollow noopener\" target=\"_blank\">Harry Styles<\/a>.<\/p>\n<p>\u201cAmei sua nova m\u00fasica, HS. Est\u00e1 no repeat por aqui\u201d, escreveu a rainha do pop sobre a faixa \u201cAperture\u201d, que abriu caminhos para o quarto disco de est\u00fadio do cantor ex-<a href=\"https:\/\/papelpop.com\/tudo-sobre\/one-direction\" rel=\"nofollow noopener\" target=\"_blank\">One Direction<\/a>.<\/p>\n<p>A superestrela, que comemorou 40 anos de turn\u00ea em 2024 e prepara um disco in\u00e9dito para este ano, segue antenada no que os novos \u00eddolos est\u00e3o fazendo: \u00e0 \u00e9poca do lan\u00e7amento do \u201c<a href=\"https:\/\/papelpop.com\/tudo-sobre\/lux\" rel=\"nofollow noopener\" target=\"_blank\">LUX<\/a>\u201d, da espanhola <a href=\"https:\/\/papelpop.com\/tudo-sobre\/rosalia\" rel=\"nofollow noopener\" target=\"_blank\">Rosal\u00eda<\/a>, Madame X tamb\u00e9m foi \u00e0s redes sociais celebrar a artista.<\/p>\n<p>Vale lembrar que Harry Styles j\u00e1 anunciou e est\u00e1 vendendo 4 shows em S\u00e3o Paulo, do disco \u201cKISS ALL THE TIME. DISCO, OCCASIONALLY\u201d, que chega em 6 de mar\u00e7o \u00e0s plataformas de \u00e1udio.<\/p>\n<p><strong>OU\u00c7A E VEJA CLIPE:<\/strong><\/p>\n","protected":false},"excerpt":{"rendered":"Foi aben\u00e7oada pela rainha: Madonna usou as redes sociais, na noite da \u00faltima ter\u00e7a-feira (27), para exaltar e&hellip;\n","protected":false},"author":2,"featured_media":249214,"comment_status":"","ping_status":"","sticky":false,"template":"","format":"standard","meta":{"footnotes":""},"categories":[141],"tags":[114,115,149,150,32,33],"class_list":{"0":"post-249213","1":"post","2":"type-post","3":"status-publish","4":"format-standard","5":"has-post-thumbnail","7":"category-musica","8":"tag-entertainment","9":"tag-entretenimento","10":"tag-music","11":"tag-musica","12":"tag-portugal","13":"tag-pt"},"share_on_mastodon":{"url":"https:\/\/pubeurope.com\/@pt\/115979169477013326","error":""},"_links":{"self":[{"href":"https:\/\/www.europesays.com\/pt\/wp-json\/wp\/v2\/posts\/249213","targetHints":{"allow":["GET"]}}],"collection":[{"href":"https:\/\/www.europesays.com\/pt\/wp-json\/wp\/v2\/posts"}],"about":[{"href":"https:\/\/www.europesays.com\/pt\/wp-json\/wp\/v2\/types\/post"}],"author":[{"embeddable":true,"href":"https:\/\/www.europesays.com\/pt\/wp-json\/wp\/v2\/users\/2"}],"replies":[{"embeddable":true,"href":"https:\/\/www.europesays.com\/pt\/wp-json\/wp\/v2\/comments?post=249213"}],"version-history":[{"count":0,"href":"https:\/\/www.europesays.com\/pt\/wp-json\/wp\/v2\/posts\/249213\/revisions"}],"wp:featuredmedia":[{"embeddable":true,"href":"https:\/\/www.europesays.com\/pt\/wp-json\/wp\/v2\/media\/249214"}],"wp:attachment":[{"href":"https:\/\/www.europesays.com\/pt\/wp-json\/wp\/v2\/media?parent=249213"}],"wp:term":[{"taxonomy":"category","embeddable":true,"href":"https:\/\/www.europesays.com\/pt\/wp-json\/wp\/v2\/categories?post=249213"},{"taxonomy":"post_tag","embeddable":true,"href":"https:\/\/www.europesays.com\/pt\/wp-json\/wp\/v2\/tags?post=249213"}],"curies":[{"name":"wp","href":"https:\/\/api.w.org\/{rel}","templated":true}]}}